{"id":58676,"date":"2026-03-17T16:00:24","date_gmt":"2026-03-17T19:00:24","guid":{"rendered":"https:\/\/guialimeira.com.br\/?p=58676"},"modified":"2026-03-17T16:00:24","modified_gmt":"2026-03-17T19:00:24","slug":"pelotao-ambiental-apura-possivel-retirada-irregular-de-peixes-do-lago-uniao-de-cordeiropolis-prefeitura-municipal-de-cordeiropolis","status":"publish","type":"post","link":"https:\/\/guialimeira.com.br\/news\/pelotao-ambiental-apura-possivel-retirada-irregular-de-peixes-do-lago-uniao-de-cordeiropolis-prefeitura-municipal-de-cordeiropolis\/","title":{"rendered":"Pelot\u00e3o Ambiental apura poss\u00edvel retirada irregular de peixes do Lago Uni\u00e3o de Cordeir\u00f3polis \u2013 Prefeitura Municipal de Cordeir\u00f3polis"},"content":{"rendered":"<p> <br \/>\n<\/p>\n<div>\n<p>A Guarda Civil Municipal (GCM) de Cordeir\u00f3polis, por meio do Pelot\u00e3o Ambiental, registrou um Boletim de Ocorr\u00eancia na Pol\u00edcia Civil para apurar a poss\u00edvel retirada irregular de peixes do Lago Uni\u00e3o. Imagens nas redes sociais levantaram a suspeita, j\u00e1 que mostram dois indiv\u00edduos, n\u00e3o identificados, que fazem refer\u00eancia \u00e0 retirada de esp\u00e9cies do lago.<\/p>\n<p>Nas imagens divulgadas, um dos indiv\u00edduos aparece segurando peixes de grande porte. Outra publica\u00e7\u00e3o indica que a a\u00e7\u00e3o teria ocorrido durante o per\u00edodo noturno. Segundo informa\u00e7\u00f5es preliminares, um dos peixes mencionados pertence a uma esp\u00e9cie cuja retirada do lago \u00e9 proibida. Nesses casos, a orienta\u00e7\u00e3o \u00e9 de que o peixe seja devolvido ao lago quando pescado.<\/p>\n<p>Paralelamente \u00e0 investiga\u00e7\u00e3o da Pol\u00edcia Civil, o Pelot\u00e3o Ambiental seguir\u00e1 com dilig\u00eancias para identificar os envolvidos e esclarecer completamente os fatos. \u201cEsse tipo de a\u00e7\u00e3o pode configurar crime ambiental. A popula\u00e7\u00e3o pode colaborar nas investiga\u00e7\u00f5es denunciando qualquer situa\u00e7\u00e3o irregular\u201d, afirma o secret\u00e1rio de Seguran\u00e7a P\u00fablica e Tr\u00e2nsito, Amarildo Zorzo.<\/p>\n<\/p><\/div>\n<p><br \/>\n<br \/><a href=\"https:\/\/www.cordeiropolis.sp.gov.br\/pelotao-ambiental-apura-possivel-retirada-irregular-de-peixes-do-lago-uniao-de-cordeiropolis\/\" rel=\"noopener\">Informa\u00e7\u00f5es Cordeir\u00f3polis <\/a><\/p>\n","protected":false},"excerpt":{"rendered":"<p>A Guarda Civil Municipal (GCM) de Cordeir\u00f3polis, por meio do Pelot\u00e3o Ambiental, registrou um Boletim de Ocorr\u00eancia na Pol\u00edcia Civil para apurar a poss\u00edvel retirada irregular de peixes do Lago Uni\u00e3o. Imagens nas redes sociais levantaram a suspeita, j\u00e1 que mostram dois indiv\u00edduos, n\u00e3o identificados, que fazem refer\u00eancia \u00e0 retirada de esp\u00e9cies do lago. Nas [&hellip;]<\/p>\n","protected":false},"author":1,"featured_media":0,"comment_status":"closed","ping_status":"open","sticky":false,"template":"","format":"standard","meta":{"_jetpack_newsletter_access":"","_jetpack_dont_email_post_to_subs":false,"_jetpack_newsletter_tier_id":0,"_jetpack_memberships_contains_paywalled_content":false,"_mbp_banners":[],"_jetpack_feature_clip_id":0,"_jetpack_memberships_contains_paid_content":false,"footnotes":"","jetpack_publicize_message":"","jetpack_publicize_feature_enabled":true,"jetpack_social_post_already_shared":true,"jetpack_social_options":{"image_generator_settings":{"template":"highway","default_image_id":0,"font":"","enabled":false},"version":2},"jetpack_post_was_ever_published":false},"categories":[20],"tags":[],"class_list":["post-58676","post","type-post","status-publish","format-standard","category-regiao"],"jetpack_publicize_connections":[],"jetpack-related-posts":[],"jetpack_shortlink":"https:\/\/wp.me\/p7Eq1F-fgo","jetpack_sharing_enabled":true,"jetpack_featured_media_url":"","_links":{"self":[{"href":"https:\/\/guialimeira.com.br\/news\/wp-json\/wp\/v2\/posts\/58676","targetHints":{"allow":["GET"]}}],"collection":[{"href":"https:\/\/guialimeira.com.br\/news\/wp-json\/wp\/v2\/posts"}],"about":[{"href":"https:\/\/guialimeira.com.br\/news\/wp-json\/wp\/v2\/types\/post"}],"author":[{"embeddable":true,"href":"https:\/\/guialimeira.com.br\/news\/wp-json\/wp\/v2\/users\/1"}],"replies":[{"embeddable":true,"href":"https:\/\/guialimeira.com.br\/news\/wp-json\/wp\/v2\/comments?post=58676"}],"version-history":[{"count":1,"href":"https:\/\/guialimeira.com.br\/news\/wp-json\/wp\/v2\/posts\/58676\/revisions"}],"predecessor-version":[{"id":58677,"href":"https:\/\/guialimeira.com.br\/news\/wp-json\/wp\/v2\/posts\/58676\/revisions\/58677"}],"wp:attachment":[{"href":"https:\/\/guialimeira.com.br\/news\/wp-json\/wp\/v2\/media?parent=58676"}],"wp:term":[{"taxonomy":"category","embeddable":true,"href":"https:\/\/guialimeira.com.br\/news\/wp-json\/wp\/v2\/categories?post=58676"},{"taxonomy":"post_tag","embeddable":true,"href":"https:\/\/guialimeira.com.br\/news\/wp-json\/wp\/v2\/tags?post=58676"}],"curies":[{"name":"wp","href":"https:\/\/api.w.org\/{rel}","templated":true}]}}