{"id":5864,"date":"2024-05-21T19:55:46","date_gmt":"2024-05-21T22:55:46","guid":{"rendered":"https:\/\/guialimeira.com.br\/2024\/05\/21\/expo-alegria-brutos-lanca-novidades-no-setor-de-semijoias-e-impulsiona-comercio-local\/"},"modified":"2024-05-21T19:55:46","modified_gmt":"2024-05-21T22:55:46","slug":"expo-alegria-brutos-lanca-novidades-no-setor-de-semijoias-e-impulsiona-comercio-local","status":"publish","type":"post","link":"https:\/\/guialimeira.com.br\/news\/expo-alegria-brutos-lanca-novidades-no-setor-de-semijoias-e-impulsiona-comercio-local\/","title":{"rendered":"Expo Alegria Brutos lan\u00e7a novidades no setor de semijoias e impulsiona com\u00e9rcio local"},"content":{"rendered":"<p> <br \/>\n<\/p>\n<div>\n            <main class=\"\">&#13;<br \/>\n                &#13;<br \/>\n&#13;<br \/>\n&#13;<br \/>\n&#13;<br \/>\n    <img data-recalc-dims=\"1\" decoding=\"async\" src=\"https:\/\/i0.wp.com\/ecrie.com.br\/sistema\/conteudos\/imagem\/m_137_0_1_21052024162017.jpg?w=696&#038;ssl=1\" alt=\"Expo Alegria Brutos lan\u00e7a novidades no setor de semijoias e impulsiona com\u00e9rcio local\"\/>&#13;<br \/>\n&#13;<\/p>\n<p>Impulsionar as vendas de semijoias em estado bruto (antes do banho final de acabamento) e dar visibilidade ao setor. Essa \u00e9 a proposta da Expo Alegria Brutos 2024, que re\u00fane fabricantes da regi\u00e3o conhecida como Rua da Alegria, no Jd. Boa Vista. O prefeito Mario Botion e a vice-prefeita Erika Tank participam na manh\u00e3 desta ter\u00e7a-feira (21) da abertura do evento, que segue at\u00e9 quinta-feira (23). Os secret\u00e1rios Tito Almirall (Desenvolvimento, Turismo e Inova\u00e7\u00e3o) e S\u00e9rgio Moreira (Comunica\u00e7\u00e3o Social) e o diretor do Senai Limeira, M\u00e1rio Eduardo Caz\u00e3o, tamb\u00e9m acompanharam a abertura.<\/p>\n<p>&#13;<\/p>\n<p>Erika Tank parabenizou a realiza\u00e7\u00e3o do evento, que j\u00e1 est\u00e1 em sua terceira edi\u00e7\u00e3o, para apresentar as novidades do mercado. \u201cDevemos ter um olhar especial \u00e0s atividades empreendedoras, que desenvolvem a economia local\u201d, salientou. A vice-prefeita falou ainda sobre a import\u00e2ncia do segmento em rela\u00e7\u00e3o \u00e0 gera\u00e7\u00e3o de renda. \u201cO setor de semijoias garante emprego a muitas mulheres do nosso munic\u00edpio, oferecendo independ\u00eancia financeira e protagonismo\u201d, enfatizou.<\/p>\n<p>&#13;<\/p>\n<p>Idealizador da Expo Alegria, Vin\u00edcius Queir\u00f3s informou que a iniciativa conta com 36 fabricantes\/expositores e que a expectativa \u00e9 movimentar em torno de R$ 600 mil. \u201cQueremos mostrar todo o potencial das empresas que atuam na regi\u00e3o, formada pela ruas Beatriz Bragotto Dermond, Marques Guilherme Marcone e Roma Pizzoli Battiston\u201d, citou. Ele tamb\u00e9m ressaltou que a produ\u00e7\u00e3o de semijoias impulsiona a circula\u00e7\u00e3o de renda e fortalece a economia. \u201cQueremos fazer jus ao t\u00edtulo de \u201cCapital Nacional da Joia Folheada\u201d, disse. O t\u00edtulo foi uma conquista do deputado federal Miguel Lombardi, autor da lei aprovada pelo Congresso.<\/p>\n<p>&#13;<\/p>\n<p>Botion mencionou que iniciativas de fomento ao com\u00e9rcio s\u00e3o sempre muito \u201cbem-vindas\u201d e que atitudes de persist\u00eancia e perseveran\u00e7a devem sempre acompanhar os empreendedores. Al\u00e9m dos aspectos econ\u00f4micos e do \u201csucesso\u201d da Expo Alegria, ele observou as a\u00e7\u00f5es da prefeitura em melhorias vi\u00e1rias na regi\u00e3o.<\/p>\n<p>&#13;<\/p>\n<p>Com investimento de R$\u00a02,4 milh\u00f5es, a Administra\u00e7\u00e3o Municipal iniciou no ano passado a\u00a0constru\u00e7\u00e3o do\u00a0acesso \u00e0 Rua General Rondon, no cruzamento com a Manoel de Queir\u00f3s, na Vila Labak. \u201cEssa interven\u00e7\u00e3o ir\u00e1 facilitar o acesso ao Jd. Boa Vista\u201d, disse. \u201cO trevo ser\u00e1 totalmente remodelado e modernizado para atender melhor a esse segmento t\u00e3o importante da Rua da Alegria\u201d, comentou o prefeito.<\/p>\n<p>&#13;<\/p>\n<p>\u00a0<\/p>\n<p>&#13;<\/p>\n<p>\u00a0<\/p>\n<p>&#13;<br \/>\n&#13;<br \/>\n&#13;<br \/>\n&#13;<\/p>\n<aside class=\"list-related no-print\">&#13;<br \/>\n        &#13;<br \/>\n&#13;<\/p>\n<article class=\"list-item noticias \">&#13;<br \/>\n                    <a class=\"list-item__img\" href=\"https:\/\/limeira.sp.gov.br\/imprensa\/noticias\/desenvolvimento-turismo-e-inovacao\/com-pipoca-e-refrigerante-limeira-recebe-cinema-itinerante\" tabindex=\"-1\" aria-hidden=\"true\" rel=\"noopener\">&#13;<br \/>\n                        <img data-recalc-dims=\"1\" decoding=\"async\" src=\"https:\/\/i0.wp.com\/ecrie.com.br\/sistema\/conteudos\/imagem\/m_137_0_1_21052024175103.jpg?w=696&#038;ssl=1\" alt=\"Com pipoca e refrigerante, Limeira recebe cinema itinerante\"\/>&#13;<br \/>\n                    <\/a>&#13;<br \/>\n&#13;<br \/>\n                &#13;<br \/>\n            <\/article>\n<p>&#13;<\/p>\n<article class=\"list-item noticias \">&#13;<br \/>\n                    <a class=\"list-item__img\" href=\"https:\/\/limeira.sp.gov.br\/imprensa\/noticias\/desenvolvimento-turismo-e-inovacao\/univesp-divulga-locais-de-prova-para-o-vestibular-2024\" tabindex=\"-1\" aria-hidden=\"true\" rel=\"noopener\">&#13;<br \/>\n                        <img data-recalc-dims=\"1\" decoding=\"async\" src=\"https:\/\/i0.wp.com\/ecrie.com.br\/sistema\/conteudos\/imagem\/m_137_0_1_01042024144011.jpg?w=696&#038;ssl=1\" alt=\"Univesp divulga locais de prova para o Vestibular 2024\"\/>&#13;<br \/>\n                    <\/a>&#13;<br \/>\n&#13;<br \/>\n                &#13;<br \/>\n            <\/article>\n<p>&#13;<\/p>\n<article class=\"list-item noticias \">&#13;<br \/>\n                    <a class=\"list-item__img\" href=\"https:\/\/limeira.sp.gov.br\/imprensa\/noticias\/gabinete-do-prefeito\/comerciante-geraldo-rosada-morre-aos-80-anos\" tabindex=\"-1\" aria-hidden=\"true\" rel=\"noopener\">&#13;<br \/>\n                        <img data-recalc-dims=\"1\" decoding=\"async\" src=\"https:\/\/i0.wp.com\/ecrie.com.br\/sistema\/conteudos\/imagem\/m_137_0_1_20052024144627.jpg?w=696&#038;ssl=1\" alt=\"Comerciante Geraldo Rosada morre aos 80 anos\"\/>&#13;<br \/>\n                    <\/a>&#13;<br \/>\n&#13;<br \/>\n                &#13;<br \/>\n            <\/article>\n<p>&#13;<br \/>\n    <\/aside>\n<p>&#13;<br \/>\n&#13;<br \/>\n            <\/main><\/p><\/div>\n<p><br \/>\n<br \/><a href=\"https:\/\/limeira.sp.gov.br\/expo-alegria-brutos-lanca-novidades-no-setor-de-semijoias-e-impulsiona-comercio-local\" rel=\"noopener\">Informa\u00e7\u00f5es da PML <\/a><\/p>\n","protected":false},"excerpt":{"rendered":"<p>&#13; &#13; &#13; &#13; &#13; &#13; &#13; Impulsionar as vendas de semijoias em estado bruto (antes do banho final de acabamento) e dar visibilidade ao setor. Essa \u00e9 a proposta da Expo Alegria Brutos 2024, que re\u00fane fabricantes da regi\u00e3o conhecida como Rua da Alegria, no Jd. Boa Vista. O prefeito Mario Botion e a [&hellip;]<\/p>\n","protected":false},"author":1,"featured_media":5865,"comment_status":"open","ping_status":"open","sticky":false,"template":"","format":"standard","meta":{"_jetpack_newsletter_access":"","_jetpack_dont_email_post_to_subs":false,"_jetpack_newsletter_tier_id":0,"_jetpack_memberships_contains_paywalled_content":false,"_mbp_banners":[],"_jetpack_feature_clip_id":0,"_jetpack_memberships_contains_paid_content":false,"footnotes":"","jetpack_publicize_message":"","jetpack_publicize_feature_enabled":true,"jetpack_social_post_already_shared":true,"jetpack_social_options":{"image_generator_settings":{"template":"highway","default_image_id":0,"font":"","enabled":false},"version":2},"jetpack_post_was_ever_published":false},"categories":[16],"tags":[],"class_list":["post-5864","post","type-post","status-publish","format-standard","has-post-thumbnail","category-local"],"jetpack_publicize_connections":[],"jetpack-related-posts":[],"jetpack_shortlink":"https:\/\/wp.me\/p7Eq1F-1wA","jetpack_sharing_enabled":true,"jetpack_featured_media_url":"https:\/\/i0.wp.com\/guialimeira.com.br\/news\/wp-content\/uploads\/2024\/05\/m_137_0_1_21052024162017.jpg?fit=1280%2C852&ssl=1","_links":{"self":[{"href":"https:\/\/guialimeira.com.br\/news\/wp-json\/wp\/v2\/posts\/5864","targetHints":{"allow":["GET"]}}],"collection":[{"href":"https:\/\/guialimeira.com.br\/news\/wp-json\/wp\/v2\/posts"}],"about":[{"href":"https:\/\/guialimeira.com.br\/news\/wp-json\/wp\/v2\/types\/post"}],"author":[{"embeddable":true,"href":"https:\/\/guialimeira.com.br\/news\/wp-json\/wp\/v2\/users\/1"}],"replies":[{"embeddable":true,"href":"https:\/\/guialimeira.com.br\/news\/wp-json\/wp\/v2\/comments?post=5864"}],"version-history":[{"count":0,"href":"https:\/\/guialimeira.com.br\/news\/wp-json\/wp\/v2\/posts\/5864\/revisions"}],"wp:featuredmedia":[{"embeddable":true,"href":"https:\/\/guialimeira.com.br\/news\/wp-json\/wp\/v2\/media\/5865"}],"wp:attachment":[{"href":"https:\/\/guialimeira.com.br\/news\/wp-json\/wp\/v2\/media?parent=5864"}],"wp:term":[{"taxonomy":"category","embeddable":true,"href":"https:\/\/guialimeira.com.br\/news\/wp-json\/wp\/v2\/categories?post=5864"},{"taxonomy":"post_tag","embeddable":true,"href":"https:\/\/guialimeira.com.br\/news\/wp-json\/wp\/v2\/tags?post=5864"}],"curies":[{"name":"wp","href":"https:\/\/api.w.org\/{rel}","templated":true}]}}