{"id":5845,"date":"2024-05-21T18:42:45","date_gmt":"2024-05-21T21:42:45","guid":{"rendered":"https:\/\/guialimeira.com.br\/2024\/05\/21\/brasileiras-garantem-cinco-podios-2-de-ouro-no-mundial-paralimpico\/"},"modified":"2024-05-21T18:42:45","modified_gmt":"2024-05-21T21:42:45","slug":"brasileiras-garantem-cinco-podios-2-de-ouro-no-mundial-paralimpico","status":"publish","type":"post","link":"https:\/\/guialimeira.com.br\/news\/brasileiras-garantem-cinco-podios-2-de-ouro-no-mundial-paralimpico\/","title":{"rendered":"Brasileiras garantem cinco p\u00f3dios, 2 de ouro, no Mundial Paral\u00edmpico"},"content":{"rendered":"<p> <br \/>\n<\/p>\n<div>\n<p>As brasileiras dominaram o p\u00f3dio nesta ter\u00e7a-feira (21), quinto dia do Mundial de Atletismo Paral\u00edmpico, em Kobe (Jap\u00e3o). Teve dobradinha do pa\u00eds na prova dos 100 metros da classe T11 (defici\u00eancia visual), com tricampeonato da acreana Jerusa Geber e bronze da paranaense Lorena Spoladore. O segundo ouro do dia, com direito a recorde mundial, foi da baiana Raissa Machado, no lan\u00e7amento de dardo F56 (atletas que competem sentados). Outro p\u00f3dio duplo do Brasil foi nos 400m T12 (defici\u00eancia visual), com prata da capixaba Lorraine Aguiar e bronze da rondoniense Ketyla Teodoro.<img data-recalc-dims=\"1\" decoding=\"async\" src=\"https:\/\/i0.wp.com\/agenciabrasil.ebc.com.br\/ebc.png?w=696&#038;ssl=1\" style=\"width:1px; height:1px; display:inline;\"\/><img data-recalc-dims=\"1\" decoding=\"async\" src=\"https:\/\/i0.wp.com\/agenciabrasil.ebc.com.br\/ebc.gif?w=696&#038;ssl=1\" style=\"width:1px; height:1px; display:inline;\"\/><\/p>\n<blockquote class=\"twitter-tweet\">\n<p dir=\"ltr\" lang=\"pt\" xml:lang=\"pt\">2 dobradinhas brasileiras e 5 p\u00f3dios femininos marcaram nossa ter\u00e7a-feira no Mundial de atletismo <a href=\"https:\/\/twitter.com\/hashtag\/Kobe2024?src=hash&amp;ref_src=twsrc%5Etfw\" rel=\"noopener\">#Kobe2024<\/a>! \ud83e\udd47\ud83e\udd47\ud83e\udd48\ud83e\udd49\ud83e\udd49<\/p>\n<p>Em 5 dias, igualamos o n\u00famero de medalhas de ouro conquistadas no Mundial de 2023, em Paris. \ud83d\ude31 Valeu, Brasil! \ud83c\udde7\ud83c\uddf7 A torcida t\u00e1 dando certo. \ud83d\ude09\u2026 <a href=\"https:\/\/t.co\/8YGRRtwea5\">pic.twitter.com\/8YGRRtwea5<\/a><\/p>\n<p>\u2014 Comit\u00ea Paral\u00edmpico Brasileiro (@BraParalimpico) <a href=\"https:\/\/twitter.com\/BraParalimpico\/status\/1792906000611119203?ref_src=twsrc%5Etfw\" rel=\"noopener\">May 21, 2024<\/a><\/p><\/blockquote>\n<p>Nascida em Rio Branco (AC), Jerusa Jeber venceu nos 100m ap\u00f3s arrancar nos \u00faltimos cinco metros, quando ultrapassou a l\u00edder da prova, a chinesa Cuiqing Liu. A brasileira cruzou a linha de chegada em 11s93, deixando a chinesa com a prata (12s00) e a compatriota Lorena com o bronze (12s26).<\/p>\n<blockquote>\n<p>\u201cOs 100 metros \u00e9 a prova mais emocionante que tem na competi\u00e7\u00e3o. \u00c9 a mais r\u00e1pida do mundo. A minha largada n\u00e3o \u00e9 das melhores, mas durante a corrida a gente conseguiu recuperar. Minha m\u00e3e e meu esposo est\u00e3o na arquibancada. Isso me motivou ainda mais. \u00c9 a minha 10\u00aa medalha em Mundiais e meu tricampeonato. Mais uma medalha para a nossa cole\u00e7\u00e3o. N\u00e3o tenho palavras para explicar a emo\u00e7\u00e3o. Obrigada pela torcida de todos\u201d, comemorou Jerusa, em depoimento ao Comit\u00ea Paral\u00edmpico Brasileiro (CPB).<\/p>\n<\/blockquote>\n<blockquote class=\"twitter-tweet\">\n<p dir=\"ltr\" lang=\"pt\" xml:lang=\"pt\">A Jerusa Geber n\u00e3o s\u00f3 conquistou mais um ouro hoje em <a href=\"https:\/\/twitter.com\/hashtag\/Kobe2024?src=hash&amp;ref_src=twsrc%5Etfw\" rel=\"noopener\">#Kobe2024<\/a>, mas sua 10\u00aa medalha em Mundiais! \ud83d\ude31\ud83e\udd47<\/p>\n<p>Campe\u00e3 \u00e9 campe\u00e3, n\u00e3o tem jeito. \ud83d\ude0d\ud83c\udfc6 Estaremos juntos em busca de cada vez mais p\u00f3dios para o Brasil! \ud83c\udde7\ud83c\uddf7<a href=\"https:\/\/twitter.com\/hashtag\/MundialDeAtletismo?src=hash&amp;ref_src=twsrc%5Etfw\" rel=\"noopener\">#MundialDeAtletismo<\/a> <a href=\"https:\/\/twitter.com\/hashtag\/BrasilParalimpico?src=hash&amp;ref_src=twsrc%5Etfw\" rel=\"noopener\">#BrasilParalimpico<\/a> <a href=\"https:\/\/t.co\/psjhehXZqO\">pic.twitter.com\/psjhehXZqO<\/a><\/p>\n<p>\u2014 Comit\u00ea Paral\u00edmpico Brasileiro (@BraParalimpico) <a href=\"https:\/\/twitter.com\/BraParalimpico\/status\/1792979922903847257?ref_src=twsrc%5Etfw\" rel=\"noopener\">May 21, 2024<\/a><\/p><\/blockquote>\n<p>A ter\u00e7a (21) tamb\u00e9m foi dourada para a Raissa Machado, vice-campe\u00e3 nos Jogos de T\u00f3quio, que faturou seu primeiro t\u00edtulo mundial no lan\u00e7amento de dardo F56 ao alcan\u00e7ar a marca de 24m22, estabelecendo novo recorde na competi\u00e7\u00e3o. O anterior pertencia \u00e0 iraquiana Hashemiyeh Moavi, atual campe\u00e3 paral\u00edmpica. Em Kobe, Moavi ((22,74m) foi prata e o bronze ficou com a chinesa Lin Sitong (22,68m).<\/p>\n<blockquote>\n<p>\u201cEstava sempre batendo na trave. Precisava muito dessa medalha. Eu fiz uma marca boa. H\u00e1 tempos, buscava superar os 24m novamente, porque, infelizmente, passei por um per\u00edodo que n\u00e3o foi t\u00e3o f\u00e1cil. Todo atleta passa por isso, por uma estagna\u00e7\u00e3o, mas agora espero s\u00f3 evoluir. A medalha de ouro me d\u00e1 uma tranquilidade. Era um dos crit\u00e9rios para ir aos Jogos de Paris e espero melhorar meu desempenho l\u00e1\u201d, projetou a lan\u00e7adora de 28 anos, nascida na pequena Ibipeba (BA).<\/p>\n<\/blockquote>\n<blockquote class=\"twitter-tweet\">\n<p dir=\"ltr\" lang=\"pt\" xml:lang=\"pt\">CAMPE\u00c3 MUNDIAL DO BABADO! \ud83e\udd47<\/p>\n<p>Raissa Machado conquistou sua 1\u00aa medalha de ouro em Mundiais, no lan\u00e7amento de dardo F56, e ainda foi recorde da competi\u00e7\u00e3o com 24m22.<\/p>\n<p>Se no v\u00eddeo n\u00e3o ficou claro que ela \u00e9 do babado, provamos que ela \u00e9 DO BRASIL! \ud83c\udde7\ud83c\uddf7<a href=\"https:\/\/twitter.com\/hashtag\/MundialDeAtletismo?src=hash&amp;ref_src=twsrc%5Etfw\" rel=\"noopener\">#MundialDeAtletismo<\/a> <a href=\"https:\/\/twitter.com\/hashtag\/Kobe2024?src=hash&amp;ref_src=twsrc%5Etfw\" rel=\"noopener\">#Kobe2024<\/a> <a href=\"https:\/\/t.co\/0br02w6Ed8\">pic.twitter.com\/0br02w6Ed8<\/a><\/p>\n<p>\u2014 Comit\u00ea Paral\u00edmpico Brasileiro (@BraParalimpico) <a href=\"https:\/\/twitter.com\/BraParalimpico\/status\/1793009061618700596?ref_src=twsrc%5Etfw\" rel=\"noopener\">May 21, 2024<\/a><\/p><\/blockquote>\n<p>Na segunda dobradinha brasileira em Kobe, a capixaba Lorraine Aguiar conquistou a prata, sua primeira medalha em Mundiais, ao completar os 400m T12 em 58s26. \u00a0O bronze ficou com a rondoniense Ketyla Teodoro (1min00s21). A vencedora da prova foi a iraniana Hajar Safarzadeh Ghahderijani (57s56).<\/p>\n<p>O Mundial termina no pr\u00f3ximo s\u00e1bado (25). Ao todo, a competi\u00e7\u00e3o re\u00fane\u00a01.069 atletas de 102 pa\u00edses. A delega\u00e7\u00e3o brasileira conta com 46 atletas e 10\u00a0atletas-guia. <img data-recalc-dims=\"1\" decoding=\"async\" src=\"https:\/\/i0.wp.com\/agenciabrasil.ebc.com.br\/esportes\/noticia\/2024-05\/file%3A\/\/\/C%3A\/Users\/CLAUDI~1.ROD\/AppData\/Local\/Temp\/msohtmlclip1\/01\/clip_image001.png?w=696&#038;ssl=1\"\/> <img data-recalc-dims=\"1\" decoding=\"async\" src=\"https:\/\/i0.wp.com\/agenciabrasil.ebc.com.br\/esportes\/noticia\/2024-05\/file%3A\/\/\/C%3A\/Users\/CLAUDI~1.ROD\/AppData\/Local\/Temp\/msohtmlclip1\/01\/clip_image001.png?w=696&#038;ssl=1\"\/><\/p>\n<blockquote class=\"twitter-tweet\">\n<p dir=\"ltr\" lang=\"pt\" xml:lang=\"pt\">\u00c9 DOBRADINHA. \u00c9 DO BRASIL! \ud83e\udd48\ud83e\udd49\ud83c\udde7\ud83c\uddf7<\/p>\n<p>Lorraine Aguiar e Ketyla Teodoro conquistam a 2\u00aa e a 3\u00aa coloca\u00e7\u00e3o, respectivamente, nos 400m T12, nesta ter\u00e7a-feira de Mundial de <a href=\"https:\/\/twitter.com\/hashtag\/Kobe2024?src=hash&amp;ref_src=twsrc%5Etfw\" rel=\"noopener\">#Kobe2024<\/a>.<\/p>\n<p>Seguimos na torcida no <a href=\"https:\/\/twitter.com\/sport?ref_src=twsrc%5Etfw\" rel=\"noopener\">@sport<\/a> 3.\ud83e\udec2<a href=\"https:\/\/twitter.com\/hashtag\/MundialAtletismo?src=hash&amp;ref_src=twsrc%5Etfw\" rel=\"noopener\">#MundialAtletismo<\/a> <a href=\"https:\/\/twitter.com\/hashtag\/BrasilParalimpico?src=hash&amp;ref_src=twsrc%5Etfw\" rel=\"noopener\">#BrasilParalimpico<\/a> <a href=\"https:\/\/twitter.com\/hashtag\/AtletismoNoSportv?src=hash&amp;ref_src=twsrc%5Etfw\" rel=\"noopener\">#AtletismoNoSportv<\/a> <a href=\"https:\/\/t.co\/H5q0QNeJyX\">pic.twitter.com\/H5q0QNeJyX<\/a><\/p>\n<p>\u2014 Comit\u00ea Paral\u00edmpico Brasileiro (@BraParalimpico) <a href=\"https:\/\/twitter.com\/BraParalimpico\/status\/1792849536274006432?ref_src=twsrc%5Etfw\" rel=\"noopener\">May 21, 2024<\/a><\/p><\/blockquote><\/div>\n<p><script async src=\"\/\/platform.twitter.com\/widgets.js\" charset=\"utf-8\"><\/script><br \/>\n<br \/><br \/>\n<br \/><a href=\"https:\/\/agenciabrasil.ebc.com.br\/esportes\/noticia\/2024-05\/brasileiras-garantem-cinco-podios-2-de-ouro-no-mundial-paralimpico\" rel=\"noopener\">Ag\u00eancia Brasil<\/a><\/p>\n","protected":false},"excerpt":{"rendered":"<p>As brasileiras dominaram o p\u00f3dio nesta ter\u00e7a-feira (21), quinto dia do Mundial de Atletismo Paral\u00edmpico, em Kobe (Jap\u00e3o). Teve dobradinha do pa\u00eds na prova dos 100 metros da classe T11 (defici\u00eancia visual), com tricampeonato da acreana Jerusa Geber e bronze da paranaense Lorena Spoladore. O segundo ouro do dia, com direito a recorde mundial, foi [&hellip;]<\/p>\n","protected":false},"author":1,"featured_media":5846,"comment_status":"open","ping_status":"open","sticky":false,"template":"","format":"standard","meta":{"_jetpack_newsletter_access":"","_jetpack_dont_email_post_to_subs":false,"_jetpack_newsletter_tier_id":0,"_jetpack_memberships_contains_paywalled_content":false,"_mbp_banners":[],"_jetpack_feature_clip_id":0,"_jetpack_memberships_contains_paid_content":false,"footnotes":"","jetpack_publicize_message":"","jetpack_publicize_feature_enabled":true,"jetpack_social_post_already_shared":true,"jetpack_social_options":{"image_generator_settings":{"template":"highway","default_image_id":0,"font":"","enabled":false},"version":2},"jetpack_post_was_ever_published":false},"categories":[23],"tags":[],"class_list":["post-5845","post","type-post","status-publish","format-standard","has-post-thumbnail","category-esportes"],"jetpack_publicize_connections":[],"jetpack-related-posts":[],"jetpack_shortlink":"https:\/\/wp.me\/p7Eq1F-1wh","jetpack_sharing_enabled":true,"jetpack_featured_media_url":"https:\/\/i0.wp.com\/guialimeira.com.br\/news\/wp-content\/uploads\/2024\/05\/jerusa_e_lorena_ouro_atletismo_paralimp.jpg?fit=1600%2C800&ssl=1","_links":{"self":[{"href":"https:\/\/guialimeira.com.br\/news\/wp-json\/wp\/v2\/posts\/5845","targetHints":{"allow":["GET"]}}],"collection":[{"href":"https:\/\/guialimeira.com.br\/news\/wp-json\/wp\/v2\/posts"}],"about":[{"href":"https:\/\/guialimeira.com.br\/news\/wp-json\/wp\/v2\/types\/post"}],"author":[{"embeddable":true,"href":"https:\/\/guialimeira.com.br\/news\/wp-json\/wp\/v2\/users\/1"}],"replies":[{"embeddable":true,"href":"https:\/\/guialimeira.com.br\/news\/wp-json\/wp\/v2\/comments?post=5845"}],"version-history":[{"count":0,"href":"https:\/\/guialimeira.com.br\/news\/wp-json\/wp\/v2\/posts\/5845\/revisions"}],"wp:featuredmedia":[{"embeddable":true,"href":"https:\/\/guialimeira.com.br\/news\/wp-json\/wp\/v2\/media\/5846"}],"wp:attachment":[{"href":"https:\/\/guialimeira.com.br\/news\/wp-json\/wp\/v2\/media?parent=5845"}],"wp:term":[{"taxonomy":"category","embeddable":true,"href":"https:\/\/guialimeira.com.br\/news\/wp-json\/wp\/v2\/categories?post=5845"},{"taxonomy":"post_tag","embeddable":true,"href":"https:\/\/guialimeira.com.br\/news\/wp-json\/wp\/v2\/tags?post=5845"}],"curies":[{"name":"wp","href":"https:\/\/api.w.org\/{rel}","templated":true}]}}