{"id":584,"date":"2024-03-30T15:54:45","date_gmt":"2024-03-30T18:54:45","guid":{"rendered":"https:\/\/guialimeira.com.br\/2024\/03\/30\/econtrado-corpo-de-piloto-de-aviao-que-caiu-na-serra-do-japi\/"},"modified":"2024-03-30T15:54:45","modified_gmt":"2024-03-30T18:54:45","slug":"econtrado-corpo-de-piloto-de-aviao-que-caiu-na-serra-do-japi","status":"publish","type":"post","link":"https:\/\/guialimeira.com.br\/news\/econtrado-corpo-de-piloto-de-aviao-que-caiu-na-serra-do-japi\/","title":{"rendered":"Econtrado corpo de piloto de avi\u00e3o que caiu na Serra do Japi"},"content":{"rendered":"<p> <br \/>\n<\/p>\n<div>\n<p>O Corpo de Bombeiros de S\u00e3o Paulo confirmou que foi encontrado, na tarde deste s\u00e1bado (30), o corpo do piloto de um avi\u00e3o de pequeno porte que caiu na Serra do Japi, em Jundia\u00ed (SP).<img data-recalc-dims=\"1\" decoding=\"async\" src=\"https:\/\/i0.wp.com\/agenciabrasil.ebc.com.br\/ebc.png?w=696&#038;ssl=1\" style=\"width:1px; height:1px; display:inline;\"\/><img data-recalc-dims=\"1\" decoding=\"async\" src=\"https:\/\/i0.wp.com\/agenciabrasil.ebc.com.br\/ebc.gif?w=696&#038;ssl=1\" style=\"width:1px; height:1px; display:inline;\"\/><\/p>\n<p>\u201cInformamos que os destro\u00e7os da aeronave foram encontrados e, infelizmente, com a v\u00edtima em \u00f3bito\u201d, diz comunicado do \u00f3rg\u00e3o na rede social X (antigo Twitter).<\/p>\n<p>A Secretaria de Seguran\u00e7a P\u00fablica de S\u00e3o Paulo disse que o corpo foi encaminhado ao Instituto M\u00e9dico Legal (IML). &#8220;A per\u00edcia foi acionada e auxiliar\u00e1 a Pol\u00edcia Civil nos trabalhos no local&#8221;, diz nota da secretaria.<\/p>\n<p>O avi\u00e3o, de matr\u00edcula PT-WLP, <a href=\"https:\/\/agenciabrasil.ebc.com.br\/geral\/noticia\/2024-03\/equipes-buscam-aviao-que-desapareceu-na-serra-do-japi-em-sao-paulo\" target=\"_blank\" rel=\"noopener\">desapareceu na \u00faltima quinta-feira<\/a> (28), por volta das 20h40, segundo o corpo de bombeiros. A aeronave decolou de Jundia\u00ed com destino ao Aeroporto do Campo de Marte, na zona norte da cidade de S\u00e3o Paulo e, sem condi\u00e7\u00f5es de pouso, o piloto teria tentado retornar a Jundia\u00ed. Ele estava sozinho na aeronave.<\/p>\n<p>Ontem (29), <a href=\"https:\/\/agenciabrasil.ebc.com.br\/geral\/noticia\/2024-03\/localizados-destrocos-de-aviao-que-caiu-na-serra-do-japi-em-sao-paulo\" target=\"_blank\" rel=\"noopener\">destro\u00e7os da aeronave haviam sido encontrados<\/a> por investigadores do Quarto Servi\u00e7o Regional de Investiga\u00e7\u00e3o e Preven\u00e7\u00e3o de Acidentes Aeron\u00e1uticos (Seripa-IV), \u00f3rg\u00e3o regional do Centro de Investiga\u00e7\u00e3o e Preven\u00e7\u00e3o de Acidentes Aeron\u00e1uticos (Cenipa). O Cenipa \u00e9 uma unidade da For\u00e7a A\u00e9rea Brasileira respons\u00e1vel por investigar acidentes a\u00e9reos.<\/p>\n<p>A situa\u00e7\u00e3o da aeronave estava regular, conforme consta no Registro Aeron\u00e1utico Brasileiro (RAB) da Ag\u00eancia Nacional de Avia\u00e7\u00e3o Civil (Anac). O bimotor foi fabricado em 1995 pela Piper Aircraft e registrado como propriedade da HKTC do Brasil, uma multinacional com sede em Hong Kong.<\/p>\n<p>A aeronave tinha capacidade para cinco passageiros e sua licen\u00e7a permitia apenas servi\u00e7os a\u00e9reos privados, com proibi\u00e7\u00e3o para t\u00e1xi a\u00e9reo.<\/p>\n<p>Em suas redes sociais, a HKTC do Brasil confirmou que &#8220;infelizmente, houve um acidente com uma aeronave de sua propriedade&#8221; e refor\u00e7ou que o avi\u00e3o estava em estado regular e em perfeitas condi\u00e7\u00f5es de navegabilidade.<\/p>\n<p>&#8220;Informamos que o piloto era o \u00fanico tripulante e que, no momento, fazia o traslado da aeronave. Trata-se de piloto experiente, pelo qual temos profundo respeito e gratid\u00e3o&#8221;, escreveu a empresa, em nota.<\/p>\n<\/p><\/div>\n<p><br \/>\n<br \/><a href=\"https:\/\/agenciabrasil.ebc.com.br\/geral\/noticia\/2024-03\/econtrado-corpo-de-piloto-de-aviao-que-caiu-na-serra-do-japi\" rel=\"noopener\">Ag\u00eancia Brasil<\/a><\/p>\n","protected":false},"excerpt":{"rendered":"<p>O Corpo de Bombeiros de S\u00e3o Paulo confirmou que foi encontrado, na tarde deste s\u00e1bado (30), o corpo do piloto de um avi\u00e3o de pequeno porte que caiu na Serra do Japi, em Jundia\u00ed (SP). \u201cInformamos que os destro\u00e7os da aeronave foram encontrados e, infelizmente, com a v\u00edtima em \u00f3bito\u201d, diz comunicado do \u00f3rg\u00e3o na [&hellip;]<\/p>\n","protected":false},"author":1,"featured_media":585,"comment_status":"open","ping_status":"open","sticky":false,"template":"","format":"standard","meta":{"_jetpack_newsletter_access":"","_jetpack_dont_email_post_to_subs":false,"_jetpack_newsletter_tier_id":0,"_jetpack_memberships_contains_paywalled_content":false,"_mbp_banners":[],"_jetpack_feature_clip_id":0,"_jetpack_memberships_contains_paid_content":false,"footnotes":"","jetpack_publicize_message":"","jetpack_publicize_feature_enabled":true,"jetpack_social_post_already_shared":true,"jetpack_social_options":{"image_generator_settings":{"template":"highway","default_image_id":0,"font":"","enabled":false},"version":2},"jetpack_post_was_ever_published":false},"categories":[1],"tags":[],"class_list":["post-584","post","type-post","status-publish","format-standard","has-post-thumbnail","category-geral"],"jetpack_publicize_connections":[],"jetpack-related-posts":[],"jetpack_shortlink":"https:\/\/wp.me\/p7Eq1F-9q","jetpack_sharing_enabled":true,"jetpack_featured_media_url":"https:\/\/i0.wp.com\/guialimeira.com.br\/news\/wp-content\/uploads\/2024\/03\/1000089436.jpg?fit=1600%2C800&ssl=1","_links":{"self":[{"href":"https:\/\/guialimeira.com.br\/news\/wp-json\/wp\/v2\/posts\/584","targetHints":{"allow":["GET"]}}],"collection":[{"href":"https:\/\/guialimeira.com.br\/news\/wp-json\/wp\/v2\/posts"}],"about":[{"href":"https:\/\/guialimeira.com.br\/news\/wp-json\/wp\/v2\/types\/post"}],"author":[{"embeddable":true,"href":"https:\/\/guialimeira.com.br\/news\/wp-json\/wp\/v2\/users\/1"}],"replies":[{"embeddable":true,"href":"https:\/\/guialimeira.com.br\/news\/wp-json\/wp\/v2\/comments?post=584"}],"version-history":[{"count":0,"href":"https:\/\/guialimeira.com.br\/news\/wp-json\/wp\/v2\/posts\/584\/revisions"}],"wp:featuredmedia":[{"embeddable":true,"href":"https:\/\/guialimeira.com.br\/news\/wp-json\/wp\/v2\/media\/585"}],"wp:attachment":[{"href":"https:\/\/guialimeira.com.br\/news\/wp-json\/wp\/v2\/media?parent=584"}],"wp:term":[{"taxonomy":"category","embeddable":true,"href":"https:\/\/guialimeira.com.br\/news\/wp-json\/wp\/v2\/categories?post=584"},{"taxonomy":"post_tag","embeddable":true,"href":"https:\/\/guialimeira.com.br\/news\/wp-json\/wp\/v2\/tags?post=584"}],"curies":[{"name":"wp","href":"https:\/\/api.w.org\/{rel}","templated":true}]}}