{"id":5833,"date":"2024-05-21T17:53:45","date_gmt":"2024-05-21T20:53:45","guid":{"rendered":"https:\/\/guialimeira.com.br\/2024\/05\/21\/com-pipoca-e-refrigerante-limeira-recebe-cinema-itinerante\/"},"modified":"2024-05-21T17:53:45","modified_gmt":"2024-05-21T20:53:45","slug":"com-pipoca-e-refrigerante-limeira-recebe-cinema-itinerante","status":"publish","type":"post","link":"https:\/\/guialimeira.com.br\/news\/com-pipoca-e-refrigerante-limeira-recebe-cinema-itinerante\/","title":{"rendered":"Com pipoca e refrigerante, Limeira recebe cinema itinerante"},"content":{"rendered":"<p> <br \/>\n<\/p>\n<div>\n            <main class=\"\">&#13;<br \/>\n                &#13;<br \/>\n&#13;<br \/>\n&#13;<br \/>\n&#13;<br \/>\n    <img data-recalc-dims=\"1\" decoding=\"async\" src=\"https:\/\/i0.wp.com\/ecrie.com.br\/sistema\/conteudos\/imagem\/m_137_0_1_21052024175103.jpg?w=696&#038;ssl=1\" alt=\"Com pipoca e refrigerante, Limeira recebe cinema itinerante\"\/>&#13;<br \/>\n&#13;<\/p>\n<p style=\"text-align: justify;\">De quarta (22) a sexta-feira (24), a cidade recebe o projeto Cine S\u00e3o Paulo Caedu, que promover\u00e1 sess\u00f5es gratuitas de cinema para crian\u00e7as, jovens e adultos. A sala de cinema funciona em uma carreta adaptada, que ficar\u00e1 no Parque Cidade, pr\u00f3ximo ao Gin\u00e1sio V\u00f4 Lucato. A iniciativa \u00e9 da Caedu, com apoio da Prefeitura de Limeira, por meio da Secretaria de Desenvolvimento, Turismo e Inova\u00e7\u00e3o.<\/p>\n<p>&#13;<\/p>\n<p style=\"text-align: justify;\">Ser\u00e3o cinco sess\u00f5es por dia, \u00e0s 8h, 10h, 14h, 16h e 19h. No per\u00edodo, o p\u00fablico poder\u00e1 assistir a grandes t\u00edtulos de sucesso. As quatro primeiras sess\u00f5es do projeto ser\u00e3o destinadas aos alunos\u00a0das escolas municipais, conforme agendamento da Secretaria de Educa\u00e7\u00e3o. Os ingressos para as demais sess\u00f5es s\u00e3o gratuitos, individuais e distribu\u00eddos por ordem de chegada, antes do in\u00edcio da exibi\u00e7\u00e3o do filme. A pipoca e o refrigerante tamb\u00e9m s\u00e3o gratuitos. Confira a programa\u00e7\u00e3o <a href=\"https:\/\/ecrie.com.br\/sistema\/conteudos\/arquivo\/a_137_0_1_21052024122509.pdf\" target=\"_blank\" rel=\"noopener\">aqui<\/a><\/p>\n<p>&#13;<br \/>\n&#13;<br \/>\n&#13;<br \/>\n&#13;<\/p>\n<aside class=\"list-related no-print\">&#13;<br \/>\n        &#13;<br \/>\n&#13;<\/p>\n<article class=\"list-item noticias \">&#13;<br \/>\n                    <a class=\"list-item__img\" href=\"https:\/\/limeira.sp.gov.br\/imprensa\/noticias\/desenvolvimento-turismo-e-inovacao\/univesp-divulga-locais-de-prova-para-o-vestibular-2024\" tabindex=\"-1\" aria-hidden=\"true\" rel=\"noopener\">&#13;<br \/>\n                        <img data-recalc-dims=\"1\" decoding=\"async\" src=\"https:\/\/i0.wp.com\/ecrie.com.br\/sistema\/conteudos\/imagem\/m_137_0_1_01042024144011.jpg?w=696&#038;ssl=1\" alt=\"Univesp divulga locais de prova para o Vestibular 2024\"\/>&#13;<br \/>\n                    <\/a>&#13;<br \/>\n&#13;<br \/>\n                &#13;<br \/>\n            <\/article>\n<p>&#13;<\/p>\n<article class=\"list-item noticias \">&#13;<br \/>\n                    <a class=\"list-item__img\" href=\"https:\/\/limeira.sp.gov.br\/imprensa\/noticias\/desenvolvimento-turismo-e-inovacao\/expo-alegria-brutos-lanca-novidades-no-setor-de-semijoias-e-impulsiona-comercio-local\" tabindex=\"-1\" aria-hidden=\"true\" rel=\"noopener\">&#13;<br \/>\n                        <img data-recalc-dims=\"1\" decoding=\"async\" src=\"https:\/\/i0.wp.com\/ecrie.com.br\/sistema\/conteudos\/imagem\/m_137_0_1_21052024162017.jpg?w=696&#038;ssl=1\" alt=\"Expo Alegria Brutos lan\u00e7a novidades no setor de semijoias e impulsiona com\u00e9rcio local\"\/>&#13;<br \/>\n                    <\/a>&#13;<br \/>\n&#13;<br \/>\n                &#13;<br \/>\n            <\/article>\n<p>&#13;<\/p>\n<article class=\"list-item noticias \">&#13;<br \/>\n                    <a class=\"list-item__img\" href=\"https:\/\/limeira.sp.gov.br\/imprensa\/noticias\/desenvolvimento-turismo-e-inovacao\/prefeitura-promove-palestra-com-foco-em-contratacao-de-talentos\" tabindex=\"-1\" aria-hidden=\"true\" rel=\"noopener\">&#13;<br \/>\n                        <img data-recalc-dims=\"1\" decoding=\"async\" src=\"https:\/\/i0.wp.com\/ecrie.com.br\/sistema\/conteudos\/imagem\/m_137_0_1_16052024160422.jpg?w=696&#038;ssl=1\" alt=\"Prefeitura promove palestra com foco em contrata\u00e7\u00e3o de talentos\"\/>&#13;<br \/>\n                    <\/a>&#13;<br \/>\n&#13;<br \/>\n                &#13;<br \/>\n            <\/article>\n<p>&#13;<br \/>\n    <\/aside>\n<p>&#13;<br \/>\n&#13;<br \/>\n            <\/main><\/p><\/div>\n<p><br \/>\n<br \/><a href=\"https:\/\/limeira.sp.gov.br\/com-pipoca-e-refrigerante-limeira-recebe-cinema-itinerante\" rel=\"noopener\">Informa\u00e7\u00f5es da PML <\/a><\/p>\n","protected":false},"excerpt":{"rendered":"<p>&#13; &#13; &#13; &#13; &#13; &#13; &#13; De quarta (22) a sexta-feira (24), a cidade recebe o projeto Cine S\u00e3o Paulo Caedu, que promover\u00e1 sess\u00f5es gratuitas de cinema para crian\u00e7as, jovens e adultos. A sala de cinema funciona em uma carreta adaptada, que ficar\u00e1 no Parque Cidade, pr\u00f3ximo ao Gin\u00e1sio V\u00f4 Lucato. A iniciativa \u00e9 [&hellip;]<\/p>\n","protected":false},"author":1,"featured_media":5834,"comment_status":"open","ping_status":"open","sticky":false,"template":"","format":"standard","meta":{"_jetpack_newsletter_access":"","_jetpack_dont_email_post_to_subs":false,"_jetpack_newsletter_tier_id":0,"_jetpack_memberships_contains_paywalled_content":false,"_mbp_banners":[],"_jetpack_feature_clip_id":0,"_jetpack_memberships_contains_paid_content":false,"footnotes":"","jetpack_publicize_message":"","jetpack_publicize_feature_enabled":true,"jetpack_social_post_already_shared":true,"jetpack_social_options":{"image_generator_settings":{"template":"highway","default_image_id":0,"font":"","enabled":false},"version":2},"jetpack_post_was_ever_published":false},"categories":[16],"tags":[],"class_list":["post-5833","post","type-post","status-publish","format-standard","has-post-thumbnail","category-local"],"jetpack_publicize_connections":[],"jetpack-related-posts":[],"jetpack_shortlink":"https:\/\/wp.me\/p7Eq1F-1w5","jetpack_sharing_enabled":true,"jetpack_featured_media_url":"https:\/\/i0.wp.com\/guialimeira.com.br\/news\/wp-content\/uploads\/2024\/05\/m_137_0_1_21052024175103.jpg?fit=994%2C601&ssl=1","_links":{"self":[{"href":"https:\/\/guialimeira.com.br\/news\/wp-json\/wp\/v2\/posts\/5833","targetHints":{"allow":["GET"]}}],"collection":[{"href":"https:\/\/guialimeira.com.br\/news\/wp-json\/wp\/v2\/posts"}],"about":[{"href":"https:\/\/guialimeira.com.br\/news\/wp-json\/wp\/v2\/types\/post"}],"author":[{"embeddable":true,"href":"https:\/\/guialimeira.com.br\/news\/wp-json\/wp\/v2\/users\/1"}],"replies":[{"embeddable":true,"href":"https:\/\/guialimeira.com.br\/news\/wp-json\/wp\/v2\/comments?post=5833"}],"version-history":[{"count":0,"href":"https:\/\/guialimeira.com.br\/news\/wp-json\/wp\/v2\/posts\/5833\/revisions"}],"wp:featuredmedia":[{"embeddable":true,"href":"https:\/\/guialimeira.com.br\/news\/wp-json\/wp\/v2\/media\/5834"}],"wp:attachment":[{"href":"https:\/\/guialimeira.com.br\/news\/wp-json\/wp\/v2\/media?parent=5833"}],"wp:term":[{"taxonomy":"category","embeddable":true,"href":"https:\/\/guialimeira.com.br\/news\/wp-json\/wp\/v2\/categories?post=5833"},{"taxonomy":"post_tag","embeddable":true,"href":"https:\/\/guialimeira.com.br\/news\/wp-json\/wp\/v2\/tags?post=5833"}],"curies":[{"name":"wp","href":"https:\/\/api.w.org\/{rel}","templated":true}]}}