{"id":58298,"date":"2026-03-13T19:19:42","date_gmt":"2026-03-13T22:19:42","guid":{"rendered":"https:\/\/guialimeira.com.br\/?p=58298"},"modified":"2026-03-13T19:19:45","modified_gmt":"2026-03-13T22:19:45","slug":"em-acareacao-testemunha-afirma-que-depoimento-divergente-foi-causado-por-lapso-de-memoria","status":"publish","type":"post","link":"https:\/\/guialimeira.com.br\/news\/em-acareacao-testemunha-afirma-que-depoimento-divergente-foi-causado-por-lapso-de-memoria\/","title":{"rendered":"Em acarea\u00e7\u00e3o, testemunha afirma que depoimento divergente foi causado por lapso de mem\u00f3ria"},"content":{"rendered":"\n<p class=\"wp-block-paragraph\">Com o objetivo de esclarecer&nbsp;<a href=\"https:\/\/www.limeira.sp.leg.br\/noticias\/view\/2026-03-06_cpi-agenda-acareacao-entre-servidoras-devido-divergencias-em-depoimentos\" rel=\"noopener\">pontos contradit\u00f3rios entre duas depoentes<\/a>, a Comiss\u00e3o Parlamentar de Inqu\u00e9rito (CPI) que apura ind\u00edcios de irregularidades no processo de licita\u00e7\u00e3o e contrata\u00e7\u00e3o relacionado \u00e0 aquisi\u00e7\u00e3o de kits de rob\u00f3tica para a rede municipal de ensino realizou uma acarea\u00e7\u00e3o com Franciny Almeida e Amanda Regina Dias na reuni\u00e3o desta sexta-feira, 13 de mar\u00e7o. Conforme Franciny, a diverg\u00eancia de informa\u00e7\u00f5es foi causada por um lapso de mem\u00f3ria.<\/p>\n\n\n\n<p class=\"wp-block-paragraph\">O ex-secret\u00e1rio de Educa\u00e7\u00e3o Andr\u00e9 Lu\u00eds de Francesco, que havia sido convocado para depor nesta sexta-feira, n\u00e3o foi localizado novamente e n\u00e3o compareceu espontaneamente. Assim, a Comiss\u00e3o deliberou fazer nova convoca\u00e7\u00e3o para que ele preste esclarecimentos na reuni\u00e3o do dia 27 de mar\u00e7o, \u00e0s 14h.<\/p>\n\n\n\n<p class=\"wp-block-paragraph\">Fazem parte da CPI, Mariana Calsa (MDB), presidente, Estev\u00e3o Nogueira (Avante), relator; Felipe Penedo (PL), secret\u00e1rio; Jo\u00e3o Bano (Solidariedade) e Joyce Dias (PSD) membros. A reuni\u00e3o foi acompanhada pelos procuradores da C\u00e2mara, Rivanildo Diniz e Andr\u00e9a Cristina Barbosa Bruno; e pelos representantes da Prefeitura, os procuradores Paulo Roberto Barcellos da Silva J\u00fanior e Flaviana Moreira Moretti.<\/p>\n\n\n\n<p class=\"wp-block-paragraph\">Os trabalhos foram transmitidos ao vivo e podem ser conferidos na \u00edntegra neste&nbsp;<a href=\"https:\/\/youtu.be\/giU2JWs9x4E?t=509\" rel=\"noopener\">link<\/a>&nbsp;e as delibera\u00e7\u00f5es registradas em&nbsp;<a href=\"https:\/\/consulta.limeira.sp.leg.br\/arquivo?Id=563923\" rel=\"noopener\">ata<\/a>.<\/p>\n\n\n\n<p class=\"wp-block-paragraph\"><strong>Acarea\u00e7\u00e3o<\/strong><\/p>\n\n\n\n<p class=\"wp-block-paragraph\"><a href=\"https:\/\/www.limeira.sp.leg.br\/noticias\/view\/2026-03-06_cpi-agenda-acareacao-entre-servidoras-devido-divergencias-em-depoimentos\" rel=\"noopener\">Nos depoimentos anteriores<\/a>, Amanda, que era chefe da Divis\u00e3o Financeira da Secretaria de Educa\u00e7\u00e3o, afirmou que os e-mails com or\u00e7amentos de empresas referentes aos kits de rob\u00f3tica foram encaminhados a ela por Franciny. No entanto, Franciny, assessora especial de Gest\u00e3o P\u00fablica do ex-secret\u00e1rio Andr\u00e9 Lu\u00eds de Francesco, afirmou que nunca participou da cota\u00e7\u00e3o de pre\u00e7os e que os or\u00e7amentos nunca passaram pelo e-mail dela.<\/p>\n\n\n\n<p class=\"wp-block-paragraph\">Nesta sexta-feira Amanda manteve o que disse anteriormente \u00e0 CPI. J\u00e1 Franciny retificou seu depoimento afirmando que os or\u00e7amentos do processo foram solicitados por ela, a pedido do ex-secret\u00e1rio de Educa\u00e7\u00e3o. O equ\u00edvoco de informa\u00e7\u00f5es se deu, de acordo com ela, devido a problemas de sa\u00fade enfrentados em 2022, que prejudicaram sua concentra\u00e7\u00e3o e mem\u00f3ria na \u00e9poca. \u201cEventuais imprecis\u00f5es de mem\u00f3ria n\u00e3o podem ser interpretadas como qualquer tentativa&nbsp; de faltar com a verdade, mas sim como consequ\u00eancia natural do lapso temporal e das circunst\u00e2ncias profissionais e pessoais vividas naquele per\u00edodo\u201d, argumentou.<\/p>\n\n\n\n<p class=\"wp-block-paragraph\">Questionada sobre as empresas contactadas para apresentarem os or\u00e7amentos, Franciny afirmou que tanto os nomes, como o que deveria ser solicitado a cada uma foram indicados pelo ex-secret\u00e1rio.<\/p>\n\n\n\n<p class=\"wp-block-paragraph\">Veja os depoimentos neste&nbsp;<a href=\"https:\/\/youtu.be\/giU2JWs9x4E?t=2088\" rel=\"noopener\">link<\/a>.<\/p>\n\n\n\n<p class=\"wp-block-paragraph\"><strong>Novos depoimentos<\/strong><\/p>\n\n\n\n<p class=\"wp-block-paragraph\">Outras duas servidoras foram ouvidas durante a reuni\u00e3o, Micheli Duscove Mantes, que desempenhava a fun\u00e7\u00e3o de pregoeira, e Gislaine de Oliveira Santos, que era gerente da Divis\u00e3o de Processos.&nbsp;<\/p>\n\n\n\n<p class=\"wp-block-paragraph\">Micheli relatou que atuou somente na condu\u00e7\u00e3o do preg\u00e3o presencial. A servidora tamb\u00e9m disse \u00e0 CPI que n\u00e3o recebeu orienta\u00e7\u00f5es sobre a condu\u00e7\u00e3o do preg\u00e3o, n\u00e3o participou de reuni\u00f5es pr\u00e9vias com a Secretaria de Educa\u00e7\u00e3o e nem da an\u00e1lise das impugna\u00e7\u00f5es ao processo.<\/p>\n\n\n\n<p class=\"wp-block-paragraph\">Questionada se o edital permitiu ampla concorr\u00eancia, Michele disse que sim, que foi publicado por tr\u00eas vezes no Jornal Oficial do Munic\u00edpio e no site da Prefeitura e que no processo h\u00e1 a quantidade de&nbsp;<em>downloads<\/em>&nbsp;do edital, de acordo com ela, o edital teria sido baixado mais de 300 vezes.<\/p>\n\n\n\n<p class=\"wp-block-paragraph\">Em seguida, Gislaine prestou esclarecimentos aos vereadores. Ela relatou que atuou como equipe de apoio no processo, assessorando a pregoeira na sess\u00e3o. Questionada se ela participou da an\u00e1lise das impugna\u00e7\u00f5es feitas ao processo, ela disse que n\u00e3o, que essa an\u00e1lise \u00e9 feita pela secretaria requisitante, neste caso a Secretaria de Educa\u00e7\u00e3o.<\/p>\n\n\n\n<p class=\"wp-block-paragraph\">Em rela\u00e7\u00e3o \u00e0 modalidade escolhida, preg\u00e3o presencial, Gislaine explicou que h\u00e1 um decreto de compet\u00eancia baseado na \u00e9poca na&nbsp;<a href=\"https:\/\/www.planalto.gov.br\/ccivil_03\/leis\/l8666cons.htm\" rel=\"noopener\">Lei N\u00ba 8666\/1993<\/a>&nbsp;(atualmente revogada), que determinava que cabia \u00e0 diretoria do Departamento de Gest\u00e3o de Suprimentos, juntamente com a administra\u00e7\u00e3o, escolher a modalidade mais pertinente ao objeto licitado, com posterior ratifica\u00e7\u00e3o do secret\u00e1rio da pasta.<\/p>\n\n\n\n<p class=\"wp-block-paragraph\">Veja os depoimentos neste&nbsp;<a href=\"https:\/\/youtu.be\/giU2JWs9x4E?t=3503\" rel=\"noopener\">link<\/a>.<\/p>\n\n\n\n<p class=\"wp-block-paragraph\"><strong>Agenda<\/strong><\/p>\n\n\n\n<p class=\"wp-block-paragraph\">A pr\u00f3xima reuni\u00e3o do colegiado ser\u00e1 na sexta-feira, 20 de mar\u00e7o, a partir das 14h. Novas testemunhas ser\u00e3o convidadas para depor, s\u00e3o elas: Thiago Contreras, Marco Aur\u00e9lio Teixeira Nobre, Andressa de Gaspari Camilo Zabin, Lucas do Amaral Evangelista, Edgar Cadeira da Cruz e Adriana Dibbern Capicotto.<\/p>\n\n\n\n<p class=\"wp-block-paragraph\"><strong>CPI<\/strong><\/p>\n\n\n\n<p class=\"wp-block-paragraph\">A CPI para apura\u00e7\u00e3o de ind\u00edcios de irregularidades no processo de licita\u00e7\u00e3o e contrata\u00e7\u00e3o relacionados \u00e0 aquisi\u00e7\u00e3o de kits de rob\u00f3tica, livros paradid\u00e1ticos e licen\u00e7as de tecnologia para a rede municipal de ensino de Limeira foi instaurada por meio do&nbsp;<a href=\"https:\/\/consulta.limeira.sp.leg.br\/Documentos\/Documento\/399891\" rel=\"noopener\">Requerimento de CPI N\u00ba 2\/2025<\/a>, de autoria do vereador Estev\u00e3o Nogueira (Avante).&nbsp;<\/p>\n\n\n\n<p class=\"wp-block-paragraph\">Durante os trabalhos os vereadores apuram a poss\u00edvel exist\u00eancia de sobrepre\u00e7o, superfaturamento, direcionamento licitat\u00f3rio e inadequa\u00e7\u00e3o pedag\u00f3gica na aquisi\u00e7\u00e3o e contrata\u00e7\u00e3o dos kits de rob\u00f3tica, livros paradid\u00e1ticos e licen\u00e7as de tecnologia; identificam e individualizam as responsabilidades administrativas, pol\u00edticas e t\u00e9cnicas dos agentes p\u00fablicos e privados envolvidos no Processo Licitat\u00f3rio n\u00ba 39.101\/2022 e no Contrato n\u00ba 130\/2023; verificam eventuais danos aos cofres p\u00fablicos e a poss\u00edvel ocorr\u00eancia de desvio de finalidade ou aus\u00eancia de destina\u00e7\u00e3o do objeto licitado;&nbsp; bem como examinam a atua\u00e7\u00e3o da Prefeitura e dos \u00f3rg\u00e3os de controle interno na fiscaliza\u00e7\u00e3o e gest\u00e3o da execu\u00e7\u00e3o contratual.<\/p>\n","protected":false},"excerpt":{"rendered":"<p>Com o objetivo de esclarecer&nbsp;pontos contradit\u00f3rios entre duas depoentes, a Comiss\u00e3o Parlamentar de Inqu\u00e9rito (CPI) que apura ind\u00edcios de irregularidades no processo de licita\u00e7\u00e3o e contrata\u00e7\u00e3o relacionado \u00e0 aquisi\u00e7\u00e3o de kits de rob\u00f3tica para a rede municipal de ensino realizou uma acarea\u00e7\u00e3o com Franciny Almeida e Amanda Regina Dias na reuni\u00e3o desta sexta-feira, 13 de [&hellip;]<\/p>\n","protected":false},"author":1,"featured_media":58299,"comment_status":"closed","ping_status":"open","sticky":false,"template":"","format":"standard","meta":{"_jetpack_newsletter_access":"","_jetpack_dont_email_post_to_subs":false,"_jetpack_newsletter_tier_id":0,"_jetpack_memberships_contains_paywalled_content":false,"_mbp_banners":[],"_jetpack_feature_clip_id":0,"_jetpack_memberships_contains_paid_content":false,"footnotes":"","jetpack_publicize_message":"","jetpack_publicize_feature_enabled":true,"jetpack_social_post_already_shared":true,"jetpack_social_options":{"image_generator_settings":{"template":"highway","default_image_id":0,"font":"","enabled":false},"version":2},"jetpack_post_was_ever_published":false},"categories":[16,19],"tags":[],"class_list":["post-58298","post","type-post","status-publish","format-standard","has-post-thumbnail","category-local","category-politica"],"jetpack_publicize_connections":[],"jetpack-related-posts":[],"jetpack_shortlink":"https:\/\/wp.me\/p7Eq1F-fai","jetpack_sharing_enabled":true,"jetpack_featured_media_url":"https:\/\/i0.wp.com\/guialimeira.com.br\/news\/wp-content\/uploads\/2026\/03\/651150211_1375208107982606_6607422180388157843_n.jpg?fit=2048%2C1150&ssl=1","_links":{"self":[{"href":"https:\/\/guialimeira.com.br\/news\/wp-json\/wp\/v2\/posts\/58298","targetHints":{"allow":["GET"]}}],"collection":[{"href":"https:\/\/guialimeira.com.br\/news\/wp-json\/wp\/v2\/posts"}],"about":[{"href":"https:\/\/guialimeira.com.br\/news\/wp-json\/wp\/v2\/types\/post"}],"author":[{"embeddable":true,"href":"https:\/\/guialimeira.com.br\/news\/wp-json\/wp\/v2\/users\/1"}],"replies":[{"embeddable":true,"href":"https:\/\/guialimeira.com.br\/news\/wp-json\/wp\/v2\/comments?post=58298"}],"version-history":[{"count":1,"href":"https:\/\/guialimeira.com.br\/news\/wp-json\/wp\/v2\/posts\/58298\/revisions"}],"predecessor-version":[{"id":58300,"href":"https:\/\/guialimeira.com.br\/news\/wp-json\/wp\/v2\/posts\/58298\/revisions\/58300"}],"wp:featuredmedia":[{"embeddable":true,"href":"https:\/\/guialimeira.com.br\/news\/wp-json\/wp\/v2\/media\/58299"}],"wp:attachment":[{"href":"https:\/\/guialimeira.com.br\/news\/wp-json\/wp\/v2\/media?parent=58298"}],"wp:term":[{"taxonomy":"category","embeddable":true,"href":"https:\/\/guialimeira.com.br\/news\/wp-json\/wp\/v2\/categories?post=58298"},{"taxonomy":"post_tag","embeddable":true,"href":"https:\/\/guialimeira.com.br\/news\/wp-json\/wp\/v2\/tags?post=58298"}],"curies":[{"name":"wp","href":"https:\/\/api.w.org\/{rel}","templated":true}]}}