{"id":5818,"date":"2024-05-21T16:43:03","date_gmt":"2024-05-21T19:43:03","guid":{"rendered":"https:\/\/guialimeira.com.br\/2024\/05\/21\/feira-de-recrutamento-e-carreira-na-usp-comeca-nesta-terca-governo-do-estado-de-sao-paulo\/"},"modified":"2024-05-21T16:43:03","modified_gmt":"2024-05-21T19:43:03","slug":"feira-de-recrutamento-e-carreira-na-usp-comeca-nesta-terca-governo-do-estado-de-sao-paulo","status":"publish","type":"post","link":"https:\/\/guialimeira.com.br\/news\/feira-de-recrutamento-e-carreira-na-usp-comeca-nesta-terca-governo-do-estado-de-sao-paulo\/","title":{"rendered":"Feira de Recrutamento e Carreira na USP come\u00e7a nesta ter\u00e7a | Governo do Estado de S\u00e3o Paulo"},"content":{"rendered":"<p> <br \/>\n<\/p>\n<div><img data-recalc-dims=\"1\" decoding=\"async\" src=\"https:\/\/i0.wp.com\/www.saopaulo.sp.gov.br\/wp-content\/uploads\/2024\/05\/20240521_00_feira_recrutamento_e_carreira_fea_jr_usp01.jpg?w=696&#038;ssl=1\" style=\"width: 100%\" \/><\/p>\n<div>Evento organizado pela FEA J\u00fanior USP acontece de maneira h\u00edbrida, de 21 a 23 de maio, com palestras e oportunidades para ajudar na carreira<\/div>\n<\/div>\n<p><br \/>\n<br \/><a href=\"https:\/\/www.saopaulo.sp.gov.br\/spnoticias\/ultimas-noticias\/feira-de-recrutamento-e-carreira-na-usp-comeca-nesta-terca\/\" rel=\"noopener\">Informa\u00e7\u00f5es GOV.SP<\/a><\/p>\n","protected":false},"excerpt":{"rendered":"<p>Evento organizado pela FEA J\u00fanior USP acontece de maneira h\u00edbrida, de 21 a 23 de maio, com palestras e oportunidades para ajudar na carreira Informa\u00e7\u00f5es GOV.SP<\/p>\n","protected":false},"author":1,"featured_media":0,"comment_status":"open","ping_status":"open","sticky":false,"template":"","format":"standard","meta":{"_jetpack_newsletter_access":"","_jetpack_dont_email_post_to_subs":false,"_jetpack_newsletter_tier_id":0,"_jetpack_memberships_contains_paywalled_content":false,"_mbp_banners":[],"_jetpack_feature_clip_id":0,"_jetpack_memberships_contains_paid_content":false,"footnotes":"","jetpack_publicize_message":"","jetpack_publicize_feature_enabled":true,"jetpack_social_post_already_shared":true,"jetpack_social_options":{"image_generator_settings":{"template":"highway","default_image_id":0,"font":"","enabled":false},"version":2},"jetpack_post_was_ever_published":false},"categories":[21],"tags":[],"class_list":["post-5818","post","type-post","status-publish","format-standard","category-sp-news"],"jetpack_publicize_connections":[],"jetpack-related-posts":[],"jetpack_shortlink":"https:\/\/wp.me\/p7Eq1F-1vQ","jetpack_sharing_enabled":true,"jetpack_featured_media_url":"","_links":{"self":[{"href":"https:\/\/guialimeira.com.br\/news\/wp-json\/wp\/v2\/posts\/5818","targetHints":{"allow":["GET"]}}],"collection":[{"href":"https:\/\/guialimeira.com.br\/news\/wp-json\/wp\/v2\/posts"}],"about":[{"href":"https:\/\/guialimeira.com.br\/news\/wp-json\/wp\/v2\/types\/post"}],"author":[{"embeddable":true,"href":"https:\/\/guialimeira.com.br\/news\/wp-json\/wp\/v2\/users\/1"}],"replies":[{"embeddable":true,"href":"https:\/\/guialimeira.com.br\/news\/wp-json\/wp\/v2\/comments?post=5818"}],"version-history":[{"count":0,"href":"https:\/\/guialimeira.com.br\/news\/wp-json\/wp\/v2\/posts\/5818\/revisions"}],"wp:attachment":[{"href":"https:\/\/guialimeira.com.br\/news\/wp-json\/wp\/v2\/media?parent=5818"}],"wp:term":[{"taxonomy":"category","embeddable":true,"href":"https:\/\/guialimeira.com.br\/news\/wp-json\/wp\/v2\/categories?post=5818"},{"taxonomy":"post_tag","embeddable":true,"href":"https:\/\/guialimeira.com.br\/news\/wp-json\/wp\/v2\/tags?post=5818"}],"curies":[{"name":"wp","href":"https:\/\/api.w.org\/{rel}","templated":true}]}}