{"id":5805,"date":"2024-05-21T14:41:05","date_gmt":"2024-05-21T17:41:05","guid":{"rendered":"https:\/\/guialimeira.com.br\/2024\/05\/21\/enchentes-no-rs-uti-aeromovel-da-pm-de-sp-socorre-idosa-em-estado-grave\/"},"modified":"2024-05-21T14:41:05","modified_gmt":"2024-05-21T17:41:05","slug":"enchentes-no-rs-uti-aeromovel-da-pm-de-sp-socorre-idosa-em-estado-grave","status":"publish","type":"post","link":"https:\/\/guialimeira.com.br\/news\/enchentes-no-rs-uti-aeromovel-da-pm-de-sp-socorre-idosa-em-estado-grave\/","title":{"rendered":"Enchentes no RS: UTI aerom\u00f3vel da PM de SP socorre idosa em estado grave"},"content":{"rendered":"<p> <br \/>\n<\/p>\n<div id=\"\">&#13;<br \/>\n                                <!-- Title -->&#13;<br \/>\n                                &#13;<br \/>\n&#13;<br \/>\n                                <!-- Excerpt -->&#13;<\/p>\n<p class=\"excerpt\">V\u00edtima estava internada em hospital e precisou ser transportada para unidade mais equipada; equipes de SP seguem empenhadas no estado ga\u00facho<\/p>\n<p>&#13;<br \/>\n&#13;<br \/>\n                                &#13;\n                            <\/p><\/div>\n<div id=\"\">&#13;<\/p>\n<figure id=\"attachment_5888758\" style=\"width: 100%;max-width: 1600px\" class=\"wp-caption alignnone\"><img data-recalc-dims=\"1\" decoding=\"async\" loading=\"lazy\" class=\"size-full wp-image-5888758\" src=\"https:\/\/i0.wp.com\/www.saopaulo.sp.gov.br\/wp-content\/uploads\/2024\/05\/00054722.jpg?resize=696%2C522&#038;ssl=1\" alt=\"\" width=\"696\" height=\"522\" srcset=\"https:\/\/www.saopaulo.sp.gov.br\/wp-content\/uploads\/2024\/05\/00054722.jpg 1600w, https:\/\/www.saopaulo.sp.gov.br\/wp-content\/uploads\/2024\/05\/00054722-300x225.jpg 300w, https:\/\/www.saopaulo.sp.gov.br\/wp-content\/uploads\/2024\/05\/00054722-1024x768.jpg 1024w, https:\/\/www.saopaulo.sp.gov.br\/wp-content\/uploads\/2024\/05\/00054722-768x576.jpg 768w, https:\/\/www.saopaulo.sp.gov.br\/wp-content\/uploads\/2024\/05\/00054722-1536x1152.jpg 1536w\" sizes=\"auto, (max-width: 1600px) 100vw, 1600px\"\/><figcaption class=\"wp-caption-text\">Aeronave da PM de SP, que est\u00e1 no Rio Grande do Sul desde o in\u00edcio do m\u00eas, \u00e9 equipada com uma UTI para resgates m\u00e9dicos<\/figcaption><\/figure>\n<p>Uma idosa, de 74 anos, em estado grave foi resgatada nessa segunda-feira (20) pelo helic\u00f3ptero \u00c1guia da Pol\u00edcia Militar na cidade de Teut\u00f4nia (RS). A aeronave, <a href=\"https:\/\/www.saopaulo.sp.gov.br\/spnoticias\/ultimas-noticias\/sp-reforca-ajuda-de-aeronaves-e-profissionais-ao-rs-com-cerca-de-1-300-atendimentos\/\" target=\"_blank\" rel=\"noopener noreferrer\">que est\u00e1 no Rio Grande do Sul desde o in\u00edcio do m\u00eas<\/a>, \u00e9 equipada com uma Unidade de Terapia Intensiva para resgates m\u00e9dicos.<\/p>\n<p>A cidade onde ocorreu o socorro registrou at\u00e9 o momento 157 mortes por causa das chuvas intensas, conforme o \u00faltimo balan\u00e7o da Defesa Civil.<\/p>\n<figure id=\"attachment_5888759\" style=\"width: 100%;max-width: 1200px\" class=\"wp-caption alignnone\"><img data-recalc-dims=\"1\" decoding=\"async\" loading=\"lazy\" class=\"size-full wp-image-5888759\" src=\"https:\/\/i0.wp.com\/www.saopaulo.sp.gov.br\/wp-content\/uploads\/2024\/05\/00054721.jpg?resize=696%2C657&#038;ssl=1\" alt=\"\" width=\"696\" height=\"657\" srcset=\"https:\/\/www.saopaulo.sp.gov.br\/wp-content\/uploads\/2024\/05\/00054721.jpg 1200w, https:\/\/www.saopaulo.sp.gov.br\/wp-content\/uploads\/2024\/05\/00054721-300x283.jpg 300w, https:\/\/www.saopaulo.sp.gov.br\/wp-content\/uploads\/2024\/05\/00054721-1024x966.jpg 1024w, https:\/\/www.saopaulo.sp.gov.br\/wp-content\/uploads\/2024\/05\/00054721-768x724.jpg 768w\" sizes=\"auto, (max-width: 1200px) 100vw, 1200px\"\/><figcaption class=\"wp-caption-text\">Idosa foi transportada pelo helic\u00f3ptero \u00c1guia para unidade mais equipada<\/figcaption><\/figure>\n<p>A v\u00edtima tem insufici\u00eancia renal aguda e insufici\u00eancia respirat\u00f3ria. Ela j\u00e1 estava internada em um hospital do munic\u00edpio, mas como a situa\u00e7\u00e3o se agravou, precisou ser transportada com urg\u00eancia para uma unidade de sa\u00fade mais equipada.<\/p>\n<p>Devido \u00e0 adapta\u00e7\u00e3o do \u00c1guia 33 para transportar pacientes com problemas de sa\u00fade, o Centro Integrado de Comando e Controle do estado ga\u00facho acionou as equipes do Comando de Avia\u00e7\u00e3o da Pol\u00edcia Militar (CavPM) de S\u00e3o Paulo.<\/p>\n<p>Segundo o capit\u00e3o Eduardo Pelegrini, um trajeto que seria feito por tr\u00eas ou quatro horas por via terrestre, foi realizado em cerca de 35 minutos com o helic\u00f3ptero.<\/p>\n<\/p><\/div>\n<p><br \/>\n<br \/><a href=\"https:\/\/www.saopaulo.sp.gov.br\/spnoticias\/ultimas-noticias\/enchentes-no-rs-uti-aeromovel-da-pm-de-sp-socorre-idosa-em-estado-grave\/\" rel=\"noopener\">Informa\u00e7\u00f5es GOV.SP<\/a><\/p>\n","protected":false},"excerpt":{"rendered":"<p>&#13; &#13; &#13; &#13; &#13; V\u00edtima estava internada em hospital e precisou ser transportada para unidade mais equipada; equipes de SP seguem empenhadas no estado ga\u00facho &#13; &#13; &#13; &#13; Aeronave da PM de SP, que est\u00e1 no Rio Grande do Sul desde o in\u00edcio do m\u00eas, \u00e9 equipada com uma UTI para resgates m\u00e9dicos [&hellip;]<\/p>\n","protected":false},"author":1,"featured_media":5806,"comment_status":"open","ping_status":"open","sticky":false,"template":"","format":"standard","meta":{"_jetpack_newsletter_access":"","_jetpack_dont_email_post_to_subs":false,"_jetpack_newsletter_tier_id":0,"_jetpack_memberships_contains_paywalled_content":false,"_mbp_banners":[],"_jetpack_feature_clip_id":0,"_jetpack_memberships_contains_paid_content":false,"footnotes":"","jetpack_publicize_message":"","jetpack_publicize_feature_enabled":true,"jetpack_social_post_already_shared":true,"jetpack_social_options":{"image_generator_settings":{"template":"highway","default_image_id":0,"font":"","enabled":false},"version":2},"jetpack_post_was_ever_published":false},"categories":[21],"tags":[],"class_list":["post-5805","post","type-post","status-publish","format-standard","has-post-thumbnail","category-sp-news"],"jetpack_publicize_connections":[],"jetpack-related-posts":[],"jetpack_shortlink":"https:\/\/wp.me\/p7Eq1F-1vD","jetpack_sharing_enabled":true,"jetpack_featured_media_url":"https:\/\/i0.wp.com\/guialimeira.com.br\/news\/wp-content\/uploads\/2024\/05\/Enchentes-no-RS-UTI-aeromovel-da-PM-de-SP-socorre.jpg?fit=1600%2C1200&ssl=1","_links":{"self":[{"href":"https:\/\/guialimeira.com.br\/news\/wp-json\/wp\/v2\/posts\/5805","targetHints":{"allow":["GET"]}}],"collection":[{"href":"https:\/\/guialimeira.com.br\/news\/wp-json\/wp\/v2\/posts"}],"about":[{"href":"https:\/\/guialimeira.com.br\/news\/wp-json\/wp\/v2\/types\/post"}],"author":[{"embeddable":true,"href":"https:\/\/guialimeira.com.br\/news\/wp-json\/wp\/v2\/users\/1"}],"replies":[{"embeddable":true,"href":"https:\/\/guialimeira.com.br\/news\/wp-json\/wp\/v2\/comments?post=5805"}],"version-history":[{"count":0,"href":"https:\/\/guialimeira.com.br\/news\/wp-json\/wp\/v2\/posts\/5805\/revisions"}],"wp:featuredmedia":[{"embeddable":true,"href":"https:\/\/guialimeira.com.br\/news\/wp-json\/wp\/v2\/media\/5806"}],"wp:attachment":[{"href":"https:\/\/guialimeira.com.br\/news\/wp-json\/wp\/v2\/media?parent=5805"}],"wp:term":[{"taxonomy":"category","embeddable":true,"href":"https:\/\/guialimeira.com.br\/news\/wp-json\/wp\/v2\/categories?post=5805"},{"taxonomy":"post_tag","embeddable":true,"href":"https:\/\/guialimeira.com.br\/news\/wp-json\/wp\/v2\/tags?post=5805"}],"curies":[{"name":"wp","href":"https:\/\/api.w.org\/{rel}","templated":true}]}}