{"id":5802,"date":"2024-05-21T14:37:45","date_gmt":"2024-05-21T17:37:45","guid":{"rendered":"https:\/\/guialimeira.com.br\/2024\/05\/21\/governanca-da-petrobras-analisa-indicacao-de-magda-chambriard\/"},"modified":"2024-05-21T14:37:45","modified_gmt":"2024-05-21T17:37:45","slug":"governanca-da-petrobras-analisa-indicacao-de-magda-chambriard","status":"publish","type":"post","link":"https:\/\/guialimeira.com.br\/news\/governanca-da-petrobras-analisa-indicacao-de-magda-chambriard\/","title":{"rendered":"Governan\u00e7a da Petrobras analisa indica\u00e7\u00e3o de Magda Chambriard"},"content":{"rendered":"<p> <br \/>\n<\/p>\n<div>\n<p>Depois de passar pela an\u00e1lise das \u00e1reas de Integridade e de Recursos Humanos da Petrobras, a indica\u00e7\u00e3o de Magda Chambriard para os cargos de presidente e de membro do Conselho de Administra\u00e7\u00e3o da estatal, segue o processo de governan\u00e7a e chegou \u00e0 fase de avalia\u00e7\u00e3o dos comit\u00eas de Elegibilidade e de Pessoas. Caso essa etapa seja conclu\u00edda at\u00e9 sexta-feira (24), \u00e9 poss\u00edvel que no mesmo dia o nome de Magda seja apreciado pelo Conselho de Administra\u00e7\u00e3o, ao qual cabe aprovar a indica\u00e7\u00e3o para a presid\u00eancia e como membro do conselho.<img data-recalc-dims=\"1\" decoding=\"async\" src=\"https:\/\/i0.wp.com\/agenciabrasil.ebc.com.br\/ebc.png?w=696&#038;ssl=1\" style=\"width:1px; height:1px; display:inline;\"\/><img data-recalc-dims=\"1\" decoding=\"async\" src=\"https:\/\/i0.wp.com\/agenciabrasil.ebc.com.br\/ebc.gif?w=696&#038;ssl=1\" style=\"width:1px; height:1px; display:inline;\"\/><\/p>\n<p>Em comunicado divulgado na semana passada, a Petrobras informou que, na mesma reuni\u00e3o, o Conselho de Administra\u00e7\u00e3o apreciar\u00e1 a indica\u00e7\u00e3o de Magda Chambriard como membro do colegiado e sua elei\u00e7\u00e3o como presidente da companhia. Segundo a nota, n\u00e3o \u00e9 necess\u00e1ria a convoca\u00e7\u00e3o de assembleia de acionistas para esse fim.<\/p>\n<h2>Posse<\/h2>\n<p>Ainda n\u00e3o est\u00e1 confirmado se, ainda na sexta-feira, caso tenha o nome aprovado, Magda Chambriard tome posse do cargo de presidente. Todo o processo de an\u00e1lise costuma levar at\u00e9 15 dias, mas, como j\u00e1 tinha acontecido com o ex-presidente Jean Paul Prates, que deixou o cargo na semana passada, a an\u00e1lise pelo Conselho de Administra\u00e7\u00e3o pode ocorrer em prazo menor.<\/p>\n<p>Em reuni\u00e3o realizada tamb\u00e9m na quarta-feira passada (15), o conselho tinha aprovado o encerramento antecipado do mandato de Jean Paul Prates como presidente da empresa de forma negociada, com efeitos a partir daquela data. Com o encerramento do mandato, Prates apresentou sua ren\u00fancia ao cargo de membro do Conselho de Administra\u00e7\u00e3o da empresa.<\/p>\n<p>Diante da vac\u00e2ncia na presid\u00eancia da Petrobras, o presidente do Conselho de Administra\u00e7\u00e3o nomeou como presidente interina da companhia a diretora executiva de Assuntos Corporativos, Clarice Coppetti, at\u00e9 a elei\u00e7\u00e3o e posse da nova titular do cargo, conforme determina o Estatuto Social da companhia.<\/p>\n<p>Na mesma reuni\u00e3o, Conselho de Administra\u00e7\u00e3o destituiu Sergio Caetano Leite do cargo de diretor Financeiro e de Relacionamento com Investidores e nomeou para o posto, de forma interina, o gerente executivo de Finan\u00e7as, Carlos Alberto Rechelo Neto, at\u00e9 a elei\u00e7\u00e3o de novo diretor.<\/p>\n<p>O processo de governan\u00e7a na Petrobras come\u00e7ou em 2015 e, desde ent\u00e3o, todas as indica\u00e7\u00f5es tanto para a presid\u00eancia quanto para as diretorias precisam passar pelas avalia\u00e7\u00f5es.<\/p>\n<\/p><\/div>\n<p><br \/>\n<br \/><a href=\"https:\/\/agenciabrasil.ebc.com.br\/economia\/noticia\/2024-05\/governanca-da-petrobras-analisa-indicacao-de-magda-chambriard\" rel=\"noopener\">Ag\u00eancia Brasil<\/a><\/p>\n","protected":false},"excerpt":{"rendered":"<p>Depois de passar pela an\u00e1lise das \u00e1reas de Integridade e de Recursos Humanos da Petrobras, a indica\u00e7\u00e3o de Magda Chambriard para os cargos de presidente e de membro do Conselho de Administra\u00e7\u00e3o da estatal, segue o processo de governan\u00e7a e chegou \u00e0 fase de avalia\u00e7\u00e3o dos comit\u00eas de Elegibilidade e de Pessoas. Caso essa etapa [&hellip;]<\/p>\n","protected":false},"author":1,"featured_media":5077,"comment_status":"open","ping_status":"open","sticky":false,"template":"","format":"standard","meta":{"_jetpack_newsletter_access":"","_jetpack_dont_email_post_to_subs":false,"_jetpack_newsletter_tier_id":0,"_jetpack_memberships_contains_paywalled_content":false,"_mbp_banners":[],"_jetpack_feature_clip_id":0,"_jetpack_memberships_contains_paid_content":false,"footnotes":"","jetpack_publicize_message":"","jetpack_publicize_feature_enabled":true,"jetpack_social_post_already_shared":true,"jetpack_social_options":{"image_generator_settings":{"template":"highway","default_image_id":0,"font":"","enabled":false},"version":2},"jetpack_post_was_ever_published":false},"categories":[24],"tags":[],"class_list":["post-5802","post","type-post","status-publish","format-standard","has-post-thumbnail","category-economia"],"jetpack_publicize_connections":[],"jetpack-related-posts":[],"jetpack_shortlink":"https:\/\/wp.me\/p7Eq1F-1vA","jetpack_sharing_enabled":true,"jetpack_featured_media_url":"https:\/\/i0.wp.com\/guialimeira.com.br\/news\/wp-content\/uploads\/2024\/05\/921733-anp_cpi_dsc0651.jpg?fit=1600%2C800&ssl=1","_links":{"self":[{"href":"https:\/\/guialimeira.com.br\/news\/wp-json\/wp\/v2\/posts\/5802","targetHints":{"allow":["GET"]}}],"collection":[{"href":"https:\/\/guialimeira.com.br\/news\/wp-json\/wp\/v2\/posts"}],"about":[{"href":"https:\/\/guialimeira.com.br\/news\/wp-json\/wp\/v2\/types\/post"}],"author":[{"embeddable":true,"href":"https:\/\/guialimeira.com.br\/news\/wp-json\/wp\/v2\/users\/1"}],"replies":[{"embeddable":true,"href":"https:\/\/guialimeira.com.br\/news\/wp-json\/wp\/v2\/comments?post=5802"}],"version-history":[{"count":0,"href":"https:\/\/guialimeira.com.br\/news\/wp-json\/wp\/v2\/posts\/5802\/revisions"}],"wp:featuredmedia":[{"embeddable":true,"href":"https:\/\/guialimeira.com.br\/news\/wp-json\/wp\/v2\/media\/5077"}],"wp:attachment":[{"href":"https:\/\/guialimeira.com.br\/news\/wp-json\/wp\/v2\/media?parent=5802"}],"wp:term":[{"taxonomy":"category","embeddable":true,"href":"https:\/\/guialimeira.com.br\/news\/wp-json\/wp\/v2\/categories?post=5802"},{"taxonomy":"post_tag","embeddable":true,"href":"https:\/\/guialimeira.com.br\/news\/wp-json\/wp\/v2\/tags?post=5802"}],"curies":[{"name":"wp","href":"https:\/\/api.w.org\/{rel}","templated":true}]}}