{"id":5801,"date":"2024-05-21T14:28:42","date_gmt":"2024-05-21T17:28:42","guid":{"rendered":"https:\/\/guialimeira.com.br\/2024\/05\/21\/joao-francisco-dias-e-mosart-antunes-rodrigues-receberao-titulo-de-cidadao-limeirense\/"},"modified":"2024-05-21T14:28:42","modified_gmt":"2024-05-21T17:28:42","slug":"joao-francisco-dias-e-mosart-antunes-rodrigues-receberao-titulo-de-cidadao-limeirense","status":"publish","type":"post","link":"https:\/\/guialimeira.com.br\/news\/joao-francisco-dias-e-mosart-antunes-rodrigues-receberao-titulo-de-cidadao-limeirense\/","title":{"rendered":"Jo\u00e3o Francisco Dias e Mosart Antunes Rodrigues receber\u00e3o T\u00edtulo de Cidad\u00e3o Limeirense"},"content":{"rendered":"<p> <br \/>\n<\/p>\n<div>\n<p>Na sess\u00e3o ordin\u00e1ria desta segunda-feira, 20 de maio, foram aprovadas duas propostas que homenageiam com o T\u00edtulo de Cidad\u00e3o Limeirense duas personalidades. O <a href=\"http:\/\/consulta.limeira.sp.leg.br\/Documentos\/Documento\/342667\" rel=\"noopener\">Projeto de Decreto Legislativo N\u00ba 7\/2024<\/a>, do vereador Farid Zaine (PL), concede a honraria a Jo\u00e3o Francisco Dias, j\u00e1 o <a href=\"http:\/\/consulta.limeira.sp.leg.br\/Documentos\/Documento\/332844\" rel=\"noopener\">Projeto de Decreto Legislativo N\u00ba 42\/2023<\/a>, do vereador Sidney Pascotto (PRTB), condecora Mosart Antunes Rodrigues.<\/p>\n<p><strong>Jo\u00e3o Francisco Dias<\/strong><\/p>\n<p>Jo\u00e3o nasceu em Novo Horizonte &#8211; SP, em 1944, mudou-se para Limeira em 1980, trabalhou como supervisor de supermercado e representante comercial. Ap\u00f3s a aposentadoria, h\u00e1 19 anos, virou horticultor de uma horta localizada na Avenida Laranjeiras.<\/p>\n<p>\u201c\u00c9 cat\u00f3lico e muito colabora com a Par\u00f3quia Nossa Senhora Aparecida, na Vila Queiroz e suas comunidades, sempre fornecendo hortali\u00e7as cultivadas na horta para feijoadas e outras campanhas. Por muito tempo tamb\u00e9m trabalhou nas quermesses e festividades religiosas\u201d, concluiu o vereador.<\/p>\n<p><strong>Mosart Antunes Rodrigues<\/strong><\/p>\n<p>Nascido em Rio Pardo de Minas &#8211; MG, se mudou para Limeira aos 18 anos. Trabalhou como repositor no supermercado Bom Jesus, atual Sempre-Vale, e no Serv Bem, atuou como porteiro no condom\u00ednio San Marino. Em 2002 fundou a empresa MR Mosart, que presta servi\u00e7o terceirizado de portaria e limpeza nas cidades de Americana, Iracem\u00e1polis, Leme, Paul\u00ednia e Piracicaba.\u00a0<\/p>\n<p>\u201cEm 2017 assumiu o cargo de pastor na Igreja Penteostal Jesus Cristo Est\u00e1 Voltando, do Jardim Manac\u00e1. Atualmente mais de 160 fam\u00edlias foram atendidas ao longo dos anos, al\u00e9m da comunidade crist\u00e3 local\u201d, concluiu o proponente.<\/p>\n<\/p><\/div>\n<p><br \/>\n<br \/><a href=\"https:\/\/www.limeira.sp.leg.br\/noticias\/view\/2024-05-21_joao-francisco-dias-e-mosart-antunes-rodrigues-receberao-titulo-de-cidadao-limeirense\" rel=\"noopener\">Informa\u00e7\u00f5es CML<\/a><\/p>\n","protected":false},"excerpt":{"rendered":"<p>Na sess\u00e3o ordin\u00e1ria desta segunda-feira, 20 de maio, foram aprovadas duas propostas que homenageiam com o T\u00edtulo de Cidad\u00e3o Limeirense duas personalidades. O Projeto de Decreto Legislativo N\u00ba 7\/2024, do vereador Farid Zaine (PL), concede a honraria a Jo\u00e3o Francisco Dias, j\u00e1 o Projeto de Decreto Legislativo N\u00ba 42\/2023, do vereador Sidney Pascotto (PRTB), condecora [&hellip;]<\/p>\n","protected":false},"author":1,"featured_media":0,"comment_status":"open","ping_status":"open","sticky":false,"template":"","format":"standard","meta":{"_jetpack_newsletter_access":"","_jetpack_dont_email_post_to_subs":false,"_jetpack_newsletter_tier_id":0,"_jetpack_memberships_contains_paywalled_content":false,"_mbp_banners":[],"_jetpack_feature_clip_id":0,"_jetpack_memberships_contains_paid_content":false,"footnotes":"","jetpack_publicize_message":"","jetpack_publicize_feature_enabled":true,"jetpack_social_post_already_shared":true,"jetpack_social_options":{"image_generator_settings":{"template":"highway","default_image_id":0,"font":"","enabled":false},"version":2},"jetpack_post_was_ever_published":false},"categories":[19],"tags":[],"class_list":["post-5801","post","type-post","status-publish","format-standard","category-politica"],"jetpack_publicize_connections":[],"jetpack-related-posts":[],"jetpack_shortlink":"https:\/\/wp.me\/p7Eq1F-1vz","jetpack_sharing_enabled":true,"jetpack_featured_media_url":"","_links":{"self":[{"href":"https:\/\/guialimeira.com.br\/news\/wp-json\/wp\/v2\/posts\/5801","targetHints":{"allow":["GET"]}}],"collection":[{"href":"https:\/\/guialimeira.com.br\/news\/wp-json\/wp\/v2\/posts"}],"about":[{"href":"https:\/\/guialimeira.com.br\/news\/wp-json\/wp\/v2\/types\/post"}],"author":[{"embeddable":true,"href":"https:\/\/guialimeira.com.br\/news\/wp-json\/wp\/v2\/users\/1"}],"replies":[{"embeddable":true,"href":"https:\/\/guialimeira.com.br\/news\/wp-json\/wp\/v2\/comments?post=5801"}],"version-history":[{"count":0,"href":"https:\/\/guialimeira.com.br\/news\/wp-json\/wp\/v2\/posts\/5801\/revisions"}],"wp:attachment":[{"href":"https:\/\/guialimeira.com.br\/news\/wp-json\/wp\/v2\/media?parent=5801"}],"wp:term":[{"taxonomy":"category","embeddable":true,"href":"https:\/\/guialimeira.com.br\/news\/wp-json\/wp\/v2\/categories?post=5801"},{"taxonomy":"post_tag","embeddable":true,"href":"https:\/\/guialimeira.com.br\/news\/wp-json\/wp\/v2\/tags?post=5801"}],"curies":[{"name":"wp","href":"https:\/\/api.w.org\/{rel}","templated":true}]}}