{"id":5794,"date":"2024-05-21T13:27:43","date_gmt":"2024-05-21T16:27:43","guid":{"rendered":"https:\/\/guialimeira.com.br\/2024\/05\/21\/camara-aprova-criacao-do-programa-terceira-idade-em-atividade\/"},"modified":"2024-05-21T13:27:43","modified_gmt":"2024-05-21T16:27:43","slug":"camara-aprova-criacao-do-programa-terceira-idade-em-atividade","status":"publish","type":"post","link":"https:\/\/guialimeira.com.br\/news\/camara-aprova-criacao-do-programa-terceira-idade-em-atividade\/","title":{"rendered":"C\u00e2mara aprova cria\u00e7\u00e3o do programa Terceira Idade em Atividade"},"content":{"rendered":"<p> <br \/>\n<\/p>\n<div>\n<p>Com o objetivo de incentivar a inser\u00e7\u00e3o e a manuten\u00e7\u00e3o de idosos no mercado de trabalho, a C\u00e2mara Municipal aprovou o programa \u201cTerceira Idade em Atividade\u201d, na sess\u00e3o ordin\u00e1ria desta segunda-feira, 20 de maio. O <a href=\"http:\/\/consulta.limeira.sp.leg.br\/Documentos\/Documento\/320875\" rel=\"noopener\">Projeto de Lei N\u00b0 114\/2023<\/a> votado \u00e9 de autoria da vereadora Const\u00e2ncia F\u00e9lix (Agir).<\/p>\n<p>\u00c9 considerada idosa a pessoa com idade igual ou superior a 60 anos. Para esse p\u00fablico, o texto legislativo prev\u00ea um conjunto de a\u00e7\u00f5es a serem desenvolvidas, como, por exemplo, estimular a contrata\u00e7\u00e3o de trabalhadores idosos por pessoas jur\u00eddicas de direito privado. A proposi\u00e7\u00e3o estabelece ainda a cria\u00e7\u00e3o de um cadastro \u00fanico para intermediar a demanda desses trabalhadores e a oferta de vagas de trabalho, bem como a capacita\u00e7\u00e3o profissional e realiza\u00e7\u00e3o de campanhas informativas visando \u00e0 redu\u00e7\u00e3o do preconceito de idade.\u00a0\u00a0<\/p>\n<p>Segundo a parlamentar, o preconceito e desinforma\u00e7\u00e3o ainda permeiam a contrata\u00e7\u00e3o e manuten\u00e7\u00e3o desses profissionais. \u201cA inclus\u00e3o e manuten\u00e7\u00e3o de pessoas idosas no mercado de trabalho revela-se de grande import\u00e2ncia para nossa evolu\u00e7\u00e3o como sociedade, tendo em vista o gradual e implac\u00e1vel envelhecimento da popula\u00e7\u00e3o brasileira, al\u00e9m da solu\u00e7\u00e3o dos problemas j\u00e1 apontados como d\u00e9ficit previdenci\u00e1rio e a situa\u00e7\u00e3o de vulnerabilidade que afeta tantos indiv\u00edduos da terceira idade\u201d, defendeu Const\u00e2ncia F\u00e9lix.\u00a0\u00a0<\/p>\n<p>A proponente constou na justificativa do projeto que o n\u00famero de idosos no Brasil ultrapassa 30 milh\u00f5es. \u201cDados do IBGE estimam que em 2060 cerca de 25% da popula\u00e7\u00e3o ter\u00e1 mais de 65 anos\u201d, informou.<\/p>\n<p>O projeto ser\u00e1 encaminhado ao Poder Executivo para ser sancionado ou vetado. Se sancionado pelo prefeito Mario Botion (PSD), ser\u00e1 promulgado e publicado no Jornal Oficial do Munic\u00edpio, passando a ser lei.\u00a0\u00a0<\/p>\n<\/p><\/div>\n<p><br \/>\n<br \/><a href=\"https:\/\/www.limeira.sp.leg.br\/noticias\/view\/2024-05-21_camara-aprova-criacao-do-programa-terceira-idade-em-atividade\" rel=\"noopener\">Informa\u00e7\u00f5es CML<\/a><\/p>\n","protected":false},"excerpt":{"rendered":"<p>Com o objetivo de incentivar a inser\u00e7\u00e3o e a manuten\u00e7\u00e3o de idosos no mercado de trabalho, a C\u00e2mara Municipal aprovou o programa \u201cTerceira Idade em Atividade\u201d, na sess\u00e3o ordin\u00e1ria desta segunda-feira, 20 de maio. O Projeto de Lei N\u00b0 114\/2023 votado \u00e9 de autoria da vereadora Const\u00e2ncia F\u00e9lix (Agir). \u00c9 considerada idosa a pessoa com [&hellip;]<\/p>\n","protected":false},"author":1,"featured_media":0,"comment_status":"open","ping_status":"open","sticky":false,"template":"","format":"standard","meta":{"_jetpack_newsletter_access":"","_jetpack_dont_email_post_to_subs":false,"_jetpack_newsletter_tier_id":0,"_jetpack_memberships_contains_paywalled_content":false,"_mbp_banners":[],"_jetpack_feature_clip_id":0,"_jetpack_memberships_contains_paid_content":false,"footnotes":"","jetpack_publicize_message":"","jetpack_publicize_feature_enabled":true,"jetpack_social_post_already_shared":true,"jetpack_social_options":{"image_generator_settings":{"template":"highway","default_image_id":0,"font":"","enabled":false},"version":2},"jetpack_post_was_ever_published":false},"categories":[19],"tags":[],"class_list":["post-5794","post","type-post","status-publish","format-standard","category-politica"],"jetpack_publicize_connections":[],"jetpack-related-posts":[],"jetpack_shortlink":"https:\/\/wp.me\/p7Eq1F-1vs","jetpack_sharing_enabled":true,"jetpack_featured_media_url":"","_links":{"self":[{"href":"https:\/\/guialimeira.com.br\/news\/wp-json\/wp\/v2\/posts\/5794","targetHints":{"allow":["GET"]}}],"collection":[{"href":"https:\/\/guialimeira.com.br\/news\/wp-json\/wp\/v2\/posts"}],"about":[{"href":"https:\/\/guialimeira.com.br\/news\/wp-json\/wp\/v2\/types\/post"}],"author":[{"embeddable":true,"href":"https:\/\/guialimeira.com.br\/news\/wp-json\/wp\/v2\/users\/1"}],"replies":[{"embeddable":true,"href":"https:\/\/guialimeira.com.br\/news\/wp-json\/wp\/v2\/comments?post=5794"}],"version-history":[{"count":0,"href":"https:\/\/guialimeira.com.br\/news\/wp-json\/wp\/v2\/posts\/5794\/revisions"}],"wp:attachment":[{"href":"https:\/\/guialimeira.com.br\/news\/wp-json\/wp\/v2\/media?parent=5794"}],"wp:term":[{"taxonomy":"category","embeddable":true,"href":"https:\/\/guialimeira.com.br\/news\/wp-json\/wp\/v2\/categories?post=5794"},{"taxonomy":"post_tag","embeddable":true,"href":"https:\/\/guialimeira.com.br\/news\/wp-json\/wp\/v2\/tags?post=5794"}],"curies":[{"name":"wp","href":"https:\/\/api.w.org\/{rel}","templated":true}]}}