{"id":579,"date":"2024-03-30T15:19:45","date_gmt":"2024-03-30T18:19:45","guid":{"rendered":"https:\/\/guialimeira.com.br\/2024\/03\/30\/apesar-de-indicios-de-racha-estrutura-do-pcc-ja-esta-consolidada\/"},"modified":"2024-03-30T15:19:45","modified_gmt":"2024-03-30T18:19:45","slug":"apesar-de-indicios-de-racha-estrutura-do-pcc-ja-esta-consolidada","status":"publish","type":"post","link":"https:\/\/guialimeira.com.br\/news\/apesar-de-indicios-de-racha-estrutura-do-pcc-ja-esta-consolidada\/","title":{"rendered":"Apesar de ind\u00edcios de racha, estrutura do PCC j\u00e1 est\u00e1 consolidada"},"content":{"rendered":"<p> <br \/>\n<\/p>\n<div>\n<p>\u00a0Uma s\u00e9rie de mortes violentas ocorridas nos \u00faltimos meses causadas por disputas internas entre lideran\u00e7as da fac\u00e7\u00e3o criminosa Primeiro Comando da Capital (PCC) tem mostrado que o grupo pode estar caminhando para uma in\u00e9dita divis\u00e3o. No entanto, apesar dos ind\u00edcios do \u201cracha\u201d, a estrutura e a cultura criminal j\u00e1 criada pela fac\u00e7\u00e3o est\u00e3o consolidadas e deixam pouco espa\u00e7o para o surgimento de um grupo concorrente.<img data-recalc-dims=\"1\" decoding=\"async\" src=\"https:\/\/i0.wp.com\/agenciabrasil.ebc.com.br\/ebc.png?w=696&#038;ssl=1\" style=\"width:1px; height:1px; display:inline;\"\/><img data-recalc-dims=\"1\" decoding=\"async\" src=\"https:\/\/i0.wp.com\/agenciabrasil.ebc.com.br\/ebc.gif?w=696&#038;ssl=1\" style=\"width:1px; height:1px; display:inline;\"\/><\/p>\n<p>A avalia\u00e7\u00e3o \u00e9 do pesquisador da Universidade de S\u00e3o Paulo (USP), escritor e jornalista Bruno Paes Manso, entrevistado pela <strong>Ag\u00eancia Brasil<\/strong>. \u201cParece que se produziu uma nova cultura da carreira criminal. E eu n\u00e3o sei se haveria espa\u00e7o para um PCC do B, por exemplo, inventar uma nova estrutura, porque parece que \u00e9 uma cultura criminal j\u00e1 consolidada no estado\u201d, disse.<\/p>\n<p>Contudo, o pesquisador faz uma ressalva sobre a dificuldade de fazer previs\u00f5es precisas no mundo do crime: \u201c\u00e9 uma casca de banana, porque pode acontecer alguma coisa imprevis\u00edvel e o castelo de cartas desmoronar. \u00c9 sempre muito dif\u00edcil voc\u00ea trabalhar com essa imprevisibilidade.&#8221;<\/p>\n<p>Na entrevista, o estudioso, que pesquisa h\u00e1 mais de 20 anos temas ligados \u00e0 viol\u00eancia, avaliou tamb\u00e9m a atua\u00e7\u00e3o da pol\u00edcia paulista na Baixada Santista, nas opera\u00e7\u00f5es Ver\u00e3o e Escudo, que resultaram, em 50 mortes de civis at\u00e9 o \u00faltimo dia 22, em supostos confrontos com agentes da corpora\u00e7\u00e3o.<\/p>\n<p>Na \u00faltima segunda-feira (25), a Ouvidoria de Pol\u00edcia do Estado de S\u00e3o Paulo divulgou na \u00faltima segunda-feira (25) <a href=\"https:\/\/agenciabrasil.ebc.com.br\/direitos-humanos\/noticia\/2024-03\/ouvidoria-e-familias-denunciam-execucoes-pela-pm-na-baixada-santista\" target=\"_blank\" rel=\"noopener\">um relat\u00f3rio em que denuncia<\/a> 11 casos em que a Pol\u00edcia Militar (PM) teria feito execu\u00e7\u00f5es na Baixada Santista.<\/p>\n<p>Bruno Paes Manso \u00e9 pesquisador do N\u00facleo de Estudo da Viol\u00eancia da USP (NEV-USP) e vencedor do Pr\u00eamio Jabuti em 2011, com o livro <em>A Rep\u00fablica das Mil\u00edcias<\/em>. Ele tamb\u00e9m \u00e9 autor de <em>A F\u00e9 e o Fuzil: Crime e Religi\u00e3o no Brasil do s\u00e9culo 21<\/em>, publicado em 2023.<\/p>\n<p>Confira trechos da entrevista exclusiva que o pesquisador Bruno Paes Manso concedeu \u00e0 <strong>Ag\u00eancia Brasil.<\/strong><\/p>\n<p><strong>Ag\u00eancia Brasil:<\/strong> Nos \u00faltimos meses, atritos envolvendo lideran\u00e7as da principal fac\u00e7\u00e3o criminosa do estado, o Primeiro Comando da Capital (PCC), tornaram-se p\u00fablicos. Uma s\u00e9rie de assassinatos tem ocorrido envolvendo membros da c\u00fapula da fac\u00e7\u00e3o. Voc\u00ea avalia que a divis\u00e3o do grupo est\u00e1 se aproximando e, consequentemente, o fim da hegemonia que ele tem no mundo do crime em S\u00e3o Paulo?<\/p>\n<p><strong>Bruno Paes Manso:<\/strong> Eu acho que a estrat\u00e9gia do Minist\u00e9rio P\u00fablico [de S\u00e3o Paulo], mandando os chefes do PCC para os pres\u00eddios federais, era essa [tentar dividir o grupo]. At\u00e9 inspirada nas estrat\u00e9gias italianas contra a m\u00e1fia. Eles pensavam em isolar essas lideran\u00e7as, como aconteceu por l\u00e1, para que, a partir do isolamento, houvesse esse racha, esse estremecimento entre as lideran\u00e7as. Foi assim que os promotores na It\u00e1lia conseguiram fragilizar a m\u00e1fia, a partir das disputas internas dentro dela. E essa sempre foi a estrat\u00e9gia do Minist\u00e9rio P\u00fablico.<\/p>\n<p>Houve essas mortes envolvendo pessoas da c\u00fapula. De fato, o Minist\u00e9rio P\u00fablico tem mostrado esses dados, existe um abalo. [H\u00e1] tr\u00eas pessoas da lideran\u00e7a batendo de frente, em poss\u00edvel confronto com Marcola [Marcos Willians Herbas Camacho, apontado como uma das principais lideran\u00e7as do PCC]. Isso vem acontecendo e esse fato tem se mostrado a partir dos ind\u00edcios colhidos pelo Minist\u00e9rio P\u00fablico.<\/p>\n<p>Mas, por outro lado, nesses 30 anos do PCC na rua, ele j\u00e1 criou uma estrutura que muitas vezes acaba andando sozinha. A organiza\u00e7\u00e3o nas comunidades, dentro das pris\u00f5es, ela, de alguma forma, \u00e9 aceita e abra\u00e7ada porque ela permite que os que participam dessa carreira criminal ganhem mais dinheiro, tenham menos confronto, e atuem de uma forma mais profissional no crime, que \u00e9 o grande ganho que o PCC trouxe para a carreira criminal em S\u00e3o Paulo e, de alguma forma, no Brasil.<\/p>\n<p>Ent\u00e3o, \u00e9 uma coisa que eu fico me perguntando: at\u00e9 que ponto o conflito entre alguns nomes vai abalar essa estrutura que est\u00e1 funcionando e est\u00e1 permitindo o crime ganhar mais dinheiro e ser muito mais lucrativo?<\/p>\n<p>Essas mortes j\u00e1 est\u00e3o acontecendo faz tempo, s\u00f3 que a estrutura burocr\u00e1tica e a forma de organizar o crime que o PCC criou segue acontecendo. Ent\u00e3o, a gente v\u00ea, em 2023, os homic\u00eddios em S\u00e3o Paulo ca\u00edram, apesar desse estremecimento j\u00e1 ocorrer h\u00e1 muito tempo.<\/p>\n<p>Parece tamb\u00e9m que se produziu uma nova cultura da carreira criminal. E eu n\u00e3o sei se haveria espa\u00e7o para um PCC do B, por exemplo, inventar uma nova estrutura, porque parece que \u00e9 uma cultura criminal j\u00e1 consolidada no estado.<\/p>\n<p>Mas jornalista, pesquisador sempre que tenta prever o futuro acaba trope\u00e7ando. \u00c9 uma casca de banana, porque pode acontecer alguma coisa imprevis\u00edvel e o castelo de cartas desmoronar. \u00c9 sempre muito dif\u00edcil voc\u00ea trabalhar com essa imprevisibilidade, com as diversas vari\u00e1veis poss\u00edveis de acontecer no futuro. Mas, a partir do que a gente tem visto, eu acho que \u00e9 uma estrutura relativamente bem consolidada.<\/p>\n<div class=\"dnd-widget-wrapper context-cheio_8colunas type-image\">\n<div class=\"dnd-atom-rendered\"><!-- scald=378324:cheio_8colunas --><\/p>\n<div class=\"shadow overflow-hidden rounded-lg d-block w-100\">\n            <img data-recalc-dims=\"1\" decoding=\"async\" src=\"https:\/\/i0.wp.com\/agenciabrasil.ebc.com.br\/sites\/default\/files\/thumbnails\/image\/loading_v2.gif?w=696&#038;ssl=1\" data-echo=\"https:\/\/imagens.ebc.com.br\/6OFoFztYgciUrPF1LzVfleTXnbY=\/754x0\/smart\/https:\/\/agenciabrasil.ebc.com.br\/sites\/default\/files\/thumbnails\/image\/2024\/03\/28\/bruno_paes_manso1.jpg?itok=KEu6sZY6\" alt=\"S\u00e3o Paulo (SP) 28\/03\/2024 - Entrevista com Bruno Paes Manso, pesquisador do N\u00facleo de Estudos da Viol\u00eancia (NEV) da USP.&#13;&#10;Foto: Paulo Pinto\/Ag\u00eancia Brasil\" title=\"Paulo Pinto\/Ag\u00eancia Brasil\" class=\"flex-fill img-cover\"\/><br \/>\n        <img data-recalc-dims=\"1\" decoding=\"async\" src=\"https:\/\/i0.wp.com\/imagens.ebc.com.br\/6OFoFztYgciUrPF1LzVfleTXnbY%3D\/754x0\/smart\/https%3A\/\/agenciabrasil.ebc.com.br\/sites\/default\/files\/thumbnails\/image\/2024\/03\/28\/bruno_paes_manso1.jpg?w=696&#038;ssl=1\" alt=\"S\u00e3o Paulo (SP) 28\/03\/2024 - Entrevista com Bruno Paes Manso, pesquisador do N\u00facleo de Estudos da Viol\u00eancia (NEV) da USP.&#13;&#10;Foto: Paulo Pinto\/Ag\u00eancia Brasil\" title=\"Paulo Pinto\/Ag\u00eancia Brasil\" class=\"flex-fill img-cover\"\/>\n    <\/div>\n<p><!-- END scald=378324 --><\/div>\n<p><h6 class=\"meta\"><!--copyright=378324-->Bruno Paes Manso \u00e9 pesquisador do N\u00facleo de Estudos da Viol\u00eancia (NEV) da USP &#8211; <strong>Paulo Pinto\/Ag\u00eancia Brasil<\/strong><!--END copyright=378324--><\/h6>\n<\/p>\n<\/div>\n<p><strong>Ag\u00eancia Brasil: <\/strong>Atualmente, o estado de S\u00e3o Paulo tem um \u00edndice geral de assassinatos relativamente baixo. E muito se daria pela n\u00e3o exist\u00eancia de guerras de fac\u00e7\u00f5es no estado, porque o PCC \u00e9 hegem\u00f4nico. N\u00e3o h\u00e1 uma disputa pelo mercado das drogas, por exemplo. Essa estrat\u00e9gia de tentar dividir esse grupo criminoso n\u00e3o poderia acarretar no fim desse cen\u00e1rio est\u00e1vel?<\/p>\n<p><strong>Bruno Paes Manso: <\/strong>Eu acho que sim, \u00e9 um risco. E eu acho que realmente S\u00e3o Paulo vivia, h\u00e1 20 anos, uma situa\u00e7\u00e3o muito dram\u00e1tica com as mortes que aconteciam nas periferias. Eu cobri esses casos, acompanhei essas hist\u00f3rias, e \u00e9 um passado ao qual a gente n\u00e3o deve querer voltar ou aceitar voltar de forma alguma.<\/p>\n<p>Esse risco me parece que existe e me parece que a gente deve prestar muita aten\u00e7\u00e3o. Caso dois grandes grupos passem a disputar mercado e territ\u00f3rio, seria uma trag\u00e9dia, muitas pessoas inocentes perderiam a vida por causa disso tamb\u00e9m. Porque nas disputas entre grupos criminais, muitas vezes, acaba sobrando para quem convive perto dessas pessoas. E \u00e9 algo que a gente n\u00e3o deve aceitar.<\/p>\n<p>Mas me parece que o Minist\u00e9rio P\u00fablico, ao mesmo tempo, est\u00e1 muito atento e receoso, em raz\u00e3o do crescimento do PCC econ\u00f4mico e pol\u00edtico e da crescente capacidade do PCC de entrar na economia formal com novas empresas, e na pol\u00edtica, a partir da lavagem de dinheiro, da constru\u00e7\u00e3o de empresas formais e do financiamento de campanhas, principalmente municipais, nas c\u00e2maras de vereadores e de prefeito.<\/p>\n<p>Ent\u00e3o \u00e9 uma leitura do Minist\u00e9rio P\u00fablico de que a gente est\u00e1 vivendo um processo de m\u00e1fia, caminhando no sentido do que as m\u00e1fias italianas viraram, com muita influ\u00eancia pol\u00edtica, muita influ\u00eancia econ\u00f4mica, com capacidade grande de comprar autoridades, de conquistar votos e de influenciar a pol\u00edtica e as decis\u00f5es da elite em S\u00e3o Paulo.<\/p>\n<p>Essa \u00e9 a preocupa\u00e7\u00e3o do Minist\u00e9rio P\u00fablico, que enxerga a disputa na c\u00fapula como uma estrat\u00e9gia de fragilizar economicamente esse grupo. \u00c9 uma das apostas. Mas, de fato, caso haja confronto e caso ganhe uma dimens\u00e3o de guerra e de choque entre duas grandes fac\u00e7\u00f5es, isso pode ser tr\u00e1gico. Mas eu acho que eles trabalham mais com essa ideia de fragilizar economicamente esses grupos que est\u00e3o cada vez mais fortes.<\/p>\n<p><strong>Ag\u00eancia Brasil: <\/strong>Nos Estados Unidos, nas primeiras d\u00e9cadas do s\u00e9culo 20, os mafiosos passaram a investir os recursos obtidos ilicitamente na compra de neg\u00f3cios legais, empresas regulares. Voc\u00ea v\u00ea algo parecido ocorrendo no crime organizado aqui no Brasil?<\/p>\n<p><strong>Bruno Paes Manso: <\/strong>Sim, se v\u00ea algo parecido, mais em S\u00e3o Paulo do que no Rio de Janeiro. \u00c9 curioso porque o PCC soube gerir o neg\u00f3cio voltado para o mercado atacadista de drogas e entrou num dinheiro grosso, nas divisas da fronteira da Am\u00e9rica do Sul, acessando os mercados produtores, atuando na distribui\u00e7\u00e3o de drogas para outros continentes, fazendo contato com m\u00e1fias internacionais, colocando droga nos diversos continentes do mundo, recebendo em d\u00f3lar um lucro muito mais elevado do que recebia quando atuava no varejo.<\/p>\n<p>O varejo, al\u00e9m de dar pouco dinheiro, os custos s\u00e3o muito altos, pela corrup\u00e7\u00e3o policial, pelos conflitos muitas vezes que acontecem. J\u00e1 no atacado, voc\u00ea entra no dinheiro grosso, no mercado de armas, \u00e9 uma outra escala.<\/p>\n<p>E isso fez com que o PCC tivesse muito mais dinheiro e ganhasse muito mais do que antes. O Minist\u00e9rio P\u00fablico hoje estima que o faturamento do PCC \u00e9 de um bilh\u00e3o de d\u00f3lares. \u00c9 um dos grupos hoje mais rent\u00e1veis, que conseguem gerar mais dinheiro. Isso sem contar o dinheiro avulso dos seus filiados, porque esse \u00e9 o dinheiro do PCC, como estrutura pessoa jur\u00eddica. Voc\u00ea ainda tem uma estrutura muito horizontal, que cada um tem sua pr\u00f3pria receita e or\u00e7amento, que n\u00e3o se contabiliza como sendo do PCC.<\/p>\n<p>Ent\u00e3o esse mercado \u00e9 bilion\u00e1rio. E esse dinheiro come\u00e7a a entrar na economia. Aqui em S\u00e3o Paulo j\u00e1 existem apura\u00e7\u00f5es do Minist\u00e9rio P\u00fablico e da pol\u00edcia que identificam uma importante fatia do transporte p\u00fablico em S\u00e3o Paulo sendo feito por empresas ligadas ao PCC. Voc\u00ea tem boa parte dos passageiros em S\u00e3o Paulo sendo transportados por empresas suspeitas.<\/p>\n<p>Existem hoje <em>fintechs<\/em> sendo criadas para lavar dinheiro do PCC, criptomoedas, fundos de investimento privados na \u00e1rea da constru\u00e7\u00e3o civil, al\u00e9m dos postos de gasolina, das adegas, das padarias e das pr\u00f3prias igrejas, que tamb\u00e9m apareceram como um meio de lavar dinheiro pelo segundo homem do PCC que \u00e9 o Colorido [Valdeci Alves dos Santos].<\/p>\n<p>Ent\u00e3o voc\u00ea j\u00e1 tem um ingresso desse dinheiro grosso movimentando a economia e a pol\u00edtica no Brasil e, principalmente, a partir de S\u00e3o Paulo. Porque n\u00e3o \u00e9 mais o traficante que est\u00e1 lavando dinheiro. Esse dinheiro do tr\u00e1fico j\u00e1 se desdobrou em empresas, agora \u00e9 um empres\u00e1rio que tem essa influ\u00eancia e voc\u00ea perdeu a origem ilegal do dinheiro. Ent\u00e3o a coisa fica muito mais complexa.<\/p>\n<p><strong>Ag\u00eancia Brasil: <\/strong>Como voc\u00ea est\u00e1 vendo essa situa\u00e7\u00e3o da viol\u00eancia no litoral paulista, especialmente na Baixada Santista? O que pode explicar essa quantidade de mortes, de civis e de policiais?<\/p>\n<p><strong>Bruno Paes Manso: <\/strong>Eu acho que em Santos, assim como aconteceu outras vezes, \u00e9 dif\u00edcil saber, mas come\u00e7ou com a morte de um policial, o assassinato de um policial por algu\u00e9m do PCC. Eu n\u00e3o sei qual foi o motivo, se foi algum motivo estrat\u00e9gico ou foi uma eventualidade. Me parece mais uma eventualidade que n\u00e3o costuma acontecer, porque realmente a morte de um policial costuma ter consequ\u00eancias pesadas.<\/p>\n<p>Mas o fato \u00e9 que esse policial da Rota morreu e deu in\u00edcio a essa Opera\u00e7\u00e3o Escudo, dando uma resposta tradicional \u00e0 forma de agir da pol\u00edcia, que desde os anos 1960 costuma responder \u00e0 morte de um policial com vingan\u00e7a. E \u00e9 muito dram\u00e1tico quando um policial morre, ou quando um pol\u00edtico morre, ou quando um juiz morre, ou quando um promotor morre, ou quando um jornalista morre, porque n\u00e3o \u00e9 s\u00f3 o indiv\u00edduo que est\u00e1 sendo atacado, mas \u00e9 o pr\u00f3prio cargo que ele representa.<\/p>\n<p>Ent\u00e3o a morte de uma figura como um policial, como um promotor ou como um juiz realmente \u00e9 grave, porque \u00e9 um atentado contra a pr\u00f3pria institui\u00e7\u00e3o, contra a pr\u00f3pria justi\u00e7a. Ent\u00e3o deve-se prestar muita aten\u00e7\u00e3o a esse tipo de viol\u00eancia. S\u00f3 que, tradicionalmente, voc\u00ea tem uma hist\u00f3ria relacionada a isso, os policiais ficam emocionados e respondem de uma forma tradicional e equivocada, que \u00e9 pela vingan\u00e7a.<\/p>\n<p>Os esquadr\u00f5es da morte no Brasil, em S\u00e3o Paulo e no Rio de Janeiro, formaram-se a partir de uma vingan\u00e7a. No Rio de Janeiro morreu o [detetive da pol\u00edcia] Milton Le Cocq e os policiais prometeram matar dez bandidos para cada policial morto. Em S\u00e3o Paulo, em 1968, quem morreu foi o [investigador da pol\u00edcia] Davi Parr\u00e9, que tamb\u00e9m era um policial civil, e que, depois da morte dele, os policiais juraram se vingar com dez bandidos mortos para cada policial.<\/p>\n<p>Isso tudo foi manchete de jornal, na \u00e9poca. Jornais mais sensacionalistas publicavam esse tipo de bravata. E isso continuou. Em 2006, a gente acompanhou na \u00e9poca dos atentados, mais de 50 policiais morreram, uma situa\u00e7\u00e3o dram\u00e1tica, muito revoltante. Mas, na sequ\u00eancia, os policiais partiram para as quebradas e, ao longo de nove dias, morreram mais de 900 pessoas. Os chamados Crimes de Maio. Crimes brutais, crimes que nunca foram investigados, que resultaram, inclusive, nas M\u00e3es de Maio, um grupo de m\u00e3es que se juntaram para cobrar a investiga\u00e7\u00e3o da morte dos seus filhos.<\/p>\n<p>Uma delas eu conheci mais de perto, que era a Vera, ela perdeu a filha gr\u00e1vida, na v\u00e9spera da menina dar a luz \u00e0 neta dela. A filha da Vera estava gr\u00e1vida de nove meses, morreu assassinada. Ela e a neta da Vera, a filha dela, junto com o genro. Os tr\u00eas morreram.<\/p>\n<p>Os policiais amea\u00e7aram ela durante o vel\u00f3rio. Ela n\u00e3o p\u00f4de nem chorar a morte da filha direito. Ela continuou na luta. Os policiais continuaram amea\u00e7ando ela. Ela foi presa em flagrante com drogas pelos pr\u00f3prios policiais que ela acusava.<\/p>\n<p>Ela dizia que a droga n\u00e3o era dela, n\u00e3o deram bola para isso, ela ficou tr\u00eas anos presa, dizendo para os familiares dela n\u00e3o irem visit\u00e1-la, porque ela tinha medo de tamb\u00e9m arrumarem um flagrante para eles.<\/p>\n<p>Ficou sozinha na pris\u00e3o, depois de ter os tr\u00eas parentes mortos, e saiu da pris\u00e3o. Morreu de depress\u00e3o em cima da cama, abra\u00e7ada na foto da filha. Uma hist\u00f3ria terr\u00edvel em decorr\u00eancia dessa vingan\u00e7a. A gente, muitas vezes, n\u00e3o enxerga o peso e a covardia que isso representa.<\/p>\n<p>E \u00e9 o que est\u00e1 acontecendo [agora]. Voc\u00ea v\u00ea, a Opera\u00e7\u00e3o Escudo, 28 pessoas [mortas] na primeira opera\u00e7\u00e3o [da pol\u00edcia]. Acontece a opera\u00e7\u00e3o, diversas den\u00fancias de viol\u00eancia, pessoas que trabalham, gritos de outros que pedem socorro dentro do barraco. Morre um outro policial e a\u00ed tem uma nova opera\u00e7\u00e3o, mais 30 pessoas mortas. A segunda opera\u00e7\u00e3o mais letal depois do massacre do Carandiru, que, em vez de produzir ordem, s\u00f3 promove desordem.<\/p>\n<p>Em vez de levar \u00e0 situa\u00e7\u00e3o de tranquilidade, s\u00f3 leva intranquilidade para esses lugares. Ou seja, em vez de ser uma solu\u00e7\u00e3o, \u00e9 gasolina na fogueira. Ent\u00e3o \u00e9 um erro que se repete, de pessoas que conhecem muito pouco seguran\u00e7a p\u00fablica e agem muito mais com o f\u00edgado do que com a cabe\u00e7a. \u00c9 um problema do qual a gente tem dificuldade de se livrar.<\/p>\n<div class=\"dnd-widget-wrapper context-medio_4colunas type-image atom-align-left\">\n<div class=\"dnd-atom-rendered\"><!-- scald=378328:medio_4colunas {\"additionalClasses\":\"\"} --><\/p>\n<div class=\"shadow overflow-hidden rounded-lg d-block w-100\">\n            <img data-recalc-dims=\"1\" decoding=\"async\" src=\"https:\/\/i0.wp.com\/agenciabrasil.ebc.com.br\/sites\/default\/files\/thumbnails\/image\/loading_v2.gif?w=696&#038;ssl=1\" data-echo=\"https:\/\/imagens.ebc.com.br\/uxS8lRAolbPS3mERXcapsWIVbOI=\/365x0\/smart\/https:\/\/agenciabrasil.ebc.com.br\/sites\/default\/files\/thumbnails\/image\/2024\/03\/28\/bruno_paes_manso5.jpg?itok=TxEZoKfL\" alt=\"S\u00e3o Paulo (SP) 28\/03\/2024 - Entrevista com Bruno Paes Manso, pesquisador do N\u00facleo de Estudos da Viol\u00eancia (NEV) da USP.&#13;&#10;Foto: Paulo Pinto\/Ag\u00eancia Brasil\" title=\"Paulo Pinto\/Ag\u00eancia Brasil\" class=\"flex-fill img-cover\"\/><br \/>\n        <img data-recalc-dims=\"1\" decoding=\"async\" src=\"https:\/\/i0.wp.com\/imagens.ebc.com.br\/uxS8lRAolbPS3mERXcapsWIVbOI%3D\/365x0\/smart\/https%3A\/\/agenciabrasil.ebc.com.br\/sites\/default\/files\/thumbnails\/image\/2024\/03\/28\/bruno_paes_manso5.jpg?w=696&#038;ssl=1\" alt=\"S\u00e3o Paulo (SP) 28\/03\/2024 - Entrevista com Bruno Paes Manso, pesquisador do N\u00facleo de Estudos da Viol\u00eancia (NEV) da USP.&#13;&#10;Foto: Paulo Pinto\/Ag\u00eancia Brasil\" title=\"Paulo Pinto\/Ag\u00eancia Brasil\" class=\"flex-fill img-cover\"\/>\n    <\/div>\n<p><!-- END scald=378328 --><\/div>\n<\/div>\n<p><strong>Ag\u00eancia Brasil: <\/strong>A pol\u00edcia de S\u00e3o Paulo, nos \u00faltimos anos, estava conseguindo controlar sua letalidade. O que aconteceu agora para ela voltar a subir, caminhou-se para tr\u00e1s?<\/p>\n<p><strong>Bruno Paes Manso: <\/strong>A pol\u00edcia de S\u00e3o Paulo vinha reduzindo a letalidade. Nos \u00faltimos dois anos tinha reduzido bastante a letalidade e a partir do compromisso de oficiais com a redu\u00e7\u00e3o dos casos. Foi criada uma comiss\u00e3o de letalidade que discutia os casos envolvendo mortes de suspeitos.<\/p>\n<p>Al\u00e9m disso, foram instaladas as c\u00e2meras nos uniformes e promovido o aprimoramento dessa t\u00e9cnica. O coronel Alencar [Fernando Alencar de Medeiros], respons\u00e1vel por esse programa, hoje \u00e9 chefe da Guarda Nacional, \u00e9 um oficial muito respeitado, tecnicamente muito respeitado.<\/p>\n<p>Mas, com o crescimento do populismo aqui em S\u00e3o Paulo, entrou para a Secretaria de Seguran\u00e7a o capit\u00e3o [Guilherme] Derrite, que era um tenente na \u00e9poca, muito frustrado ao longo de sua carreira por ter sido punido em decorr\u00eancia dos diversos confrontos do qual ele participou. Uma pessoa idealista, voc\u00ea v\u00ea, muito apaixonado pela hist\u00f3ria da Rota [Rondas Ostensivas Tobias de Aguiar], mas pela Rota dos anos 80.<\/p>\n<p>Pela Rota que ele enxergava como um grupo de super-her\u00f3is, um garot\u00e3o deslumbrado com a situa\u00e7\u00e3o e que entrou na pol\u00edcia meio cativado por esse sonho, mas que, por causa desse perfil, acabou sendo punido diversas vezes na pol\u00edcia.<\/p>\n<p>E agora ele assume a Secretaria de Seguran\u00e7a indicado por um bolsonarista, pelo filho do Jair Bolsonaro, o Eduardo Bolsonaro, e aproveita para se vingar desses coron\u00e9is que estavam realmente retomando o controle da corpora\u00e7\u00e3o.<\/p>\n<p>E a\u00ed a Opera\u00e7\u00e3o Ver\u00e3o e a Opera\u00e7\u00e3o Escudo s\u00e3o duas das pol\u00edticas equivocadas que ele lan\u00e7a m\u00e3o. Al\u00e9m de sabotar o plano das c\u00e2meras de seguran\u00e7a, que agora o governo federal tenta espalhar para o resto do Brasil, porque consegue bons resultados na redu\u00e7\u00e3o de letalidade.<\/p>\n<p>Hoje, uma pol\u00edcia que mata muito \u00e9 uma pol\u00edcia que tem poder sobre a vida e a morte das pessoas. Como o crime hoje tem uma capacidade incomensur\u00e1vel de corromper agentes p\u00fablicos, voc\u00ea corromper algu\u00e9m que pode matar e que tem carta branca para matar, \u00e9 um capital que eles buscam muito fortemente. N\u00e3o \u00e9 \u00e0 toa que as mil\u00edcias est\u00e3o se espalhando pelos diversos estados brasileiros.<\/p>\n<p>Ent\u00e3o, retomar o controle da pol\u00edcia pelo controle da letalidade \u00e9 um caminho fundamental e que S\u00e3o Paulo vem deixando de lado.<\/p>\n<h2>Outro lado<\/h2>\n<p>Ouvida, a Secretaria de Seguran\u00e7a P\u00fablica (SSP) disse, em nota, que as for\u00e7as de seguran\u00e7a de S\u00e3o Paulo s\u00e3o institui\u00e7\u00f5es de Estado que atuam de acordo com o seu dever constitucional, \u201crespeitando r\u00edgidos protocolos operacionais e sem compactuar com excessos, indisciplina ou desvios de conduta\u201d.<\/p>\n<p>A pasta disse tamb\u00e9m que desde o in\u00edcio da atual gest\u00e3o tem havido redu\u00e7\u00e3o nos crimes de roubo, homic\u00eddios dolosos, e aumento da produtividade policial. Sobre as mortes na Baixada Santista, a SSP disse que \u201co confronto n\u00e3o \u00e9 uma escolha dos policiais, mas uma violenta a\u00e7\u00e3o dos criminosos em rea\u00e7\u00e3o \u00e0s opera\u00e7\u00f5es de combate ao crime organizado\u201d.<\/p>\n<p>\u201cO compromisso das for\u00e7as de seguran\u00e7a \u00e9 com a preserva\u00e7\u00e3o da vida, por isso medidas para reduzir as mortes em confronto s\u00e3o permanentemente avaliadas e adotadas\u201d.<\/p>\n<p>A secretaria afirmou ainda que a atual gest\u00e3o tem investido em treinamento do efetivo, aquisi\u00e7\u00e3o de equipamentos n\u00e3o letais e tem tomado iniciativas voltadas ao aperfei\u00e7oamento dos agentes de seguran\u00e7a, inclusive com o uso do m\u00e9todo Giraldi.\u00a0<\/p>\n<p>\u201cSomado a isso, o programa\u00a0 de c\u00e2meras corporais\u00a0 segue em opera\u00e7\u00e3o, inclusive est\u00e1 em andamento uma licita\u00e7\u00e3o para a contrata\u00e7\u00e3o de mais tr\u00eas mil dispositivos para serem acoplados \u00e0s viaturas. Atualmente, 10.125 c\u00e2meras corporais est\u00e3o dispon\u00edveis, abrangendo 52% dos policiais do territ\u00f3rio paulista\u201d.<\/p>\n<\/p><\/div>\n<p><br \/>\n<br \/><a href=\"https:\/\/agenciabrasil.ebc.com.br\/direitos-humanos\/noticia\/2024-03\/entrevista-apesar-de-indicios-de-racha-estrutura-do-pcc-e-consolidada\" rel=\"noopener\">Ag\u00eancia Brasil<\/a><\/p>\n","protected":false},"excerpt":{"rendered":"<p>\u00a0Uma s\u00e9rie de mortes violentas ocorridas nos \u00faltimos meses causadas por disputas internas entre lideran\u00e7as da fac\u00e7\u00e3o criminosa Primeiro Comando da Capital (PCC) tem mostrado que o grupo pode estar caminhando para uma in\u00e9dita divis\u00e3o. No entanto, apesar dos ind\u00edcios do \u201cracha\u201d, a estrutura e a cultura criminal j\u00e1 criada pela fac\u00e7\u00e3o est\u00e3o consolidadas e [&hellip;]<\/p>\n","protected":false},"author":1,"featured_media":580,"comment_status":"open","ping_status":"open","sticky":false,"template":"","format":"standard","meta":{"_jetpack_newsletter_access":"","_jetpack_dont_email_post_to_subs":false,"_jetpack_newsletter_tier_id":0,"_jetpack_memberships_contains_paywalled_content":false,"_mbp_banners":[],"_jetpack_feature_clip_id":0,"_jetpack_memberships_contains_paid_content":false,"footnotes":"","jetpack_publicize_message":"","jetpack_publicize_feature_enabled":true,"jetpack_social_post_already_shared":true,"jetpack_social_options":{"image_generator_settings":{"template":"highway","default_image_id":0,"font":"","enabled":false},"version":2},"jetpack_post_was_ever_published":false},"categories":[22],"tags":[],"class_list":["post-579","post","type-post","status-publish","format-standard","has-post-thumbnail","category-nacional"],"jetpack_publicize_connections":[],"jetpack-related-posts":[],"jetpack_shortlink":"https:\/\/wp.me\/p7Eq1F-9l","jetpack_sharing_enabled":true,"jetpack_featured_media_url":"https:\/\/i0.wp.com\/guialimeira.com.br\/news\/wp-content\/uploads\/2024\/03\/bruno_paes_manso4.jpg?fit=1600%2C800&ssl=1","_links":{"self":[{"href":"https:\/\/guialimeira.com.br\/news\/wp-json\/wp\/v2\/posts\/579","targetHints":{"allow":["GET"]}}],"collection":[{"href":"https:\/\/guialimeira.com.br\/news\/wp-json\/wp\/v2\/posts"}],"about":[{"href":"https:\/\/guialimeira.com.br\/news\/wp-json\/wp\/v2\/types\/post"}],"author":[{"embeddable":true,"href":"https:\/\/guialimeira.com.br\/news\/wp-json\/wp\/v2\/users\/1"}],"replies":[{"embeddable":true,"href":"https:\/\/guialimeira.com.br\/news\/wp-json\/wp\/v2\/comments?post=579"}],"version-history":[{"count":0,"href":"https:\/\/guialimeira.com.br\/news\/wp-json\/wp\/v2\/posts\/579\/revisions"}],"wp:featuredmedia":[{"embeddable":true,"href":"https:\/\/guialimeira.com.br\/news\/wp-json\/wp\/v2\/media\/580"}],"wp:attachment":[{"href":"https:\/\/guialimeira.com.br\/news\/wp-json\/wp\/v2\/media?parent=579"}],"wp:term":[{"taxonomy":"category","embeddable":true,"href":"https:\/\/guialimeira.com.br\/news\/wp-json\/wp\/v2\/categories?post=579"},{"taxonomy":"post_tag","embeddable":true,"href":"https:\/\/guialimeira.com.br\/news\/wp-json\/wp\/v2\/tags?post=579"}],"curies":[{"name":"wp","href":"https:\/\/api.w.org\/{rel}","templated":true}]}}