{"id":57826,"date":"2026-03-10T18:07:00","date_gmt":"2026-03-10T21:07:00","guid":{"rendered":"https:\/\/guialimeira.com.br\/?p=57826"},"modified":"2026-03-10T09:10:56","modified_gmt":"2026-03-10T12:10:56","slug":"projeto-propoe-programa-que-recompensa-moradores-por-denunciar-crimes-ambientais-urbanos","status":"publish","type":"post","link":"https:\/\/guialimeira.com.br\/news\/projeto-propoe-programa-que-recompensa-moradores-por-denunciar-crimes-ambientais-urbanos\/","title":{"rendered":"Projeto prop\u00f5e programa que recompensa moradores por denunciar crimes ambientais urbanos"},"content":{"rendered":"\n<p class=\"wp-block-paragraph\">A C\u00e2mara Municipal de Limeira analisa um novo projeto de lei que pretende incentivar a popula\u00e7\u00e3o a colaborar diretamente na fiscaliza\u00e7\u00e3o ambiental da cidade. A proposta institui um programa que prev\u00ea recompensa financeira para cidad\u00e3os que denunciarem infra\u00e7\u00f5es ambientais urbanas, como descarte irregular de lixo e entulho. O projeto foi apresentado pelos vereadores Wagner de Souza Rodrigues Costa, o Waguinho da Santa Luzia, e Bruna Magalh\u00e3es, em mar\u00e7o de 2026.<\/p>\n\n\n\n<h2 class=\"wp-block-heading\">Incentivo \u00e0 participa\u00e7\u00e3o da popula\u00e7\u00e3o<\/h2>\n\n\n\n<p class=\"wp-block-paragraph\">O Projeto de Lei n\u00ba 27\/2026 cria o <strong>Programa Municipal de Incentivo \u00e0 Den\u00fancia de Infra\u00e7\u00f5es Ambientais Urbanas<\/strong>, com o objetivo de ampliar a fiscaliza\u00e7\u00e3o contra o descarte irregular de res\u00edduos em Limeira. A proposta busca envolver diretamente os moradores na identifica\u00e7\u00e3o de infra\u00e7\u00f5es ambientais que afetam a limpeza urbana e a qualidade de vida na cidade.<\/p>\n\n\n\n<p class=\"wp-block-paragraph\">De acordo com o texto da proposta, poder\u00e3o ser denunciadas pr\u00e1ticas como:<\/p>\n\n\n\n<ul class=\"wp-block-list\">\n<li>descarte de lixo em vias p\u00fablicas e logradouros;<\/li>\n\n\n\n<li>despejo de entulho ou res\u00edduos de constru\u00e7\u00e3o;<\/li>\n\n\n\n<li>dep\u00f3sito de res\u00edduos em \u00e1reas verdes ou de preserva\u00e7\u00e3o;<\/li>\n\n\n\n<li>lan\u00e7amento de lixo em bueiros, galerias pluviais ou cursos d\u2019\u00e1gua;<\/li>\n\n\n\n<li>outras infra\u00e7\u00f5es relacionadas ao manejo irregular de res\u00edduos urbanos.<\/li>\n<\/ul>\n\n\n\n<p class=\"wp-block-paragraph\">A iniciativa se baseia na legisla\u00e7\u00e3o municipal j\u00e1 existente, especialmente a Lei Ordin\u00e1ria n\u00ba 5.166, de 2013, que trata da proibi\u00e7\u00e3o do descarte irregular de res\u00edduos no munic\u00edpio.<\/p>\n\n\n\n<h2 class=\"wp-block-heading\">Recompensa ao denunciante<\/h2>\n\n\n\n<p class=\"wp-block-paragraph\">Um dos pontos centrais do projeto \u00e9 a previs\u00e3o de <strong>recompensa financeira para o cidad\u00e3o que colaborar com a identifica\u00e7\u00e3o do infrator<\/strong>.<\/p>\n\n\n\n<p class=\"wp-block-paragraph\">Segundo a proposta, o denunciante ter\u00e1 direito a <strong>20% do valor da multa efetivamente arrecadada pelo munic\u00edpio<\/strong>, desde que a den\u00fancia seja fundamentada com elementos m\u00ednimos de prova, como fotos, v\u00eddeos, identifica\u00e7\u00e3o de ve\u00edculo, local e hor\u00e1rio da infra\u00e7\u00e3o.<\/p>\n\n\n\n<p class=\"wp-block-paragraph\">O pagamento ser\u00e1 realizado ap\u00f3s o recolhimento da multa pelo infrator, em prazo de at\u00e9 30 dias, sem possibilidade de adiantamento. O projeto tamb\u00e9m garante ao denunciante a possibilidade de <strong>manter sua identidade em sigilo<\/strong>, assegurando a confidencialidade dos dados pessoais conforme a legisla\u00e7\u00e3o vigente.<\/p>\n\n\n\n<h2 class=\"wp-block-heading\">Como funcionaria o sistema de den\u00fancia<\/h2>\n\n\n\n<p class=\"wp-block-paragraph\">As den\u00fancias dever\u00e3o ser registradas por meio de canais oficiais do munic\u00edpio, que poder\u00e3o incluir atendimento presencial, telefone ou sistemas eletr\u00f4nicos disponibilizados pela administra\u00e7\u00e3o municipal.<\/p>\n\n\n\n<p class=\"wp-block-paragraph\">A Secretaria Municipal de Meio Ambiente \u2014 ou \u00f3rg\u00e3o equivalente \u2014 ser\u00e1 respons\u00e1vel por receber e analisar as den\u00fancias apresentadas pelos cidad\u00e3os.<\/p>\n\n\n\n<p class=\"wp-block-paragraph\">A proposta estabelece ainda que as multas aplicadas continuar\u00e3o seguindo os par\u00e2metros j\u00e1 previstos na legisla\u00e7\u00e3o municipal vigente sobre descarte irregular de res\u00edduos.<\/p>\n\n\n\n<h2 class=\"wp-block-heading\">Penalidades para den\u00fancias falsas<\/h2>\n\n\n\n<p class=\"wp-block-paragraph\">O projeto tamb\u00e9m prev\u00ea mecanismos para evitar o uso indevido do programa.<\/p>\n\n\n\n<p class=\"wp-block-paragraph\">Caso seja comprovado que o denunciante agiu de m\u00e1-f\u00e9, apresentando den\u00fancia falsa ou fraudulenta com a inten\u00e7\u00e3o de prejudicar terceiros, poder\u00e3o ser aplicadas as seguintes penalidades:<\/p>\n\n\n\n<ul class=\"wp-block-list\">\n<li>perda do direito \u00e0 recompensa;<\/li>\n\n\n\n<li>multa equivalente a 50% do valor previsto para a infra\u00e7\u00e3o denunciada;<\/li>\n\n\n\n<li>responsabiliza\u00e7\u00e3o civil e criminal, conforme a legisla\u00e7\u00e3o.<\/li>\n<\/ul>\n\n\n\n<p class=\"wp-block-paragraph\">A medida busca garantir que o programa funcione de forma respons\u00e1vel e com seguran\u00e7a jur\u00eddica.<\/p>\n\n\n\n<h2 class=\"wp-block-heading\">Combate ao descarte irregular em Limeira<\/h2>\n\n\n\n<p class=\"wp-block-paragraph\">Na justificativa do projeto, os autores destacam que o munic\u00edpio possui grande extens\u00e3o territorial, o que dificulta a fiscaliza\u00e7\u00e3o constante de todas as \u00e1reas onde ocorrem descartes irregulares.<\/p>\n\n\n\n<p class=\"wp-block-paragraph\">Nesse contexto, o programa pretende transformar a popula\u00e7\u00e3o em parceira do poder p\u00fablico no combate a essas pr\u00e1ticas, ampliando a capacidade de identifica\u00e7\u00e3o de infratores e contribuindo para um ambiente urbano mais limpo e saud\u00e1vel.<\/p>\n\n\n\n<h2 class=\"wp-block-heading\">Pr\u00f3ximos passos<\/h2>\n\n\n\n<p class=\"wp-block-paragraph\">O projeto de lei ainda ser\u00e1 analisado pelas comiss\u00f5es permanentes da C\u00e2mara Municipal antes de seguir para vota\u00e7\u00e3o em plen\u00e1rio. Caso seja aprovado pelos vereadores e sancionado pelo Executivo, o munic\u00edpio ter\u00e1 prazo de at\u00e9 <strong>180 dias para regulamentar o programa e definir seus procedimentos operacionais<\/strong>. <\/p>\n\n\n\n<p class=\"wp-block-paragraph\">A expectativa dos autores \u00e9 que a iniciativa fortale\u00e7a as pol\u00edticas p\u00fablicas de limpeza urbana e reduza os pontos de descarte irregular espalhados pela cidade.<\/p>\n","protected":false},"excerpt":{"rendered":"<p>A C\u00e2mara Municipal de Limeira analisa um novo projeto de lei que pretende incentivar a popula\u00e7\u00e3o a colaborar diretamente na fiscaliza\u00e7\u00e3o ambiental da cidade. A proposta institui um programa que prev\u00ea recompensa financeira para cidad\u00e3os que denunciarem infra\u00e7\u00f5es ambientais urbanas, como descarte irregular de lixo e entulho. O projeto foi apresentado pelos vereadores Wagner de [&hellip;]<\/p>\n","protected":false},"author":1,"featured_media":57827,"comment_status":"closed","ping_status":"open","sticky":false,"template":"","format":"standard","meta":{"_jetpack_newsletter_access":"","_jetpack_dont_email_post_to_subs":false,"_jetpack_newsletter_tier_id":0,"_jetpack_memberships_contains_paywalled_content":false,"_mbp_banners":[],"_jetpack_feature_clip_id":0,"_jetpack_memberships_contains_paid_content":false,"footnotes":"","jetpack_publicize_message":"","jetpack_publicize_feature_enabled":true,"jetpack_social_post_already_shared":true,"jetpack_social_options":{"image_generator_settings":{"template":"highway","default_image_id":0,"font":"","enabled":false},"version":2},"jetpack_post_was_ever_published":false},"categories":[16,19],"tags":[],"class_list":["post-57826","post","type-post","status-publish","format-standard","has-post-thumbnail","category-local","category-politica"],"jetpack_publicize_connections":[],"jetpack-related-posts":[],"jetpack_shortlink":"https:\/\/wp.me\/p7Eq1F-f2G","jetpack_sharing_enabled":true,"jetpack_featured_media_url":"https:\/\/i0.wp.com\/guialimeira.com.br\/news\/wp-content\/uploads\/2026\/03\/post-projeto.png?fit=1536%2C1024&ssl=1","_links":{"self":[{"href":"https:\/\/guialimeira.com.br\/news\/wp-json\/wp\/v2\/posts\/57826","targetHints":{"allow":["GET"]}}],"collection":[{"href":"https:\/\/guialimeira.com.br\/news\/wp-json\/wp\/v2\/posts"}],"about":[{"href":"https:\/\/guialimeira.com.br\/news\/wp-json\/wp\/v2\/types\/post"}],"author":[{"embeddable":true,"href":"https:\/\/guialimeira.com.br\/news\/wp-json\/wp\/v2\/users\/1"}],"replies":[{"embeddable":true,"href":"https:\/\/guialimeira.com.br\/news\/wp-json\/wp\/v2\/comments?post=57826"}],"version-history":[{"count":1,"href":"https:\/\/guialimeira.com.br\/news\/wp-json\/wp\/v2\/posts\/57826\/revisions"}],"predecessor-version":[{"id":57828,"href":"https:\/\/guialimeira.com.br\/news\/wp-json\/wp\/v2\/posts\/57826\/revisions\/57828"}],"wp:featuredmedia":[{"embeddable":true,"href":"https:\/\/guialimeira.com.br\/news\/wp-json\/wp\/v2\/media\/57827"}],"wp:attachment":[{"href":"https:\/\/guialimeira.com.br\/news\/wp-json\/wp\/v2\/media?parent=57826"}],"wp:term":[{"taxonomy":"category","embeddable":true,"href":"https:\/\/guialimeira.com.br\/news\/wp-json\/wp\/v2\/categories?post=57826"},{"taxonomy":"post_tag","embeddable":true,"href":"https:\/\/guialimeira.com.br\/news\/wp-json\/wp\/v2\/tags?post=57826"}],"curies":[{"name":"wp","href":"https:\/\/api.w.org\/{rel}","templated":true}]}}