{"id":5782,"date":"2024-05-21T11:47:46","date_gmt":"2024-05-21T14:47:46","guid":{"rendered":"https:\/\/guialimeira.com.br\/2024\/05\/21\/biblioteca-municipal-nao-atende-publico-nesta-quinta-23\/"},"modified":"2024-05-21T11:47:46","modified_gmt":"2024-05-21T14:47:46","slug":"biblioteca-municipal-nao-atende-publico-nesta-quinta-23","status":"publish","type":"post","link":"https:\/\/guialimeira.com.br\/news\/biblioteca-municipal-nao-atende-publico-nesta-quinta-23\/","title":{"rendered":"Biblioteca Municipal n\u00e3o atende p\u00fablico nesta quinta (23)"},"content":{"rendered":"<p> <br \/>\n<\/p>\n<div>\n            <main class=\"\">&#13;<br \/>\n                &#13;<br \/>\n&#13;<br \/>\n&#13;<br \/>\n&#13;<br \/>\n    <img data-recalc-dims=\"1\" decoding=\"async\" src=\"https:\/\/i0.wp.com\/ecrie.com.br\/sistema\/conteudos\/imagem\/m_137_0_1_08042024105319.jpg?w=696&#038;ssl=1\" alt=\"Biblioteca Municipal n\u00e3o atende p\u00fablico nesta quinta (23)\"\/>&#13;<br \/>\n&#13;<\/p>\n<p dir=\"ltr\" style=\"text-align: justify;\">A Biblioteca Municipal Professor Jo\u00e3o de Sousa Ferraz n\u00e3o\u00a0realizar\u00e1\u00a0atendimento ao p\u00fablico nesta quinta-feira (23), devido ao curso de capacita\u00e7\u00e3o no qual os funcion\u00e1rios participar\u00e3o. O servi\u00e7o volta normalmente na sexta-feira (24).<\/p>\n<p>&#13;<\/p>\n<p dir=\"ltr\" style=\"text-align: justify;\">O curso busca discutir sobre desenvolvimento humano e organizacional no atendimento aos p\u00fablicos, sendo realizado pelo Sistema Estadual de Bibliotecas P\u00fablicas de S\u00e3o Paulo (SisEB).<\/p>\n<p>&#13;<\/p>\n<p dir=\"ltr\" style=\"text-align: justify;\">A Biblioteca Municipal est\u00e1 localizada no Parque Cidade. Mais informa\u00e7\u00f5es podem ser obtidas pelo telefone 3442-6539.<\/p>\n<p>&#13;<br \/>\n&#13;<br \/>\n&#13;<br \/>\n&#13;<\/p>\n<aside class=\"list-related no-print\">&#13;<br \/>\n        &#13;<br \/>\n&#13;<\/p>\n<article class=\"list-item noticias \">&#13;<br \/>\n                    <a class=\"list-item__img\" href=\"https:\/\/limeira.sp.gov.br\/imprensa\/noticias\/cultura\/orquestra-sinfonica-apresenta-concerto-requiem-faure-nesta-quinta-23\" tabindex=\"-1\" aria-hidden=\"true\" rel=\"noopener\">&#13;<br \/>\n                        <img data-recalc-dims=\"1\" decoding=\"async\" src=\"https:\/\/i0.wp.com\/ecrie.com.br\/sistema\/conteudos\/imagem\/m_137_0_1_21052024112444.jpg?w=696&#038;ssl=1\" alt=\"Orquestra Sinf\u00f4nica apresenta concerto \u201cR\u00e9quiem Faur\u00e9\u201d nesta quinta (23)\"\/>&#13;<br \/>\n                    <\/a>&#13;<br \/>\n&#13;<br \/>\n                &#13;<br \/>\n            <\/article>\n<p>&#13;<\/p>\n<article class=\"list-item noticias \">&#13;<br \/>\n                    <a class=\"list-item__img\" href=\"https:\/\/limeira.sp.gov.br\/imprensa\/noticias\/cultura\/biblioteca-municipal-realiza-dia-de-jogar-nesta-quarta-22\" tabindex=\"-1\" aria-hidden=\"true\" rel=\"noopener\">&#13;<br \/>\n                        <img data-recalc-dims=\"1\" decoding=\"async\" src=\"https:\/\/i0.wp.com\/ecrie.com.br\/sistema\/conteudos\/imagem\/m_137_0_1_20052024113955.jpeg?w=696&#038;ssl=1\" alt=\"Biblioteca Municipal realiza Dia de Jogar nesta quarta (22)\"\/>&#13;<br \/>\n                    <\/a>&#13;<br \/>\n&#13;<br \/>\n                &#13;<br \/>\n            <\/article>\n<p>&#13;<\/p>\n<article class=\"list-item noticias \">&#13;<br \/>\n                    <a class=\"list-item__img\" href=\"https:\/\/limeira.sp.gov.br\/imprensa\/noticias\/cultura\/semana-tera-apresentacao-de-orquestra-rock-ao-piano-e-mais-um-stand-up\" tabindex=\"-1\" aria-hidden=\"true\" rel=\"noopener\">&#13;<br \/>\n                        <img data-recalc-dims=\"1\" decoding=\"async\" src=\"https:\/\/i0.wp.com\/ecrie.com.br\/sistema\/conteudos\/imagem\/m_137_0_1_30042024143313.jpg?w=696&#038;ssl=1\" alt=\"Semana ter\u00e1 apresenta\u00e7\u00e3o de orquestra, Rock ao Piano e mais um stand-up\"\/>&#13;<br \/>\n                    <\/a>&#13;<br \/>\n&#13;<br \/>\n                &#13;<br \/>\n            <\/article>\n<p>&#13;<br \/>\n    <\/aside>\n<p>&#13;<br \/>\n&#13;<br \/>\n            <\/main><\/p><\/div>\n<p><br \/>\n<br \/><a href=\"https:\/\/limeira.sp.gov.br\/biblioteca-municipal-nao-atende-publico-nesta-quinta-23\" rel=\"noopener\">Informa\u00e7\u00f5es da PML <\/a><\/p>\n","protected":false},"excerpt":{"rendered":"<p>&#13; &#13; &#13; &#13; &#13; &#13; &#13; A Biblioteca Municipal Professor Jo\u00e3o de Sousa Ferraz n\u00e3o\u00a0realizar\u00e1\u00a0atendimento ao p\u00fablico nesta quinta-feira (23), devido ao curso de capacita\u00e7\u00e3o no qual os funcion\u00e1rios participar\u00e3o. O servi\u00e7o volta normalmente na sexta-feira (24). &#13; O curso busca discutir sobre desenvolvimento humano e organizacional no atendimento aos p\u00fablicos, sendo realizado pelo [&hellip;]<\/p>\n","protected":false},"author":1,"featured_media":1178,"comment_status":"open","ping_status":"open","sticky":false,"template":"","format":"standard","meta":{"_jetpack_newsletter_access":"","_jetpack_dont_email_post_to_subs":false,"_jetpack_newsletter_tier_id":0,"_jetpack_memberships_contains_paywalled_content":false,"_mbp_banners":[],"_jetpack_feature_clip_id":0,"_jetpack_memberships_contains_paid_content":false,"footnotes":"","jetpack_publicize_message":"","jetpack_publicize_feature_enabled":true,"jetpack_social_post_already_shared":true,"jetpack_social_options":{"image_generator_settings":{"template":"highway","default_image_id":0,"font":"","enabled":false},"version":2},"jetpack_post_was_ever_published":false},"categories":[16],"tags":[],"class_list":["post-5782","post","type-post","status-publish","format-standard","has-post-thumbnail","category-local"],"jetpack_publicize_connections":[],"jetpack-related-posts":[],"jetpack_shortlink":"https:\/\/wp.me\/p7Eq1F-1vg","jetpack_sharing_enabled":true,"jetpack_featured_media_url":"https:\/\/i0.wp.com\/guialimeira.com.br\/news\/wp-content\/uploads\/2024\/04\/m_137_0_1_08042024105319.jpg?fit=900%2C506&ssl=1","_links":{"self":[{"href":"https:\/\/guialimeira.com.br\/news\/wp-json\/wp\/v2\/posts\/5782","targetHints":{"allow":["GET"]}}],"collection":[{"href":"https:\/\/guialimeira.com.br\/news\/wp-json\/wp\/v2\/posts"}],"about":[{"href":"https:\/\/guialimeira.com.br\/news\/wp-json\/wp\/v2\/types\/post"}],"author":[{"embeddable":true,"href":"https:\/\/guialimeira.com.br\/news\/wp-json\/wp\/v2\/users\/1"}],"replies":[{"embeddable":true,"href":"https:\/\/guialimeira.com.br\/news\/wp-json\/wp\/v2\/comments?post=5782"}],"version-history":[{"count":0,"href":"https:\/\/guialimeira.com.br\/news\/wp-json\/wp\/v2\/posts\/5782\/revisions"}],"wp:featuredmedia":[{"embeddable":true,"href":"https:\/\/guialimeira.com.br\/news\/wp-json\/wp\/v2\/media\/1178"}],"wp:attachment":[{"href":"https:\/\/guialimeira.com.br\/news\/wp-json\/wp\/v2\/media?parent=5782"}],"wp:term":[{"taxonomy":"category","embeddable":true,"href":"https:\/\/guialimeira.com.br\/news\/wp-json\/wp\/v2\/categories?post=5782"},{"taxonomy":"post_tag","embeddable":true,"href":"https:\/\/guialimeira.com.br\/news\/wp-json\/wp\/v2\/tags?post=5782"}],"curies":[{"name":"wp","href":"https:\/\/api.w.org\/{rel}","templated":true}]}}