{"id":5780,"date":"2024-05-21T11:37:54","date_gmt":"2024-05-21T14:37:54","guid":{"rendered":"https:\/\/guialimeira.com.br\/2024\/05\/21\/sp-registra-taxa-de-desemprego-menor-e-rendimento-maior-que-o-nacional-no-1o-trimestre\/"},"modified":"2024-05-21T11:37:54","modified_gmt":"2024-05-21T14:37:54","slug":"sp-registra-taxa-de-desemprego-menor-e-rendimento-maior-que-o-nacional-no-1o-trimestre","status":"publish","type":"post","link":"https:\/\/guialimeira.com.br\/news\/sp-registra-taxa-de-desemprego-menor-e-rendimento-maior-que-o-nacional-no-1o-trimestre\/","title":{"rendered":"SP registra taxa de desemprego menor e rendimento maior que o nacional no 1\u00ba trimestre"},"content":{"rendered":"<p> <br \/>\n<\/p>\n<div id=\"\">&#13;<\/p>\n<p>O estado de S\u00e3o Paulo registrou taxa de desemprego de 7,4% no primeiro trimestre deste ano, menor que a nacional, que foi de 7,9%, e que a registrada na regi\u00e3o Sudeste (7,6%). Al\u00e9m disso, de janeiro a mar\u00e7o, o estado de S\u00e3o Paulo registrou taxa de desemprego 1,1% menor que a do mesmo per\u00edodo do ano passado (8,5%).<\/p>\n<p>O percentual de <a href=\"https:\/\/www.saopaulo.sp.gov.br\/spnoticias\/ultimas-noticias\/ocupacao-e-rendimento-crescem-no-estado-de-sao-paulo-em-2023\/#:~:text=Ocupa%C3%A7%C3%A3o%20e%20rendimento%20crescem%20no%20estado%20de%20S%C3%A3o%20Paulo%20em%202023,-Maior%20aumento%20de&amp;text=Das%20963%20mil%20ocupa%C3%A7%C3%B5es%20criadas,%25%20para%207%2C5%25.\" target=\"_blank\" rel=\"noopener noreferrer\">empregados com carteira assinada<\/a> entre os empregados do setor privado no estado ficou em 81,4% \u2013 terceiro maior percentual entre os estados e tamb\u00e9m maior que a taxa nacional, de 73,9%.<\/p>\n<figure id=\"attachment_5876206\" style=\"width: 100%;max-width: 2000px\" class=\"wp-caption alignnone\"><img data-recalc-dims=\"1\" decoding=\"async\" loading=\"lazy\" class=\"size-full wp-image-5876206\" src=\"https:\/\/i0.wp.com\/www.saopaulo.sp.gov.br\/wp-content\/uploads\/2024\/05\/2148825865.jpg?resize=696%2C464&#038;ssl=1\" alt=\"\" width=\"696\" height=\"464\" srcset=\"https:\/\/www.saopaulo.sp.gov.br\/wp-content\/uploads\/2024\/05\/2148825865.jpg 2000w, https:\/\/www.saopaulo.sp.gov.br\/wp-content\/uploads\/2024\/05\/2148825865-300x200.jpg 300w, https:\/\/www.saopaulo.sp.gov.br\/wp-content\/uploads\/2024\/05\/2148825865-1024x683.jpg 1024w, https:\/\/www.saopaulo.sp.gov.br\/wp-content\/uploads\/2024\/05\/2148825865-768x512.jpg 768w, https:\/\/www.saopaulo.sp.gov.br\/wp-content\/uploads\/2024\/05\/2148825865-1536x1025.jpg 1536w\" sizes=\"auto, (max-width: 2000px) 100vw, 2000px\"\/><figcaption class=\"wp-caption-text\">SP registrou entre janeiro e mar\u00e7o taxa de desemprego 1,1% menor que a do mesmo per\u00edodo do ano passado<\/figcaption><\/figure>\n<p>O total de pessoas ocupadas com carteira assinada no setor privado em S\u00e3o Paulo ficou em 11,458 milh\u00f5es de pessoas \u2013 alta de 3,3% em rela\u00e7\u00e3o ao mesmo trimestre do ano passado e de 0,3% ante o trimestre anterior. No pa\u00eds, o total de trabalhadores no regime CLT era de 37,984 milh\u00f5es.<\/p>\n<p>O total de pessoas ocupadas (incluindo trabalhadores do setor privado e p\u00fablico com e sem carteira assinada, dom\u00e9sticos, informais e por conta pr\u00f3pria com CNPJ) no estado era de 24,219 milh\u00f5es \u2013 alta de 1,9% em rela\u00e7\u00e3o ao mesmo trimestre do ano passado. Segundo a Funda\u00e7\u00e3o Seade, do total de pessoas ocupadas, 55% s\u00e3o homens e 45% s\u00e3o mulheres. No pa\u00eds, eram 100,203 milh\u00f5es.<\/p>\n<p>Enquanto a taxa de informalidade para o Brasil ficou em 38,9% da popula\u00e7\u00e3o ocupada, em S\u00e3o Paulo foi de 31% \u2013 a terceira menor entre todas as unidades da Federa\u00e7\u00e3o.<\/p>\n<p>O n\u00famero de desocupados no estado era de 1,931 milh\u00e3o de pessoas \u2013 queda de 12,2% em rela\u00e7\u00e3o ao mesmo trimestre do ano passado.<\/p>\n<p>J\u00e1 o n\u00famero de subocupados por insufici\u00eancia de horas trabalhadas (trabalhavam habitualmente menos de 40 horas; gostariam de trabalhar mais horas que o habitual ou estavam dispon\u00edveis para trabalhar mais horas) foi o menor entre os primeiros trimestres desde 2017: 858 mil pessoas.<\/p>\n<h3>Taxa por sexo, idade e grau de instru\u00e7\u00e3o<\/h3>\n<p>Por sexo, a taxa de desocupa\u00e7\u00e3o no primeiro trimestre em SP ficou em 6,3% entre os homens e 8,7% entre as mulheres.<\/p>\n<p>J\u00e1 por idade, o indicador ficou menor entre trabalhadores acima de 40 anos:<\/p>\n<p>14 a 17 anos: 36%<br \/>18 a 24 anos: 15,3%<br \/>25 a 39 anos: 6,6%<br \/>40 a 59 anos: 5%<br \/>60 anos ou mais: 3,2%<br \/>Veja ainda a taxa de desemprego entre todos os graus de instru\u00e7\u00e3o pesquisados em SP:<br \/>Sem instru\u00e7\u00e3o: 6,7%<br \/>Ensino fundamental incompleto: 7,8%<br \/>Ensino fundamental completo: 9,3%<br \/>Ensino m\u00e9dio incompleto: 15,4%<br \/>Ensino m\u00e9dio completo: 7,8%<br \/>Ensino superior incompleto: 9,2%<br \/>Ensino superior completo: 3,9%<\/p>\n<h3>Setores que geraram vagas<\/h3>\n<p>Os setores que mais geraram vagas no estado entre as pessoas ocupadas foram Com\u00e9rcio, repara\u00e7\u00e3o de ve\u00edculos automotores e motocicletas e Informa\u00e7\u00e3o, comunica\u00e7\u00e3o e atividades financeiras, imobili\u00e1rias, profissionais e administrativas. Veja abaixo:<\/p>\n<p>Com\u00e9rcio, repara\u00e7\u00e3o de ve\u00edculos automotores e motocicletas: 4,352 milh\u00f5es<br \/>Informa\u00e7\u00e3o, comunica\u00e7\u00e3o e atividades financeiras, imobili\u00e1rias, profissionais e administrativas: 4,212 milh\u00f5es<br \/>Ind\u00fastria geral: 3,752 milh\u00f5es<br \/>Administra\u00e7\u00e3o p\u00fablica, defesa, seguridade social, educa\u00e7\u00e3o, sa\u00fade humana e servi\u00e7os sociais: 3,725 milh\u00f5es<br \/>Constru\u00e7\u00e3o: 1,649 milh\u00e3o<br \/>Transporte, armazenagem e correio: 1,644 milh\u00e3o<br \/>Servi\u00e7os dom\u00e9sticos: 1,410 milh\u00e3o<br \/>Outros servi\u00e7os: 1,393 milh\u00e3o<br \/>Alojamento e alimenta\u00e7\u00e3o: 1,390 milh\u00e3o<br \/>Agricultura, pecu\u00e1ria, produ\u00e7\u00e3o florestal, pesca e aquicultura: 690 mil<\/p>\n<h3>Rendimento<\/h3>\n<p>Enquanto no Brasil o rendimento m\u00e9dio mensal foi de R$ 3.123 no primeiro trimestre, no estado de S\u00e3o Paulo ficou em R$ 3.821 \u2013 alta de 5,5% ante o primeiro trimestre de 2023 (R$ 3.622) e de 1,3% em rela\u00e7\u00e3o ao quarto trimestre (R$ 3.771).<\/p>\n<p>O <a href=\"https:\/\/www.saopaulo.sp.gov.br\/spnoticias\/ultimas-noticias\/estado-de-sp-tem-maior-salario-medio-de-admissao-do-pais-mostra-caged\/#:~:text=Segundo%20o%20Caged%2C%20o%20sal%C3%A1rio,84%25%20em%20rela%C3%A7%C3%A3o%20a%20fevereiro.\" target=\"_blank\" rel=\"noopener noreferrer\">rendimento de S\u00e3o Paulo<\/a> \u00e9 maior ainda que a m\u00e9dia do Sudeste (R$ 3.547) e que dos estados que comp\u00f5em a regi\u00e3o: Rio de Janeiro (R$ 3.694), Esp\u00edrito Santo (R$ 3.124) e Minas Gerais (R$ 2.886). Entre todas as unidades da Federa\u00e7\u00e3o, SP s\u00f3 tem rendimento menor que o do Distrito Federal\u00a0(R$\u00a05.067).<\/p>\n<\/p><\/div>\n<p><br \/>\n<br \/><a href=\"https:\/\/www.saopaulo.sp.gov.br\/spnoticias\/ultimas-noticias\/sp-registra-taxa-de-desemprego-menor-e-rendimento-maior-que-o-nacional-no-1o-trimestre\/\" rel=\"noopener\">Informa\u00e7\u00f5es GOV.SP<\/a><\/p>\n","protected":false},"excerpt":{"rendered":"<p>&#13; O estado de S\u00e3o Paulo registrou taxa de desemprego de 7,4% no primeiro trimestre deste ano, menor que a nacional, que foi de 7,9%, e que a registrada na regi\u00e3o Sudeste (7,6%). Al\u00e9m disso, de janeiro a mar\u00e7o, o estado de S\u00e3o Paulo registrou taxa de desemprego 1,1% menor que a do mesmo per\u00edodo [&hellip;]<\/p>\n","protected":false},"author":1,"featured_media":5781,"comment_status":"open","ping_status":"open","sticky":false,"template":"","format":"standard","meta":{"_jetpack_newsletter_access":"","_jetpack_dont_email_post_to_subs":false,"_jetpack_newsletter_tier_id":0,"_jetpack_memberships_contains_paywalled_content":false,"_mbp_banners":[],"_jetpack_feature_clip_id":0,"_jetpack_memberships_contains_paid_content":false,"footnotes":"","jetpack_publicize_message":"","jetpack_publicize_feature_enabled":true,"jetpack_social_post_already_shared":true,"jetpack_social_options":{"image_generator_settings":{"template":"highway","default_image_id":0,"font":"","enabled":false},"version":2},"jetpack_post_was_ever_published":false},"categories":[21],"tags":[],"class_list":["post-5780","post","type-post","status-publish","format-standard","has-post-thumbnail","category-sp-news"],"jetpack_publicize_connections":[],"jetpack-related-posts":[],"jetpack_shortlink":"https:\/\/wp.me\/p7Eq1F-1ve","jetpack_sharing_enabled":true,"jetpack_featured_media_url":"https:\/\/i0.wp.com\/guialimeira.com.br\/news\/wp-content\/uploads\/2024\/05\/SP-registra-taxa-de-desemprego-menor-e-rendimento-maior-que.jpg?fit=2000%2C1334&ssl=1","_links":{"self":[{"href":"https:\/\/guialimeira.com.br\/news\/wp-json\/wp\/v2\/posts\/5780","targetHints":{"allow":["GET"]}}],"collection":[{"href":"https:\/\/guialimeira.com.br\/news\/wp-json\/wp\/v2\/posts"}],"about":[{"href":"https:\/\/guialimeira.com.br\/news\/wp-json\/wp\/v2\/types\/post"}],"author":[{"embeddable":true,"href":"https:\/\/guialimeira.com.br\/news\/wp-json\/wp\/v2\/users\/1"}],"replies":[{"embeddable":true,"href":"https:\/\/guialimeira.com.br\/news\/wp-json\/wp\/v2\/comments?post=5780"}],"version-history":[{"count":0,"href":"https:\/\/guialimeira.com.br\/news\/wp-json\/wp\/v2\/posts\/5780\/revisions"}],"wp:featuredmedia":[{"embeddable":true,"href":"https:\/\/guialimeira.com.br\/news\/wp-json\/wp\/v2\/media\/5781"}],"wp:attachment":[{"href":"https:\/\/guialimeira.com.br\/news\/wp-json\/wp\/v2\/media?parent=5780"}],"wp:term":[{"taxonomy":"category","embeddable":true,"href":"https:\/\/guialimeira.com.br\/news\/wp-json\/wp\/v2\/categories?post=5780"},{"taxonomy":"post_tag","embeddable":true,"href":"https:\/\/guialimeira.com.br\/news\/wp-json\/wp\/v2\/tags?post=5780"}],"curies":[{"name":"wp","href":"https:\/\/api.w.org\/{rel}","templated":true}]}}