{"id":5779,"date":"2024-05-21T11:34:46","date_gmt":"2024-05-21T14:34:46","guid":{"rendered":"https:\/\/guialimeira.com.br\/2024\/05\/21\/prazo-de-adesao-ao-desenrola-brasil-nao-e-prorrogado-informa-fazenda\/"},"modified":"2024-05-21T11:34:46","modified_gmt":"2024-05-21T14:34:46","slug":"prazo-de-adesao-ao-desenrola-brasil-nao-e-prorrogado-informa-fazenda","status":"publish","type":"post","link":"https:\/\/guialimeira.com.br\/news\/prazo-de-adesao-ao-desenrola-brasil-nao-e-prorrogado-informa-fazenda\/","title":{"rendered":"Prazo de ades\u00e3o ao desenrola Brasil n\u00e3o \u00e9 prorrogado, informa Fazenda"},"content":{"rendered":"<p> <br \/>\n<\/p>\n<div>\n<p>O Minist\u00e9rio da Fazenda informou que a que prorroga\u00e7\u00e3o da Medida Provis\u00f3ria (MP) 1.211\/2024 que &#8220;altera a Lei n\u00ba 14.690, de 3 de outubro de 2023, para prorrogar a dura\u00e7\u00e3o do Programa Emergencial de Renegocia\u00e7\u00e3o de D\u00edvidas de Pessoas F\u00edsicas Inadimplentes &#8211; Desenrola Brasil &#8211; Faixa 1&#8221;, por 60 dias n\u00e3o significa a prorroga\u00e7\u00e3o do programa.<img data-recalc-dims=\"1\" decoding=\"async\" src=\"https:\/\/i0.wp.com\/agenciabrasil.ebc.com.br\/ebc.png?w=696&#038;ssl=1\" style=\"width:1px; height:1px; display:inline;\"\/><img data-recalc-dims=\"1\" decoding=\"async\" src=\"https:\/\/i0.wp.com\/agenciabrasil.ebc.com.br\/ebc.gif?w=696&#038;ssl=1\" style=\"width:1px; height:1px; display:inline;\"\/><\/p>\n<p>Segundo nota divulgada pela pasta a decis\u00e3o do Congresso Nacional \u00e9 \u201cum procedimento padr\u00e3o\u201d: \u201ca prorroga\u00e7\u00e3o autom\u00e1tica da vig\u00eancia da MP n\u00e3o altera a data de encerramento do programa, que foi fixada em lei\u201d.<\/p>\n<p>Dessa forma o prazo para ades\u00e3o de pessoas f\u00edsicas com renda de at\u00e9 dois sal\u00e1rios m\u00ednimos ou inscritas no Cadastro \u00danico para Programas Sociais do Governo Federal (Cad\u00danico), que tenham d\u00edvidas de at\u00e9 R$ 20 mil, encerrou nessa segunda-feira (20).<\/p>\n<p>De acordo com a Secretaria de Comunica\u00e7\u00e3o do governo federal, 15 milh\u00f5es de pessoas da faixa 1 foram beneficiadas pelo programa, somando R$ 52 bilh\u00f5es em d\u00edvidas. Os inadimplentes negativados entre janeiro de 2019 e dezembro de 2022 tiveram acesso a descontos m\u00e9dios de 83%.<\/p>\n<p>O programa permitiu que o saldo negociado seja quitado sem entrada e em at\u00e9 60 parcelas. Tamb\u00e9m \u00e9 poss\u00edvel reunir mais de uma d\u00edvida com diferentes credores em um \u00fanico lado devedor para negocia\u00e7\u00e3o.<\/p>\n<\/p><\/div>\n<p><br \/>\n<br \/><a href=\"https:\/\/agenciabrasil.ebc.com.br\/economia\/noticia\/2024-05\/prazo-de-adesao-ao-desenrola-brasil-nao-e-prorrogado-informa-fazenda\" rel=\"noopener\">Ag\u00eancia Brasil<\/a><\/p>\n","protected":false},"excerpt":{"rendered":"<p>O Minist\u00e9rio da Fazenda informou que a que prorroga\u00e7\u00e3o da Medida Provis\u00f3ria (MP) 1.211\/2024 que &#8220;altera a Lei n\u00ba 14.690, de 3 de outubro de 2023, para prorrogar a dura\u00e7\u00e3o do Programa Emergencial de Renegocia\u00e7\u00e3o de D\u00edvidas de Pessoas F\u00edsicas Inadimplentes &#8211; Desenrola Brasil &#8211; Faixa 1&#8221;, por 60 dias n\u00e3o significa a prorroga\u00e7\u00e3o do [&hellip;]<\/p>\n","protected":false},"author":1,"featured_media":1629,"comment_status":"open","ping_status":"open","sticky":false,"template":"","format":"standard","meta":{"_jetpack_newsletter_access":"","_jetpack_dont_email_post_to_subs":false,"_jetpack_newsletter_tier_id":0,"_jetpack_memberships_contains_paywalled_content":false,"_mbp_banners":[],"_jetpack_feature_clip_id":0,"_jetpack_memberships_contains_paid_content":false,"footnotes":"","jetpack_publicize_message":"","jetpack_publicize_feature_enabled":true,"jetpack_social_post_already_shared":true,"jetpack_social_options":{"image_generator_settings":{"template":"highway","default_image_id":0,"font":"","enabled":false},"version":2},"jetpack_post_was_ever_published":false},"categories":[24],"tags":[],"class_list":["post-5779","post","type-post","status-publish","format-standard","has-post-thumbnail","category-economia"],"jetpack_publicize_connections":[],"jetpack-related-posts":[],"jetpack_shortlink":"https:\/\/wp.me\/p7Eq1F-1vd","jetpack_sharing_enabled":true,"jetpack_featured_media_url":"https:\/\/i0.wp.com\/guialimeira.com.br\/news\/wp-content\/uploads\/2024\/04\/fachada-ministerio_mcamgo_abr_100420231818-30.jpg?fit=1600%2C800&ssl=1","_links":{"self":[{"href":"https:\/\/guialimeira.com.br\/news\/wp-json\/wp\/v2\/posts\/5779","targetHints":{"allow":["GET"]}}],"collection":[{"href":"https:\/\/guialimeira.com.br\/news\/wp-json\/wp\/v2\/posts"}],"about":[{"href":"https:\/\/guialimeira.com.br\/news\/wp-json\/wp\/v2\/types\/post"}],"author":[{"embeddable":true,"href":"https:\/\/guialimeira.com.br\/news\/wp-json\/wp\/v2\/users\/1"}],"replies":[{"embeddable":true,"href":"https:\/\/guialimeira.com.br\/news\/wp-json\/wp\/v2\/comments?post=5779"}],"version-history":[{"count":0,"href":"https:\/\/guialimeira.com.br\/news\/wp-json\/wp\/v2\/posts\/5779\/revisions"}],"wp:featuredmedia":[{"embeddable":true,"href":"https:\/\/guialimeira.com.br\/news\/wp-json\/wp\/v2\/media\/1629"}],"wp:attachment":[{"href":"https:\/\/guialimeira.com.br\/news\/wp-json\/wp\/v2\/media?parent=5779"}],"wp:term":[{"taxonomy":"category","embeddable":true,"href":"https:\/\/guialimeira.com.br\/news\/wp-json\/wp\/v2\/categories?post=5779"},{"taxonomy":"post_tag","embeddable":true,"href":"https:\/\/guialimeira.com.br\/news\/wp-json\/wp\/v2\/tags?post=5779"}],"curies":[{"name":"wp","href":"https:\/\/api.w.org\/{rel}","templated":true}]}}