{"id":57707,"date":"2026-03-09T08:57:59","date_gmt":"2026-03-09T11:57:59","guid":{"rendered":"https:\/\/guialimeira.com.br\/helder-do-taxi-se-reune-com-servidores-do-csf-do-pq-hipolito-para-definir-aplicacao-de-emenda-impositiva\/"},"modified":"2026-03-09T08:57:59","modified_gmt":"2026-03-09T11:57:59","slug":"helder-do-taxi-se-reune-com-servidores-do-csf-do-pq-hipolito-para-definir-aplicacao-de-emenda-impositiva","status":"publish","type":"post","link":"https:\/\/guialimeira.com.br\/news\/helder-do-taxi-se-reune-com-servidores-do-csf-do-pq-hipolito-para-definir-aplicacao-de-emenda-impositiva\/","title":{"rendered":"Helder do T\u00e1xi se re\u00fane com servidores do CSF do Pq Hip\u00f3lito para definir aplica\u00e7\u00e3o de emenda impositiva"},"content":{"rendered":"<p><img data-recalc-dims=\"1\" decoding=\"async\" src=\"https:\/\/i0.wp.com\/www.limeira.sp.leg.br\/assets\/uploads\/noticia\/2026-03-09_helder-do-taxi-se-reune-com-servidores-do-csf-do-pq-hipolito-para-definir-aplicacao-de-emenda-impositiva_1.jpg?w=696&#038;ssl=1\" alt=\"Helder do T\u00e1xi se re\u00fane com servidores do CSF do Pq Hip\u00f3lito para definir aplica\u00e7\u00e3o de emenda impositiva\" \/><\/p>\n<p>Helder do T\u00e1xi se re\u00fane com servidores do CSF do Pq Hip\u00f3lito para definir aplica\u00e7\u00e3o de emenda impositiva<\/p>\n<p><a href=\"https:\/\/www.limeira.sp.leg.br\/noticias\/view\/2026-03-09_helder-do-taxi-se-reune-com-servidores-do-csf-do-pq-hipolito-para-definir-aplicacao-de-emenda-impositiva\" rel=\"noopener\">Exibir artigo<\/a><\/p>\n<p><a href=\"https:\/\/www.limeira.sp.leg.br\/noticias\/view\/2026-03-09_helder-do-taxi-se-reune-com-servidores-do-csf-do-pq-hipolito-para-definir-aplicacao-de-emenda-impositiva\" target=\"_blank\" rel=\"noopener\">Read original article<\/a><\/p>\n","protected":false},"excerpt":{"rendered":"<p><img decoding=\"async\" src=\"https:\/\/www.limeira.sp.leg.br\/assets\/uploads\/noticia\/2026-03-09_helder-do-taxi-se-reune-com-servidores-do-csf-do-pq-hipolito-para-definir-aplicacao-de-emenda-impositiva_1.jpg\" alt=\"Helder do T\u00e1xi se re\u00fane com servidores do CSF do Pq Hip\u00f3lito para definir aplica\u00e7\u00e3o de emenda impositiva\" \/><\/p>\n<p>Helder do T\u00e1xi se re\u00fane com servidores do CSF do Pq Hip\u00f3lito para definir aplica\u00e7\u00e3o de emenda impositiva<\/p>\n<p><a href=\"https:\/\/www.limeira.sp.leg.br\/noticias\/view\/2026-03-09_helder-do-taxi-se-reune-com-servidores-do-csf-do-pq-hipolito-para-definir-aplicacao-de-emenda-impositiva\">Exibir artigo<\/a><\/p>\n","protected":false},"author":4,"featured_media":0,"comment_status":"","ping_status":"open","sticky":false,"template":"","format":"standard","meta":{"_jetpack_newsletter_access":"","_jetpack_dont_email_post_to_subs":false,"_jetpack_newsletter_tier_id":0,"_jetpack_memberships_contains_paywalled_content":false,"_mbp_banners":[],"_jetpack_feature_clip_id":0,"_jetpack_memberships_contains_paid_content":false,"footnotes":"","jetpack_publicize_message":"","jetpack_publicize_feature_enabled":true,"jetpack_social_post_already_shared":true,"jetpack_social_options":{"image_generator_settings":{"template":"highway","default_image_id":0,"font":"","enabled":false},"version":2},"jetpack_post_was_ever_published":false},"categories":[1],"tags":[],"class_list":["post-57707","post","type-post","status-publish","format-standard","category-geral"],"jetpack_publicize_connections":[],"jetpack-related-posts":[],"jetpack_shortlink":"https:\/\/wp.me\/p7Eq1F-f0L","jetpack_sharing_enabled":true,"jetpack_featured_media_url":"","_links":{"self":[{"href":"https:\/\/guialimeira.com.br\/news\/wp-json\/wp\/v2\/posts\/57707","targetHints":{"allow":["GET"]}}],"collection":[{"href":"https:\/\/guialimeira.com.br\/news\/wp-json\/wp\/v2\/posts"}],"about":[{"href":"https:\/\/guialimeira.com.br\/news\/wp-json\/wp\/v2\/types\/post"}],"author":[{"embeddable":true,"href":"https:\/\/guialimeira.com.br\/news\/wp-json\/wp\/v2\/users\/4"}],"replies":[{"embeddable":true,"href":"https:\/\/guialimeira.com.br\/news\/wp-json\/wp\/v2\/comments?post=57707"}],"version-history":[{"count":0,"href":"https:\/\/guialimeira.com.br\/news\/wp-json\/wp\/v2\/posts\/57707\/revisions"}],"wp:attachment":[{"href":"https:\/\/guialimeira.com.br\/news\/wp-json\/wp\/v2\/media?parent=57707"}],"wp:term":[{"taxonomy":"category","embeddable":true,"href":"https:\/\/guialimeira.com.br\/news\/wp-json\/wp\/v2\/categories?post=57707"},{"taxonomy":"post_tag","embeddable":true,"href":"https:\/\/guialimeira.com.br\/news\/wp-json\/wp\/v2\/tags?post=57707"}],"curies":[{"name":"wp","href":"https:\/\/api.w.org\/{rel}","templated":true}]}}