{"id":5764,"date":"2024-05-21T08:35:02","date_gmt":"2024-05-21T11:35:02","guid":{"rendered":"https:\/\/guialimeira.com.br\/2024\/05\/21\/sp-apresenta-atrativos-turisticos-em-areas-protegidas-do-vale-do-ribeira\/"},"modified":"2024-05-21T08:35:02","modified_gmt":"2024-05-21T11:35:02","slug":"sp-apresenta-atrativos-turisticos-em-areas-protegidas-do-vale-do-ribeira","status":"publish","type":"post","link":"https:\/\/guialimeira.com.br\/news\/sp-apresenta-atrativos-turisticos-em-areas-protegidas-do-vale-do-ribeira\/","title":{"rendered":"SP apresenta atrativos tur\u00edsticos em \u00e1reas protegidas do Vale do Ribeira"},"content":{"rendered":"<p> <br \/>\n<\/p>\n<div id=\"\">&#13;<br \/>\n                                <!-- Title -->&#13;<br \/>\n                                &#13;<br \/>\n&#13;<br \/>\n                                <!-- Excerpt -->&#13;<\/p>\n<p class=\"excerpt\">Com pontos tur\u00edsticos estrat\u00e9gicos para S\u00e3o Paulo, a regi\u00e3o \u00e9 considerada Patrim\u00f4nio Natural da Humanidade pela Unesco<\/p>\n<p>&#13;<br \/>\n&#13;<br \/>\n                                &#13;\n                            <\/p><\/div>\n<div id=\"\">&#13;<\/p>\n<figure id=\"attachment_5888310\" style=\"width: 100%;max-width: 744px\" class=\"wp-caption alignnone\"><img data-recalc-dims=\"1\" decoding=\"async\" loading=\"lazy\" class=\"wp-image-5888310 \" src=\"https:\/\/i0.wp.com\/www.saopaulo.sp.gov.br\/wp-content\/uploads\/2024\/05\/8236-e1716233653512-300x199.jpeg?resize=696%2C462&#038;ssl=1\" alt=\"\" width=\"696\" height=\"462\" srcset=\"https:\/\/www.saopaulo.sp.gov.br\/wp-content\/uploads\/2024\/05\/8236-e1716233653512-300x199.jpeg 300w, https:\/\/www.saopaulo.sp.gov.br\/wp-content\/uploads\/2024\/05\/8236-e1716233653512-1024x678.jpeg 1024w, https:\/\/www.saopaulo.sp.gov.br\/wp-content\/uploads\/2024\/05\/8236-e1716233653512-768x509.jpeg 768w, https:\/\/www.saopaulo.sp.gov.br\/wp-content\/uploads\/2024\/05\/8236-e1716233653512-1536x1018.jpeg 1536w, https:\/\/www.saopaulo.sp.gov.br\/wp-content\/uploads\/2024\/05\/8236-e1716233653512.jpeg 1600w\" sizes=\"auto, (max-width: 744px) 100vw, 744px\"\/><figcaption class=\"wp-caption-text\">Ilha do Cardoso, em Cananeia, em S\u00e3o Paulo<\/figcaption><\/figure>\n<p>A Secretaria de Turismo e Viagens do Estado de S\u00e3o Paulo (Setur-SP), o Visite S\u00e3o Paulo, a Associa\u00e7\u00e3o Brasileira das Empresas A\u00e9reas (ABEAR), a Unesco e o Google lan\u00e7aram a campanha \u201cReservas da Mata Atl\u00e2ntica do Sudeste, Brasil\u201d, com imagens da regi\u00e3o e dicas de atrativos de 25 \u00e1reas protegidas que comp\u00f5em uma das maiores biodiversidades do planeta.<\/p>\n<p>Com 60% da Mata Atl\u00e2ntica remanescente do pa\u00eds, o <a href=\"https:\/\/www.saopaulo.sp.gov.br\/spnoticias\/ultimas-noticias\/patrimonio-natural-com-cavernas-e-mata-atlantica-preservada-conheca-o-vale-do-ribeira\/\" target=\"_blank\" rel=\"noopener noreferrer\">Vale do Ribeira \u00e9 uma regi\u00e3o estrat\u00e9gica para o turismo de SP<\/a> pela grande diversidade de atrativos ligados ao turismo de natureza. Entre os destaques da campanha, o Parque Estadual da Ilha do Cardoso, localizado em Cananeia, no litoral sul de SP, que abriga esp\u00e9cies raras de animais, como o jacar\u00e9-do-papo-amarelo e o papagaio-da-cara-roxa.<\/p>\n<p>Em Eldorado, o Parque Estadual Caverna do Diabo oferece uma das maiores cavernas do estado de SP abertas \u00e0 visita\u00e7\u00e3o, com infraestrutura para receber os visitantes. A Trilha Betari, em Iporanga; as cachoeiras e cavernas de Apia\u00ed, entre outros localidades, tamb\u00e9m fazem parte da campanha. O local ainda conta com enorme riqueza cultural, incluindo comunidades quilombolas, vilas cai\u00e7aras e tribos ind\u00edgenas.<\/p>\n<p>\u201c\u00c9 uma conquista importante para o turismo de SP, pois a campanha \u2018Reservas da Mata Atl\u00e2ntica do Sudeste, Brasil\u2019 ser\u00e1 divulgada em diversos pa\u00edses e idiomas. Ao apresentar os atrativos de natureza e aventura do estado, como cachoeiras, trilhas, cavernas e parques, bem como o turismo rural, a campanha trar\u00e1 mais visibilidade a uma regi\u00e3o estrat\u00e9gica, com promo\u00e7\u00e3o internacional\u201d, afirma Roberto de Lucena, secret\u00e1rio de Turismo e Viagens do Estado de SP.<\/p>\n<p>\u201cA presen\u00e7a do Vale do Ribeira no projeto Arts &amp; Culture do Google com a Unesco demonstra a import\u00e2ncia do destino S\u00e3o Paulo, que passa a estar ao lado de pontos tur\u00edsticos e patrim\u00f4nios mundiais da plataforma. \u00c9 uma vitrine global que d\u00e1 luz \u00e0 for\u00e7a do destino, com potencial de liderar novas visitas de viajantes do Brasil e do mundo. A a\u00e7\u00e3o est\u00e1 alinhada aos nossos objetivos e estrat\u00e9gias de promo\u00e7\u00e3o do Visite S\u00e3o Paulo\u201d, afirma Toni Sando, presidente-executivo do SPCVB.<\/p>\n<p>A campanha \u201cReservas da Mata Atl\u00e2ntica do Sudeste, Brasil\u201d j\u00e1 est\u00e1 dispon\u00edvel <a href=\"https:\/\/artsandculture.google.com\/story\/2AVRea384LMHdA\" target=\"_blank\" rel=\"noopener noreferrer\">https:\/\/artsandculture.google.com\/story\/2AVRea384LMHdA<\/a>. Os dados s\u00e3o da p\u00e1gina da Mata Atl\u00e2ntica na Unesco World Heritage, publica\u00e7\u00e3o online da Unesco sobre patrim\u00f4nio mundial.<\/p>\n<p>Siga o canal \u201cGoverno de S\u00e3o Paulo\u201d no WhatsApp:<br \/><a href=\"https:\/\/bit.ly\/govspnozap\" target=\"_blank\" rel=\"noopener noreferrer\">https:\/\/bit.ly\/govspnozap<\/a><\/p>\n<\/p><\/div>\n<p><br \/>\n<br \/><a href=\"https:\/\/www.saopaulo.sp.gov.br\/spnoticias\/ultimas-noticias\/campanha-de-sp-apresenta-atrativos-turisticos-em-areas-protegidas-do-vale-do-ribeira\/\" rel=\"noopener\">Informa\u00e7\u00f5es GOV.SP<\/a><\/p>\n","protected":false},"excerpt":{"rendered":"<p>&#13; &#13; &#13; &#13; &#13; Com pontos tur\u00edsticos estrat\u00e9gicos para S\u00e3o Paulo, a regi\u00e3o \u00e9 considerada Patrim\u00f4nio Natural da Humanidade pela Unesco &#13; &#13; &#13; &#13; Ilha do Cardoso, em Cananeia, em S\u00e3o Paulo A Secretaria de Turismo e Viagens do Estado de S\u00e3o Paulo (Setur-SP), o Visite S\u00e3o Paulo, a Associa\u00e7\u00e3o Brasileira das Empresas [&hellip;]<\/p>\n","protected":false},"author":1,"featured_media":5765,"comment_status":"open","ping_status":"open","sticky":false,"template":"","format":"standard","meta":{"_jetpack_newsletter_access":"","_jetpack_dont_email_post_to_subs":false,"_jetpack_newsletter_tier_id":0,"_jetpack_memberships_contains_paywalled_content":false,"_mbp_banners":[],"_jetpack_feature_clip_id":0,"_jetpack_memberships_contains_paid_content":false,"footnotes":"","jetpack_publicize_message":"","jetpack_publicize_feature_enabled":true,"jetpack_social_post_already_shared":true,"jetpack_social_options":{"image_generator_settings":{"template":"highway","default_image_id":0,"font":"","enabled":false},"version":2},"jetpack_post_was_ever_published":false},"categories":[21],"tags":[],"class_list":["post-5764","post","type-post","status-publish","format-standard","has-post-thumbnail","category-sp-news"],"jetpack_publicize_connections":[],"jetpack-related-posts":[],"jetpack_shortlink":"https:\/\/wp.me\/p7Eq1F-1uY","jetpack_sharing_enabled":true,"jetpack_featured_media_url":"https:\/\/i0.wp.com\/guialimeira.com.br\/news\/wp-content\/uploads\/2024\/05\/SP-apresenta-atrativos-turisticos-em-areas-protegidas-do-Vale-do.jpeg?fit=300%2C199&ssl=1","_links":{"self":[{"href":"https:\/\/guialimeira.com.br\/news\/wp-json\/wp\/v2\/posts\/5764","targetHints":{"allow":["GET"]}}],"collection":[{"href":"https:\/\/guialimeira.com.br\/news\/wp-json\/wp\/v2\/posts"}],"about":[{"href":"https:\/\/guialimeira.com.br\/news\/wp-json\/wp\/v2\/types\/post"}],"author":[{"embeddable":true,"href":"https:\/\/guialimeira.com.br\/news\/wp-json\/wp\/v2\/users\/1"}],"replies":[{"embeddable":true,"href":"https:\/\/guialimeira.com.br\/news\/wp-json\/wp\/v2\/comments?post=5764"}],"version-history":[{"count":0,"href":"https:\/\/guialimeira.com.br\/news\/wp-json\/wp\/v2\/posts\/5764\/revisions"}],"wp:featuredmedia":[{"embeddable":true,"href":"https:\/\/guialimeira.com.br\/news\/wp-json\/wp\/v2\/media\/5765"}],"wp:attachment":[{"href":"https:\/\/guialimeira.com.br\/news\/wp-json\/wp\/v2\/media?parent=5764"}],"wp:term":[{"taxonomy":"category","embeddable":true,"href":"https:\/\/guialimeira.com.br\/news\/wp-json\/wp\/v2\/categories?post=5764"},{"taxonomy":"post_tag","embeddable":true,"href":"https:\/\/guialimeira.com.br\/news\/wp-json\/wp\/v2\/tags?post=5764"}],"curies":[{"name":"wp","href":"https:\/\/api.w.org\/{rel}","templated":true}]}}