{"id":5760,"date":"2024-05-21T08:32:56","date_gmt":"2024-05-21T11:32:56","guid":{"rendered":"https:\/\/guialimeira.com.br\/2024\/05\/21\/copa-do-brasil-vasco-e-fortaleza-duelam-por-vaga-nas-oitavas\/"},"modified":"2024-05-21T08:32:56","modified_gmt":"2024-05-21T11:32:56","slug":"copa-do-brasil-vasco-e-fortaleza-duelam-por-vaga-nas-oitavas","status":"publish","type":"post","link":"https:\/\/guialimeira.com.br\/news\/copa-do-brasil-vasco-e-fortaleza-duelam-por-vaga-nas-oitavas\/","title":{"rendered":"Copa do Brasil: Vasco e Fortaleza duelam por vaga nas oitavas"},"content":{"rendered":"<p> <br \/>\n<\/p>\n<div>\n<p>O est\u00e1dio de S\u00e3o Janu\u00e1rio abre as portas para o confronto entre Vasco da Gama e Fortaleza pela Copa do Brasil. O jogo \u00e9 decisivo, pois apenas uma das duas equipes seguir\u00e1 para as oitavas de final. A <strong>R\u00e1dio Nacional<\/strong> transmite a partida ao vivo a partir das 21h30 (hor\u00e1rio de Bras\u00edlia) desta ter\u00e7a-feira (21).<img data-recalc-dims=\"1\" decoding=\"async\" src=\"https:\/\/i0.wp.com\/agenciabrasil.ebc.com.br\/ebc.png?w=696&#038;ssl=1\" style=\"width:1px; height:1px; display:inline;\"\/><img data-recalc-dims=\"1\" decoding=\"async\" src=\"https:\/\/i0.wp.com\/agenciabrasil.ebc.com.br\/ebc.gif?w=696&#038;ssl=1\" style=\"width:1px; height:1px; display:inline;\"\/><\/p>\n<p>Como o jogo de ida, disputado na Arena Castel\u00e3o, em Fortaleza, terminou com empate sem gols, ningu\u00e9m tem qualquer vantagem em S\u00e3o Janu\u00e1rio. Assim, em caso de nova igualdade, a vaga ser\u00e1 decidida nas penalidades m\u00e1ximas.<\/p>\n<p>O Vasco vive um momento de anima\u00e7\u00e3o ap\u00f3s a chegada de seu novo treinador, o portugu\u00eas \u00c1lvaro Pacheco, que ainda n\u00e3o estreia mas que j\u00e1 ganhou um apelido da torcida cruzmaltina: Mister Boina. \u201cSimp\u00e1tico e animado, que ele e os auxiliares possam levar o Vasco de volta ao passado de t\u00edtulos\u201d, afirmou a sapateira Maria Jos\u00e9 de Souza.<\/p>\n<blockquote class=\"twitter-tweet\">\n<p dir=\"ltr\" lang=\"pt\" xml:lang=\"pt\">\ud83d\udc4a\ud83d\udca2<\/p>\n<p>\ud83d\udcf8: Leandro Amorim | <a href=\"https:\/\/twitter.com\/hashtag\/VascoDaGama?src=hash&amp;ref_src=twsrc%5Etfw\" rel=\"noopener\">#VascoDaGama<\/a> <a href=\"https:\/\/t.co\/Qynsd3KgBR\">pic.twitter.com\/Qynsd3KgBR<\/a><\/p>\n<p>\u2014 Vasco da Gama (@VascodaGama) <a href=\"https:\/\/twitter.com\/VascodaGama\/status\/1791544214175781097?ref_src=twsrc%5Etfw\" rel=\"noopener\">May 17, 2024<\/a><\/p><\/blockquote>\n<p>Como \u00c1lvaro Pacheco e seus auxiliares desembarcaram no \u00faltimo domingo (20) no Rio de Janeiro e ainda precisam resolver quest\u00f5es burocr\u00e1ticas para trabalhar no Brasil, quem comanda o Vasco \u00e0 beira do gramado \u00e9 Rafael Paiva. O treinador interino n\u00e3o relacionou o volante Hugo Moura para o jogo e deve manter o zagueiro Jo\u00e3o Victor improvisado na lateral direita.<\/p>\n<p>J\u00e1 o Fortaleza do treinador argentino Pablo Vojvoda tem cinco desfalques certos: Renato Kayzer, que j\u00e1 defendeu o Crici\u00fama na Copa do Brasil, al\u00e9m de Calebe, Lucas Sasha, Br\u00edtez e Pedro Rocha, atletas entregues ao departamento m\u00e9dico.<\/p>\n<blockquote class=\"twitter-tweet\">\n<p dir=\"ltr\" lang=\"pt\" xml:lang=\"pt\">De volta aos trabalhos! \ud83d\udcaa\ud83e\udd81<\/p>\n<p>\ud83d\udcf8 Leonardo Moreira\/FEC<a href=\"https:\/\/twitter.com\/hashtag\/FortalezaEC?src=hash&amp;ref_src=twsrc%5Etfw\" rel=\"noopener\">#FortalezaEC<\/a> <a href=\"https:\/\/t.co\/9K7TcDZIZU\">pic.twitter.com\/9K7TcDZIZU<\/a><\/p>\n<p>\u2014 Fortaleza Esporte Clube \ud83e\udd81 (@FortalezaEC) <a href=\"https:\/\/twitter.com\/FortalezaEC\/status\/1791974121611415768?ref_src=twsrc%5Etfw\" rel=\"noopener\">May 18, 2024<\/a><\/p><\/blockquote>\n<p>O Le\u00e3o do Pici vem de um empate heroico de 1 a 1 com o Boca Juniors (Argentina) em plena Bombonera pela Copa Sul-Americana.<\/p>\n<h2>Transmiss\u00e3o da R\u00e1dio Nacional<\/h2>\n<p>A <strong>R\u00e1dio Nacional<\/strong> transmite as emo\u00e7\u00f5es de Vasco e Fortaleza com a narra\u00e7\u00e3o de Andr\u00e9 Marques, coment\u00e1rios de Rodrigo Campos, reportagens de Rodrigo Ricardo e plant\u00e3o de Luiz Ferreira. Voc\u00ea acompanha o Show de Bola Nacional aqui:<\/p>\n<p><iframe loading=\"lazy\" allowfullscreen=\"\" frameborder=\"0\" height=\"115\" src=\"https:\/\/aovivo.ebc.com.br\/embed-audio.html?emissora=radio-nacional-do-rio-de-janeiro\" width=\"340\"><\/iframe><\/p>\n<\/p><\/div>\n<p><script async src=\"\/\/platform.twitter.com\/widgets.js\" charset=\"utf-8\"><\/script><br \/>\n<br \/><br \/>\n<br \/><a href=\"https:\/\/agenciabrasil.ebc.com.br\/esportes\/noticia\/2024-05\/copa-do-brasil-vasco-e-fortaleza-duelam-por-vaga-nas-oitavas\" rel=\"noopener\">Ag\u00eancia Brasil<\/a><\/p>\n","protected":false},"excerpt":{"rendered":"<p>O est\u00e1dio de S\u00e3o Janu\u00e1rio abre as portas para o confronto entre Vasco da Gama e Fortaleza pela Copa do Brasil. O jogo \u00e9 decisivo, pois apenas uma das duas equipes seguir\u00e1 para as oitavas de final. A R\u00e1dio Nacional transmite a partida ao vivo a partir das 21h30 (hor\u00e1rio de Bras\u00edlia) desta ter\u00e7a-feira (21). [&hellip;]<\/p>\n","protected":false},"author":1,"featured_media":5761,"comment_status":"open","ping_status":"open","sticky":false,"template":"","format":"standard","meta":{"_jetpack_newsletter_access":"","_jetpack_dont_email_post_to_subs":false,"_jetpack_newsletter_tier_id":0,"_jetpack_memberships_contains_paywalled_content":false,"_mbp_banners":[],"_jetpack_feature_clip_id":0,"_jetpack_memberships_contains_paid_content":false,"footnotes":"","jetpack_publicize_message":"","jetpack_publicize_feature_enabled":true,"jetpack_social_post_already_shared":true,"jetpack_social_options":{"image_generator_settings":{"template":"highway","default_image_id":0,"font":"","enabled":false},"version":2},"jetpack_post_was_ever_published":false},"categories":[23],"tags":[],"class_list":["post-5760","post","type-post","status-publish","format-standard","has-post-thumbnail","category-esportes"],"jetpack_publicize_connections":[],"jetpack-related-posts":[],"jetpack_shortlink":"https:\/\/wp.me\/p7Eq1F-1uU","jetpack_sharing_enabled":true,"jetpack_featured_media_url":"https:\/\/i0.wp.com\/guialimeira.com.br\/news\/wp-content\/uploads\/2024\/05\/53691858427_058de28c29_o.jpg?fit=1600%2C800&ssl=1","_links":{"self":[{"href":"https:\/\/guialimeira.com.br\/news\/wp-json\/wp\/v2\/posts\/5760","targetHints":{"allow":["GET"]}}],"collection":[{"href":"https:\/\/guialimeira.com.br\/news\/wp-json\/wp\/v2\/posts"}],"about":[{"href":"https:\/\/guialimeira.com.br\/news\/wp-json\/wp\/v2\/types\/post"}],"author":[{"embeddable":true,"href":"https:\/\/guialimeira.com.br\/news\/wp-json\/wp\/v2\/users\/1"}],"replies":[{"embeddable":true,"href":"https:\/\/guialimeira.com.br\/news\/wp-json\/wp\/v2\/comments?post=5760"}],"version-history":[{"count":0,"href":"https:\/\/guialimeira.com.br\/news\/wp-json\/wp\/v2\/posts\/5760\/revisions"}],"wp:featuredmedia":[{"embeddable":true,"href":"https:\/\/guialimeira.com.br\/news\/wp-json\/wp\/v2\/media\/5761"}],"wp:attachment":[{"href":"https:\/\/guialimeira.com.br\/news\/wp-json\/wp\/v2\/media?parent=5760"}],"wp:term":[{"taxonomy":"category","embeddable":true,"href":"https:\/\/guialimeira.com.br\/news\/wp-json\/wp\/v2\/categories?post=5760"},{"taxonomy":"post_tag","embeddable":true,"href":"https:\/\/guialimeira.com.br\/news\/wp-json\/wp\/v2\/tags?post=5760"}],"curies":[{"name":"wp","href":"https:\/\/api.w.org\/{rel}","templated":true}]}}