{"id":57349,"date":"2026-03-05T12:45:14","date_gmt":"2026-03-05T15:45:14","guid":{"rendered":"https:\/\/guialimeira.com.br\/?p=57349"},"modified":"2026-03-05T12:45:14","modified_gmt":"2026-03-05T15:45:14","slug":"prefeitura-de-cordeiropolis-envia-projetos-para-reajustar-vale-alimentacao-e-descongelar-direitos-prefeitura-municipal-de-cordeiropolis","status":"publish","type":"post","link":"https:\/\/guialimeira.com.br\/news\/prefeitura-de-cordeiropolis-envia-projetos-para-reajustar-vale-alimentacao-e-descongelar-direitos-prefeitura-municipal-de-cordeiropolis\/","title":{"rendered":"Prefeitura de Cordeir\u00f3polis envia projetos para reajustar vale-alimenta\u00e7\u00e3o e descongelar direitos \u2013 Prefeitura Municipal de Cordeir\u00f3polis"},"content":{"rendered":"<p> <br \/>\n<\/p>\n<div>\n<p>A prefeita Cristina Saad e o vice-prefeito Anderson Hespanhol Pique assinaram nesta quinta-feira (5) o reajuste do vale-alimenta\u00e7\u00e3o dos servidores municipais para R$ 850 \u2013 valor atual \u00e9 de R$ 750. O \u00edndice representa 13,3% de reajuste, o equivalente a tr\u00eas vezes do acumulado dos \u00faltimos 12 meses do \u00cdndice Nacional de Pre\u00e7os ao Consumidor (IPCA).<\/p>\n<p>O projeto foi assinado na presen\u00e7a do presidente do Sindicato dos Servidores P\u00fablicos de Cordeir\u00f3polis, Dimas Tocchio, dos vereadores Paulo C\u00e9sar Morais (presidente), Deize Bettin, C\u00edcero Saraiva, Sidnei Gambaro, Valmir Sanches e Vilson Caleffi, do secret\u00e1rio de Finan\u00e7as e Or\u00e7amento, Renato Mascarin, e do assessor executivo Marcelo Braga. Se aprovado na C\u00e2mara Municipal, o reajuste ser\u00e1 retroativo a janeiro de 2026.<\/p>\n<p>O impacto financeiro dessa medida para o munic\u00edpio ser\u00e1 de R$ 1,3 milh\u00e3o. \u201c\u00c9 um aumento real do vale-alimenta\u00e7\u00e3o para nossos servidores. O equil\u00edbrio das contas p\u00fablicas foi fundamental para que consegu\u00edssemos projetar esse reajuste\u201d, pontuou Cristina. \u201cOs servidores p\u00fablicos merecem esse aumento pois trabalham incansavelmente pela nossa popula\u00e7\u00e3o\u201d, disse o vice-prefeito.<\/p>\n<p><strong>Descongela<\/strong><\/p>\n<p>Outro projeto de lei encaminhado ao Legislativo, assinado durante a reuni\u00e3o, foi o descongelamento de benef\u00edcios que ficaram paralisados durante 583 dias, na pandemia de Covid-19, mais especificamente de 28 de maio de 2020 a 31 de dezembro de 2021. O \u201cdescongela\u201d passa a valer a partir de 1\u00ba de abril deste ano em Cordeir\u00f3polis.<\/p>\n<p>Com isso, voltam a contar anu\u00eanios, bi\u00eanios, tri\u00eanios e demais adicionais por tempo de servi\u00e7o previstos no Estatuto dos Servidores; quinqu\u00eanios e vantagens temporais assemelhadas; sexta-parte do vencimento; licen\u00e7a-pr\u00eamio e f\u00e9rias-pr\u00eamio; progress\u00e3o funcional e promo\u00e7\u00e3o por tempo de servi\u00e7o; e demais vantagens funcionais de natureza temporal previstas na legisla\u00e7\u00e3o municipal.<\/p>\n<p>O projeto tamb\u00e9m estabelece um prazo de 180 dias para a Secretaria de Administra\u00e7\u00e3o levantar, individualmente, a situa\u00e7\u00e3o funcional de cada servidor afetado pelo congelamento e identificar o per\u00edodo exato de cada um, as vantagens funcionais que deveriam ter sido concedidas no per\u00edodo, o impacto financeiro, entre outros detalhes que v\u00e3o definir o valor retroativo.<\/p>\n<p>O pagamento retroativo dos benef\u00edcios congelados ser\u00e1 regulamentado ap\u00f3s a entrega desse relat\u00f3rio e atendendo ao que determina o projeto de lei complementar.<\/p>\n<figure class=\"wp-block-gallery has-nested-images columns-default is-cropped wp-block-gallery-1 is-layout-flex wp-block-gallery-is-layout-flex\">\n<figure class=\"wp-block-image size-large\"><\/figure>\n<figure class=\"wp-block-image size-large\"><img data-recalc-dims=\"1\" decoding=\"async\" data-attachment-id=\"32327\" data-permalink=\"https:\/\/guialimeira.com.br\/news\/cruzeiro-derrota-real-brasilia-para-liderar-o-brasileiro-feminino\/54487962936_a3eeecae9b_o-jpg\/\" data-orig-file=\"https:\/\/i0.wp.com\/guialimeira.com.br\/news\/wp-content\/uploads\/2025\/05\/54487962936_a3eeecae9b_o.jpg?fit=1600%2C800&amp;ssl=1\" data-orig-size=\"1600,800\" data-comments-opened=\"1\" data-image-meta=\"{&quot;aperture&quot;:&quot;0&quot;,&quot;credit&quot;:&quot;&quot;,&quot;camera&quot;:&quot;&quot;,&quot;caption&quot;:&quot;&quot;,&quot;created_timestamp&quot;:&quot;0&quot;,&quot;copyright&quot;:&quot;&quot;,&quot;focal_length&quot;:&quot;0&quot;,&quot;iso&quot;:&quot;0&quot;,&quot;shutter_speed&quot;:&quot;0&quot;,&quot;title&quot;:&quot;&quot;,&quot;orientation&quot;:&quot;0&quot;}\" data-image-title=\"54487962936_a3eeecae9b_o.jpg\" data-image-description=\"\" data-image-caption=\"\" data-large-file=\"https:\/\/i0.wp.com\/guialimeira.com.br\/news\/wp-content\/uploads\/2025\/05\/54487962936_a3eeecae9b_o.jpg?fit=696%2C348&amp;ssl=1\" loading=\"lazy\" width=\"696\" height=\"392\" data-id=\"32327\" src=\"https:\/\/i0.wp.com\/guialimeira.com.br\/wp-content\/uploads\/2026\/03\/1772725513_67_Prefeitura-de-Cordeiropolis-envia-projetos-para-reajustar-vale-alimentacao-e-descongelar.jpeg?resize=696%2C392&#038;ssl=1\" alt=\"\" class=\"wp-image-32327\" \/><\/figure>\n<\/figure><\/div>\n<p><br \/>\n<br \/><a href=\"https:\/\/www.cordeiropolis.sp.gov.br\/prefeitura-de-cordeiropolis-envia-projetos-para-reajustar-vale-alimentacao-e-descongelar-direitos\/\" rel=\"noopener\">Informa\u00e7\u00f5es Cordeir\u00f3polis <\/a><\/p>\n","protected":false},"excerpt":{"rendered":"<p>A prefeita Cristina Saad e o vice-prefeito Anderson Hespanhol Pique assinaram nesta quinta-feira (5) o reajuste do vale-alimenta\u00e7\u00e3o dos servidores municipais para R$ 850 \u2013 valor atual \u00e9 de R$ 750. O \u00edndice representa 13,3% de reajuste, o equivalente a tr\u00eas vezes do acumulado dos \u00faltimos 12 meses do \u00cdndice Nacional de Pre\u00e7os ao Consumidor [&hellip;]<\/p>\n","protected":false},"author":1,"featured_media":57350,"comment_status":"closed","ping_status":"open","sticky":false,"template":"","format":"standard","meta":{"_jetpack_newsletter_access":"","_jetpack_dont_email_post_to_subs":false,"_jetpack_newsletter_tier_id":0,"_jetpack_memberships_contains_paywalled_content":false,"_mbp_banners":[],"_jetpack_feature_clip_id":0,"_jetpack_memberships_contains_paid_content":false,"footnotes":"","jetpack_publicize_message":"","jetpack_publicize_feature_enabled":true,"jetpack_social_post_already_shared":true,"jetpack_social_options":{"image_generator_settings":{"template":"highway","default_image_id":0,"font":"","enabled":false},"version":2},"jetpack_post_was_ever_published":false},"categories":[20],"tags":[],"class_list":["post-57349","post","type-post","status-publish","format-standard","has-post-thumbnail","category-regiao"],"jetpack_publicize_connections":[],"jetpack-related-posts":[],"jetpack_shortlink":"https:\/\/wp.me\/p7Eq1F-eUZ","jetpack_sharing_enabled":true,"jetpack_featured_media_url":"https:\/\/i0.wp.com\/guialimeira.com.br\/news\/wp-content\/uploads\/2026\/03\/Prefeitura-de-Cordeiropolis-envia-projetos-para-reajustar-vale-alimentacao-e-descongelar.jpeg?fit=1024%2C576&ssl=1","_links":{"self":[{"href":"https:\/\/guialimeira.com.br\/news\/wp-json\/wp\/v2\/posts\/57349","targetHints":{"allow":["GET"]}}],"collection":[{"href":"https:\/\/guialimeira.com.br\/news\/wp-json\/wp\/v2\/posts"}],"about":[{"href":"https:\/\/guialimeira.com.br\/news\/wp-json\/wp\/v2\/types\/post"}],"author":[{"embeddable":true,"href":"https:\/\/guialimeira.com.br\/news\/wp-json\/wp\/v2\/users\/1"}],"replies":[{"embeddable":true,"href":"https:\/\/guialimeira.com.br\/news\/wp-json\/wp\/v2\/comments?post=57349"}],"version-history":[{"count":1,"href":"https:\/\/guialimeira.com.br\/news\/wp-json\/wp\/v2\/posts\/57349\/revisions"}],"predecessor-version":[{"id":57351,"href":"https:\/\/guialimeira.com.br\/news\/wp-json\/wp\/v2\/posts\/57349\/revisions\/57351"}],"wp:featuredmedia":[{"embeddable":true,"href":"https:\/\/guialimeira.com.br\/news\/wp-json\/wp\/v2\/media\/57350"}],"wp:attachment":[{"href":"https:\/\/guialimeira.com.br\/news\/wp-json\/wp\/v2\/media?parent=57349"}],"wp:term":[{"taxonomy":"category","embeddable":true,"href":"https:\/\/guialimeira.com.br\/news\/wp-json\/wp\/v2\/categories?post=57349"},{"taxonomy":"post_tag","embeddable":true,"href":"https:\/\/guialimeira.com.br\/news\/wp-json\/wp\/v2\/tags?post=57349"}],"curies":[{"name":"wp","href":"https:\/\/api.w.org\/{rel}","templated":true}]}}