{"id":573,"date":"2024-03-30T12:51:46","date_gmt":"2024-03-30T15:51:46","guid":{"rendered":"https:\/\/guialimeira.com.br\/2024\/03\/30\/buscas-por-piloto-de-aviao-que-caiu-na-serra-do-japi-sao-retomadas\/"},"modified":"2024-03-30T12:51:46","modified_gmt":"2024-03-30T15:51:46","slug":"buscas-por-piloto-de-aviao-que-caiu-na-serra-do-japi-sao-retomadas","status":"publish","type":"post","link":"https:\/\/guialimeira.com.br\/news\/buscas-por-piloto-de-aviao-que-caiu-na-serra-do-japi-sao-retomadas\/","title":{"rendered":"Buscas por piloto de avi\u00e3o que caiu na Serra do Japi s\u00e3o retomadas"},"content":{"rendered":"<p> <br \/>\n<\/p>\n<div>\n<p>As buscas pelo piloto de um avi\u00e3o de pequeno porte que caiu na Serra do Japi, em Jundia\u00ed (SP), foram retomadas na manh\u00e3 de hoje (30), confirmaram o Corpo de Bombeiros, a Pol\u00edcia Militar e a Secretaria de Seguran\u00e7a P\u00fablica de S\u00e3o Paulo. Segundo os \u00f3rg\u00e3os, as equipes de resgate j\u00e1 est\u00e3o no local.<img data-recalc-dims=\"1\" decoding=\"async\" src=\"https:\/\/i0.wp.com\/agenciabrasil.ebc.com.br\/ebc.png?w=696&#038;ssl=1\" style=\"width:1px; height:1px; display:inline;\"\/><img data-recalc-dims=\"1\" decoding=\"async\" src=\"https:\/\/i0.wp.com\/agenciabrasil.ebc.com.br\/ebc.gif?w=696&#038;ssl=1\" style=\"width:1px; height:1px; display:inline;\"\/><\/p>\n<p>O avi\u00e3o, de matr\u00edcula PT-WLP,<a href=\"https:\/\/agenciabrasil.ebc.com.br\/geral\/noticia\/2024-03\/equipes-buscam-aviao-que-desapareceu-na-serra-do-japi-em-sao-paulo\" target=\"_blank\" rel=\"noopener\"> desapareceu na \u00faltima quinta-feira (28)<\/a>, por volta das 20h40, informou os Bombeiros. Informa\u00e7\u00f5es preliminares afirmam que a aeronave decolou de Jundia\u00ed com destino ao Aeroporto do Campo de Marte, na zona norte da cidade de S\u00e3o Paulo,\u00a0e, sem condi\u00e7\u00f5es de pouso, o piloto teria tentado retornar a Jundia\u00ed. Ele estaria sozinho na aeronave.<\/p>\n<p>Ontem (29), <a href=\"https:\/\/agenciabrasil.ebc.com.br\/geral\/noticia\/2024-03\/localizados-destrocos-de-aviao-que-caiu-na-serra-do-japi-em-sao-paulo\" target=\"_blank\" rel=\"noopener\">destro\u00e7os da aeronave foram encontrados <\/a>por investigadores do 4\u00ba Servi\u00e7o Regional de Investiga\u00e7\u00e3o e Preven\u00e7\u00e3o de Acidentes Aeron\u00e1uticos, \u00f3rg\u00e3o regional do Centro de Investiga\u00e7\u00e3o e Preven\u00e7\u00e3o de Acidentes Aeron\u00e1uticos, localizados em S\u00e3o Paulo. A For\u00e7a A\u00e9rea Brasileira informou\u00a0que os investigadores far\u00e3o a coleta e confirma\u00e7\u00e3o de dados, verificar os danos causados \u00e0 aeronave e levantar outras informa\u00e7\u00f5es\u00a0necess\u00e1rias para a investiga\u00e7\u00e3o.<\/p>\n<p>Consulta feita pela <strong>Ag\u00eancia Brasil<\/strong> ao Registro Aeron\u00e1utico Brasileiro (RAB) da Ag\u00eancia Nacional de Avia\u00e7\u00e3o Civil (Anac) mostram que a situa\u00e7\u00e3o da aeronave era \u201cnormal\u201d. O bimotor foi fabricado em 1995 pela Piper Aircraft e foi registrado como propriedade da HKTC do Brasil, uma multinacional com sede em Hong Kong. A aeronave tinha capacidade para cinco passageiros e sua licen\u00e7a permitia apenas servi\u00e7os a\u00e9reos privados, com proibi\u00e7\u00e3o para t\u00e1xi a\u00e9reo.<\/p>\n<p>Em suas redes sociais, a HKTC do Brasil confirmou que &#8220;infelizmente, houve um acidente com uma aeronave de sua propriedade&#8221; e que a empresa est\u00e1 empenhada nas buscas. &#8220;Informamos que o piloto era o \u00fanico tripulante e que, no momento, fazia o traslado da aeronave. Trata-se de piloto experiente, pelo qual temos profundo respeito e gratid\u00e3o&#8221;, escreveu a empresa.\u00a0<\/p>\n<p>&#8220;Conforme j\u00e1 divulgado pela imprensa, a aeronave encontra-se em estado regular e perfeitas condi\u00e7\u00f5es de aeronavegabilidade&#8221;, acrescentou a HKTC, em nota.\u00a0<\/p>\n<\/p><\/div>\n<p><br \/>\n<br \/><a href=\"https:\/\/agenciabrasil.ebc.com.br\/geral\/noticia\/2024-03\/buscas-por-piloto-de-aviao-que-caiu-na-serra-do-japi-sao-retomadas\" rel=\"noopener\">Ag\u00eancia Brasil<\/a><\/p>\n","protected":false},"excerpt":{"rendered":"<p>As buscas pelo piloto de um avi\u00e3o de pequeno porte que caiu na Serra do Japi, em Jundia\u00ed (SP), foram retomadas na manh\u00e3 de hoje (30), confirmaram o Corpo de Bombeiros, a Pol\u00edcia Militar e a Secretaria de Seguran\u00e7a P\u00fablica de S\u00e3o Paulo. Segundo os \u00f3rg\u00e3os, as equipes de resgate j\u00e1 est\u00e3o no local. O [&hellip;]<\/p>\n","protected":false},"author":1,"featured_media":574,"comment_status":"open","ping_status":"open","sticky":false,"template":"","format":"standard","meta":{"_jetpack_newsletter_access":"","_jetpack_dont_email_post_to_subs":false,"_jetpack_newsletter_tier_id":0,"_jetpack_memberships_contains_paywalled_content":false,"_mbp_banners":[],"_jetpack_feature_clip_id":0,"_jetpack_memberships_contains_paid_content":false,"footnotes":"","jetpack_publicize_message":"","jetpack_publicize_feature_enabled":true,"jetpack_social_post_already_shared":true,"jetpack_social_options":{"image_generator_settings":{"template":"highway","default_image_id":0,"font":"","enabled":false},"version":2},"jetpack_post_was_ever_published":false},"categories":[1],"tags":[],"class_list":["post-573","post","type-post","status-publish","format-standard","has-post-thumbnail","category-geral"],"jetpack_publicize_connections":[],"jetpack-related-posts":[],"jetpack_shortlink":"https:\/\/wp.me\/p7Eq1F-9f","jetpack_sharing_enabled":true,"jetpack_featured_media_url":"https:\/\/i0.wp.com\/guialimeira.com.br\/news\/wp-content\/uploads\/2024\/03\/rvo2jal3lnfctmozpbj47fvvwi_copy.jpg?fit=1600%2C800&ssl=1","_links":{"self":[{"href":"https:\/\/guialimeira.com.br\/news\/wp-json\/wp\/v2\/posts\/573","targetHints":{"allow":["GET"]}}],"collection":[{"href":"https:\/\/guialimeira.com.br\/news\/wp-json\/wp\/v2\/posts"}],"about":[{"href":"https:\/\/guialimeira.com.br\/news\/wp-json\/wp\/v2\/types\/post"}],"author":[{"embeddable":true,"href":"https:\/\/guialimeira.com.br\/news\/wp-json\/wp\/v2\/users\/1"}],"replies":[{"embeddable":true,"href":"https:\/\/guialimeira.com.br\/news\/wp-json\/wp\/v2\/comments?post=573"}],"version-history":[{"count":0,"href":"https:\/\/guialimeira.com.br\/news\/wp-json\/wp\/v2\/posts\/573\/revisions"}],"wp:featuredmedia":[{"embeddable":true,"href":"https:\/\/guialimeira.com.br\/news\/wp-json\/wp\/v2\/media\/574"}],"wp:attachment":[{"href":"https:\/\/guialimeira.com.br\/news\/wp-json\/wp\/v2\/media?parent=573"}],"wp:term":[{"taxonomy":"category","embeddable":true,"href":"https:\/\/guialimeira.com.br\/news\/wp-json\/wp\/v2\/categories?post=573"},{"taxonomy":"post_tag","embeddable":true,"href":"https:\/\/guialimeira.com.br\/news\/wp-json\/wp\/v2\/tags?post=573"}],"curies":[{"name":"wp","href":"https:\/\/api.w.org\/{rel}","templated":true}]}}