{"id":57266,"date":"2026-03-04T17:27:55","date_gmt":"2026-03-04T20:27:55","guid":{"rendered":"https:\/\/guialimeira.com.br\/everton-ferreira-debate-vagas-em-creches-com-secretario-de-educacao-e-cobra-solucoes-para-reduzir-fila-de-espera\/"},"modified":"2026-03-04T17:27:55","modified_gmt":"2026-03-04T20:27:55","slug":"everton-ferreira-debate-vagas-em-creches-com-secretario-de-educacao-e-cobra-solucoes-para-reduzir-fila-de-espera","status":"publish","type":"post","link":"https:\/\/guialimeira.com.br\/news\/everton-ferreira-debate-vagas-em-creches-com-secretario-de-educacao-e-cobra-solucoes-para-reduzir-fila-de-espera\/","title":{"rendered":"Everton Ferreira debate vagas em creches com secret\u00e1rio de Educa\u00e7\u00e3o e cobra solu\u00e7\u00f5es para reduzir fila de espera"},"content":{"rendered":"<p><img data-recalc-dims=\"1\" decoding=\"async\" src=\"https:\/\/i0.wp.com\/www.limeira.sp.leg.br\/assets\/uploads\/noticia\/2026-03-04_everton-ferreira-debate-vagas-em-creches-com-secretario-de-educacao-e-cobra-solucoes-para-reduzir-fila-de-espera_1.jpg?w=696&#038;ssl=1\" alt=\"Everton Ferreira debate vagas em creches com secret\u00e1rio de Educa\u00e7\u00e3o e cobra solu\u00e7\u00f5es para reduzir fila de espera\" \/><\/p>\n<p>Everton Ferreira debate vagas em creches com secret\u00e1rio de Educa\u00e7\u00e3o e cobra solu\u00e7\u00f5es para reduzir fila de espera<\/p>\n<p><a href=\"https:\/\/www.limeira.sp.leg.br\/noticias\/view\/2026-03-04_everton-ferreira-debate-vagas-em-creches-com-secretario-de-educacao-e-cobra-solucoes-para-reduzir-fila-de-espera\" rel=\"noopener\">Exibir artigo<\/a><\/p>\n<p><a href=\"https:\/\/www.limeira.sp.leg.br\/noticias\/view\/2026-03-04_everton-ferreira-debate-vagas-em-creches-com-secretario-de-educacao-e-cobra-solucoes-para-reduzir-fila-de-espera\" target=\"_blank\" rel=\"noopener\">Read original article<\/a><\/p>\n","protected":false},"excerpt":{"rendered":"<p><img decoding=\"async\" src=\"https:\/\/www.limeira.sp.leg.br\/assets\/uploads\/noticia\/2026-03-04_everton-ferreira-debate-vagas-em-creches-com-secretario-de-educacao-e-cobra-solucoes-para-reduzir-fila-de-espera_1.jpg\" alt=\"Everton Ferreira debate vagas em creches com secret\u00e1rio de Educa\u00e7\u00e3o e cobra solu\u00e7\u00f5es para reduzir fila de espera\" \/><\/p>\n<p>Everton Ferreira debate vagas em creches com secret\u00e1rio de Educa\u00e7\u00e3o e cobra solu\u00e7\u00f5es para reduzir fila de espera<\/p>\n<p><a href=\"https:\/\/www.limeira.sp.leg.br\/noticias\/view\/2026-03-04_everton-ferreira-debate-vagas-em-creches-com-secretario-de-educacao-e-cobra-solucoes-para-reduzir-fila-de-espera\">Exibir artigo<\/a><\/p>\n","protected":false},"author":4,"featured_media":0,"comment_status":"","ping_status":"open","sticky":false,"template":"","format":"standard","meta":{"_jetpack_newsletter_access":"","_jetpack_dont_email_post_to_subs":false,"_jetpack_newsletter_tier_id":0,"_jetpack_memberships_contains_paywalled_content":false,"_mbp_banners":[],"_jetpack_feature_clip_id":0,"_jetpack_memberships_contains_paid_content":false,"footnotes":"","jetpack_publicize_message":"","jetpack_publicize_feature_enabled":true,"jetpack_social_post_already_shared":true,"jetpack_social_options":{"image_generator_settings":{"template":"highway","default_image_id":0,"font":"","enabled":false},"version":2},"jetpack_post_was_ever_published":false},"categories":[1],"tags":[],"class_list":["post-57266","post","type-post","status-publish","format-standard","category-geral"],"jetpack_publicize_connections":[],"jetpack-related-posts":[],"jetpack_shortlink":"https:\/\/wp.me\/p7Eq1F-eTE","jetpack_sharing_enabled":true,"jetpack_featured_media_url":"","_links":{"self":[{"href":"https:\/\/guialimeira.com.br\/news\/wp-json\/wp\/v2\/posts\/57266","targetHints":{"allow":["GET"]}}],"collection":[{"href":"https:\/\/guialimeira.com.br\/news\/wp-json\/wp\/v2\/posts"}],"about":[{"href":"https:\/\/guialimeira.com.br\/news\/wp-json\/wp\/v2\/types\/post"}],"author":[{"embeddable":true,"href":"https:\/\/guialimeira.com.br\/news\/wp-json\/wp\/v2\/users\/4"}],"replies":[{"embeddable":true,"href":"https:\/\/guialimeira.com.br\/news\/wp-json\/wp\/v2\/comments?post=57266"}],"version-history":[{"count":0,"href":"https:\/\/guialimeira.com.br\/news\/wp-json\/wp\/v2\/posts\/57266\/revisions"}],"wp:attachment":[{"href":"https:\/\/guialimeira.com.br\/news\/wp-json\/wp\/v2\/media?parent=57266"}],"wp:term":[{"taxonomy":"category","embeddable":true,"href":"https:\/\/guialimeira.com.br\/news\/wp-json\/wp\/v2\/categories?post=57266"},{"taxonomy":"post_tag","embeddable":true,"href":"https:\/\/guialimeira.com.br\/news\/wp-json\/wp\/v2\/tags?post=57266"}],"curies":[{"name":"wp","href":"https:\/\/api.w.org\/{rel}","templated":true}]}}