{"id":57263,"date":"2026-03-04T17:20:45","date_gmt":"2026-03-04T20:20:45","guid":{"rendered":"https:\/\/guialimeira.com.br\/?p=57263"},"modified":"2026-03-04T17:20:45","modified_gmt":"2026-03-04T20:20:45","slug":"semana-da-mulher-tem-programacao-para-celebrar-mulheres-de-cordeiropolis-prefeitura-municipal-de-cordeiropolis","status":"publish","type":"post","link":"https:\/\/guialimeira.com.br\/news\/semana-da-mulher-tem-programacao-para-celebrar-mulheres-de-cordeiropolis-prefeitura-municipal-de-cordeiropolis\/","title":{"rendered":"Semana da Mulher tem programa\u00e7\u00e3o para celebrar mulheres de Cordeir\u00f3polis \u2013 Prefeitura Municipal de Cordeir\u00f3polis"},"content":{"rendered":"<p> <br \/>\n<\/p>\n<div>\n<p>A Prefeitura de Cordeir\u00f3polis, por meio da Secretaria da Mulher e Desenvolvimento Social, preparou uma programa\u00e7\u00e3o especial para marcar o Dia Internacional da Mulher, celebrado no dia 8. A Semana da Mulher, de 6 a 10 de mar\u00e7o, ter\u00e1 atividades voltadas \u00e0 valoriza\u00e7\u00e3o, ao reconhecimento e \u00e0 celebra\u00e7\u00e3o das mulheres do munic\u00edpio.<\/p>\n<p>Na sexta (6), na C\u00e2mara Municipal, acontece uma palestra exclusiva para as servidoras municipais. No s\u00e1bado (7), a programa\u00e7\u00e3o ser\u00e1 aberta ao p\u00fablico com uma caminhada que ter\u00e1 in\u00edcio \u00e0s 7h30, com sa\u00edda do Centro de Conviv\u00eancia do Idoso (CCI) at\u00e9 a Pra\u00e7a Central \u201cComendador Jamil Abrah\u00e3o Saad\u201d. No local, haver\u00e1 homenagens, aula de zumba, apresenta\u00e7\u00e3o de gin\u00e1stica musical adaptada com idosas do CCI e show com Adriana Cardoso &amp; Banda.<\/p>\n<p>Durante o evento, o p\u00fablico poder\u00e1 participar do \u201cCantinho do Autocuidado\u201d, com atendimentos realizados por fisioterapeutas; t\u00e9cnicas de libera\u00e7\u00e3o miofascial e ventosaterapia; al\u00e9m de oficina de Croch\u00ea Terapia. Tamb\u00e9m haver\u00e1 comercializa\u00e7\u00e3o de produtos de mulheres empreendedoras e exposi\u00e7\u00e3o de trabalhos de alunos da rede municipal de ensino, al\u00e9m de orienta\u00e7\u00f5es com equipes das Secretarias de Sa\u00fade e da Mulher.<\/p>\n<p>J\u00e1 na ter\u00e7a-feira (10), \u00e0s 14h, no Teatro Municipal, ser\u00e1 realizada a primeira edi\u00e7\u00e3o do Cine Mulher, a\u00e7\u00e3o exclusiva para mulheres assistidas pelos Centros de Refer\u00eancia de Assist\u00eancia Social (Cras). A iniciativa proporcionar\u00e1 uma experi\u00eancia de cinema com exibi\u00e7\u00e3o do filme \u201cMinha m\u00e3e \u00e9 uma pe\u00e7a\u201d.<\/p>\n<p>\u201cA Semana da Mulher tem o objetivo de valorizar a mulher cordeiropolense. Quem vive aqui, quem trabalha aqui, especialmente quem est\u00e1 aqui para servir \u00e0 popula\u00e7\u00e3o. Ser\u00e3o momentos de reconhecimento, cuidado, integra\u00e7\u00e3o e fortalecimento das mulheres. Que todas possam aproveitar muito toda a programa\u00e7\u00e3o preparada\u201d, afirmou a prefeita Cristina Saad.<\/p>\n<\/p><\/div>\n<p><br \/>\n<br \/><a href=\"https:\/\/www.cordeiropolis.sp.gov.br\/semana-da-mulher-tem-programacao-para-celebrar-mulheres-de-cordeiropolis\/\" rel=\"noopener\">Informa\u00e7\u00f5es Cordeir\u00f3polis <\/a><\/p>\n","protected":false},"excerpt":{"rendered":"<p>A Prefeitura de Cordeir\u00f3polis, por meio da Secretaria da Mulher e Desenvolvimento Social, preparou uma programa\u00e7\u00e3o especial para marcar o Dia Internacional da Mulher, celebrado no dia 8. A Semana da Mulher, de 6 a 10 de mar\u00e7o, ter\u00e1 atividades voltadas \u00e0 valoriza\u00e7\u00e3o, ao reconhecimento e \u00e0 celebra\u00e7\u00e3o das mulheres do munic\u00edpio. Na sexta (6), [&hellip;]<\/p>\n","protected":false},"author":1,"featured_media":0,"comment_status":"closed","ping_status":"open","sticky":false,"template":"","format":"standard","meta":{"_jetpack_newsletter_access":"","_jetpack_dont_email_post_to_subs":false,"_jetpack_newsletter_tier_id":0,"_jetpack_memberships_contains_paywalled_content":false,"_mbp_banners":[],"_jetpack_feature_clip_id":0,"_jetpack_memberships_contains_paid_content":false,"footnotes":"","jetpack_publicize_message":"","jetpack_publicize_feature_enabled":true,"jetpack_social_post_already_shared":true,"jetpack_social_options":{"image_generator_settings":{"template":"highway","default_image_id":0,"font":"","enabled":false},"version":2},"jetpack_post_was_ever_published":false},"categories":[20],"tags":[],"class_list":["post-57263","post","type-post","status-publish","format-standard","category-regiao"],"jetpack_publicize_connections":[],"jetpack-related-posts":[],"jetpack_shortlink":"https:\/\/wp.me\/p7Eq1F-eTB","jetpack_sharing_enabled":true,"jetpack_featured_media_url":"","_links":{"self":[{"href":"https:\/\/guialimeira.com.br\/news\/wp-json\/wp\/v2\/posts\/57263","targetHints":{"allow":["GET"]}}],"collection":[{"href":"https:\/\/guialimeira.com.br\/news\/wp-json\/wp\/v2\/posts"}],"about":[{"href":"https:\/\/guialimeira.com.br\/news\/wp-json\/wp\/v2\/types\/post"}],"author":[{"embeddable":true,"href":"https:\/\/guialimeira.com.br\/news\/wp-json\/wp\/v2\/users\/1"}],"replies":[{"embeddable":true,"href":"https:\/\/guialimeira.com.br\/news\/wp-json\/wp\/v2\/comments?post=57263"}],"version-history":[{"count":1,"href":"https:\/\/guialimeira.com.br\/news\/wp-json\/wp\/v2\/posts\/57263\/revisions"}],"predecessor-version":[{"id":57264,"href":"https:\/\/guialimeira.com.br\/news\/wp-json\/wp\/v2\/posts\/57263\/revisions\/57264"}],"wp:attachment":[{"href":"https:\/\/guialimeira.com.br\/news\/wp-json\/wp\/v2\/media?parent=57263"}],"wp:term":[{"taxonomy":"category","embeddable":true,"href":"https:\/\/guialimeira.com.br\/news\/wp-json\/wp\/v2\/categories?post=57263"},{"taxonomy":"post_tag","embeddable":true,"href":"https:\/\/guialimeira.com.br\/news\/wp-json\/wp\/v2\/tags?post=57263"}],"curies":[{"name":"wp","href":"https:\/\/api.w.org\/{rel}","templated":true}]}}