{"id":5708,"date":"2024-05-20T21:19:47","date_gmt":"2024-05-21T00:19:47","guid":{"rendered":"https:\/\/guialimeira.com.br\/2024\/05\/20\/base-aerea-de-canoas-recebe-voos-comerciais-a-partir-de-quarta-feira\/"},"modified":"2024-05-20T21:19:47","modified_gmt":"2024-05-21T00:19:47","slug":"base-aerea-de-canoas-recebe-voos-comerciais-a-partir-de-quarta-feira","status":"publish","type":"post","link":"https:\/\/guialimeira.com.br\/news\/base-aerea-de-canoas-recebe-voos-comerciais-a-partir-de-quarta-feira\/","title":{"rendered":"Base A\u00e9rea de Canoas recebe voos comerciais a partir de quarta-feira"},"content":{"rendered":"<p> <br \/>\n<\/p>\n<div>\n<p>A Base A\u00e9rea de Canoas, administrada pela For\u00e7a A\u00e9rea Brasileira (FAB), funcionar\u00e1 como aeroporto e receber\u00e1 35 <a href=\"https:\/\/agenciabrasil.ebc.com.br\/geral\/noticia\/2024-05\/rs-anac-autoriza-voos-comerciais-em-base-aerea-de-canoas\" target=\"_blank\" rel=\"noopener\">voos semanais<\/a>, a partir desta quarta-feira (22). A medida emergencial servir\u00e1 como alternativa ao Aeroporto Internacional Salgado Filho em Porto Alegre (RS), que est\u00e1 fechado por tempo indeterminado desde 6 de maio, ap\u00f3s ter as instala\u00e7\u00f5es t\u00e9rreas e a pista de pouso e decolagem\u00a0alagadas com a cheia do Gua\u00edba.<img data-recalc-dims=\"1\" decoding=\"async\" src=\"https:\/\/i0.wp.com\/agenciabrasil.ebc.com.br\/ebc.png?w=696&#038;ssl=1\" style=\"width:1px; height:1px; display:inline;\"\/><img data-recalc-dims=\"1\" decoding=\"async\" src=\"https:\/\/i0.wp.com\/agenciabrasil.ebc.com.br\/ebc.gif?w=696&#038;ssl=1\" style=\"width:1px; height:1px; display:inline;\"\/><\/p>\n<p>De acordo com o ministro de Portos e Aeroportos, Silvio Costa Filho, e o ministro da Secretaria Extraordin\u00e1ria da Presid\u00eancia da Rep\u00fablica para Apoio \u00e0 Reconstru\u00e7\u00e3o do Rio Grande do Sul, Paulo Pimenta, as companhias a\u00e9reas podem iniciar a\u00a0venda de bilhetes a partir desta ter\u00e7a-feira (21).<\/p>\n<blockquote>\n<p>&#8220;Na quarta-feira, a Base A\u00e9rea de Canoas est\u00e1 dispon\u00edvel para receber voos comerciais. Amanh\u00e3, as companhias a\u00e9reas v\u00e3o iniciar as vendas de bilhetes para, a partir da\u00ed, come\u00e7ar os voos que, naturalmente, dependem da demanda que as [companhias] a\u00e9reas v\u00e3o come\u00e7ar a receber.\u201d<\/p>\n<\/blockquote>\n<p>Com este an\u00fancio, a\u00a0malha emergencial ter\u00e1\u00a0134 voos para o acesso ao Rio Grande do Sul\u00a0por semana, A primeira fase do plano de avia\u00e7\u00e3o\u00a0foi anunciada com <a href=\"http:\/\/\u00a0https:\/\/agenciabrasil.ebc.com.br\/geral\/noticia\/2024-05\/voos-da-malha-emergencial-do-rio-grande-do-sul-ja-chegam-ao-interior\u00a0\" target=\"_blank\" rel=\"noopener\">116 voos comerciais semanais<\/a>.\u00a0<\/p>\n<blockquote>\n<p>\u201cCom mais 6 mil [passageiros] que n\u00f3s teremos em Canoas, vamos ter condi\u00e7\u00f5es de atender, no primeiro momento, a 30 mil passageiros por semana\u201d, estima o\u00a0ministro da Secretaria Extraordin\u00e1ria, Paulo Pimenta.<\/p>\n<\/blockquote>\n<h2>Voos<\/h2>\n<p>Os avi\u00f5es decolar\u00e3o e pousar\u00e3o em sete aeroportos de pequeno e m\u00e9dio porte no Rio Grande do Sul e mais dois em Santa Catarina.<\/p>\n<p>Veja a malha a\u00e9rea emergencial:<\/p>\n<p><strong>Rio Grande do Sul<\/strong><\/p>\n<p>\u00a0Aeroporto de Caxias do Sul: 39 voos semanais;<\/p>\n<p>\u00a0Aeroporto de Santo \u00c2ngelo: 6 voos semanais;<\/p>\n<p>\u00a0Aeroporto de Passo Fundo: 21 voos semanais;<\/p>\n<p>Aeroporto de Pelotas: 6 voos semanais;<\/p>\n<p>Aeroporto de Santa Maria: 3 voos semanais;<\/p>\n<p>Aeroporto de Uruguaiana: 3 voos semanais;<\/p>\n<p>\u00a0Base A\u00e9rea de Canoas: 35 voos semanais.<\/p>\n<p><strong>Santa Catarina<\/strong><\/p>\n<p>Aeroporto de Florian\u00f3polis: 14 voos semanais;<\/p>\n<p>\u00a0Aeroporto de Jaguaruna: 7 voos semanais.<\/p>\n<\/p><\/div>\n<p><br \/>\n<br \/><a href=\"https:\/\/agenciabrasil.ebc.com.br\/economia\/noticia\/2024-05\/voos-comerciais-sao-liberados-partir-de-quarta-na-base-de-canoas\" rel=\"noopener\">Ag\u00eancia Brasil<\/a><\/p>\n","protected":false},"excerpt":{"rendered":"<p>A Base A\u00e9rea de Canoas, administrada pela For\u00e7a A\u00e9rea Brasileira (FAB), funcionar\u00e1 como aeroporto e receber\u00e1 35 voos semanais, a partir desta quarta-feira (22). A medida emergencial servir\u00e1 como alternativa ao Aeroporto Internacional Salgado Filho em Porto Alegre (RS), que est\u00e1 fechado por tempo indeterminado desde 6 de maio, ap\u00f3s ter as instala\u00e7\u00f5es t\u00e9rreas e [&hellip;]<\/p>\n","protected":false},"author":1,"featured_media":4829,"comment_status":"open","ping_status":"open","sticky":false,"template":"","format":"standard","meta":{"_jetpack_newsletter_access":"","_jetpack_dont_email_post_to_subs":false,"_jetpack_newsletter_tier_id":0,"_jetpack_memberships_contains_paywalled_content":false,"_mbp_banners":[],"_jetpack_feature_clip_id":0,"_jetpack_memberships_contains_paid_content":false,"footnotes":"","jetpack_publicize_message":"","jetpack_publicize_feature_enabled":true,"jetpack_social_post_already_shared":true,"jetpack_social_options":{"image_generator_settings":{"template":"highway","default_image_id":0,"font":"","enabled":false},"version":2},"jetpack_post_was_ever_published":false},"categories":[24],"tags":[],"class_list":["post-5708","post","type-post","status-publish","format-standard","has-post-thumbnail","category-economia"],"jetpack_publicize_connections":[],"jetpack-related-posts":[],"jetpack_shortlink":"https:\/\/wp.me\/p7Eq1F-1u4","jetpack_sharing_enabled":true,"jetpack_featured_media_url":"https:\/\/i0.wp.com\/guialimeira.com.br\/news\/wp-content\/uploads\/2024\/05\/whatsapp-image-2024-05-08-at-08.16.45-2048x1536.jpeg?fit=1600%2C800&ssl=1","_links":{"self":[{"href":"https:\/\/guialimeira.com.br\/news\/wp-json\/wp\/v2\/posts\/5708","targetHints":{"allow":["GET"]}}],"collection":[{"href":"https:\/\/guialimeira.com.br\/news\/wp-json\/wp\/v2\/posts"}],"about":[{"href":"https:\/\/guialimeira.com.br\/news\/wp-json\/wp\/v2\/types\/post"}],"author":[{"embeddable":true,"href":"https:\/\/guialimeira.com.br\/news\/wp-json\/wp\/v2\/users\/1"}],"replies":[{"embeddable":true,"href":"https:\/\/guialimeira.com.br\/news\/wp-json\/wp\/v2\/comments?post=5708"}],"version-history":[{"count":0,"href":"https:\/\/guialimeira.com.br\/news\/wp-json\/wp\/v2\/posts\/5708\/revisions"}],"wp:featuredmedia":[{"embeddable":true,"href":"https:\/\/guialimeira.com.br\/news\/wp-json\/wp\/v2\/media\/4829"}],"wp:attachment":[{"href":"https:\/\/guialimeira.com.br\/news\/wp-json\/wp\/v2\/media?parent=5708"}],"wp:term":[{"taxonomy":"category","embeddable":true,"href":"https:\/\/guialimeira.com.br\/news\/wp-json\/wp\/v2\/categories?post=5708"},{"taxonomy":"post_tag","embeddable":true,"href":"https:\/\/guialimeira.com.br\/news\/wp-json\/wp\/v2\/tags?post=5708"}],"curies":[{"name":"wp","href":"https:\/\/api.w.org\/{rel}","templated":true}]}}