{"id":5703,"date":"2024-05-20T20:32:44","date_gmt":"2024-05-20T23:32:44","guid":{"rendered":"https:\/\/guialimeira.com.br\/2024\/05\/20\/fundo-social-envia-nova-remessa-de-doacoes-para-o-rio-grande-do-sul\/"},"modified":"2024-05-20T20:32:44","modified_gmt":"2024-05-20T23:32:44","slug":"fundo-social-envia-nova-remessa-de-doacoes-para-o-rio-grande-do-sul","status":"publish","type":"post","link":"https:\/\/guialimeira.com.br\/news\/fundo-social-envia-nova-remessa-de-doacoes-para-o-rio-grande-do-sul\/","title":{"rendered":"Fundo Social envia nova remessa de doa\u00e7\u00f5es para o Rio Grande do Sul"},"content":{"rendered":"<p> <br \/>\n<\/p>\n<div>\n            <main class=\"\">&#13;<br \/>\n                &#13;<br \/>\n&#13;<br \/>\n&#13;<br \/>\n&#13;<br \/>\n    <img data-recalc-dims=\"1\" decoding=\"async\" src=\"https:\/\/i0.wp.com\/ecrie.com.br\/sistema\/conteudos\/imagem\/m_137_0_1_20052024173803.jpg?w=696&#038;ssl=1\" alt=\"Fundo Social envia nova remessa de doa\u00e7\u00f5es para o Rio Grande do Sul\"\/>&#13;<br \/>\n&#13;<\/p>\n<p>\u00a0<\/p>\n<p>&#13;<\/p>\n<p>O Fundo Social de Limeira enviou hoje (20) ao Governo Estadual mais um lote com produtos arrecadados na campanha \u201cLimeira Solid\u00e1ria &#8211; Solidariedade Sem Fronteiras. Uma carreta com doa\u00e7\u00f5es de \u00e1gua, itens de higiene pessoal e de limpeza seguiu para S\u00e3o Paulo. Da Capital, os produtos ser\u00e3o despachados em comboio at\u00e9 as v\u00edtimas das enchentes do Rio Grande do Sul. \u201cO nosso agradecimento a todas as pessoas, empresas e parceiros que colaboraram com a campanha\u201d, destaca a primeira-dama e presidente do Fundo Social, Roberta Botion.<\/p>\n<p>&#13;<\/p>\n<p>\u00a0<\/p>\n<p>&#13;<\/p>\n<p>Os produtos foram arrecadados nas \u00faltimas duas semanas. Todo o volume foi levado a uma das empresas que apoiam a iniciativa, a Ripack que auxiliou na montagem dos pallets.\u00a0<\/p>\n<p>&#13;<\/p>\n<p>No local, com aux\u00edlio de servidores da Prefeitura e do Ceprosom (Centro de Promo\u00e7\u00e3o Social), todo o material foi embalado e acondicionado na carreta da transportadora parceira NovoRumo, que levar\u00e1 a carga . \u201cA nossa popula\u00e7\u00e3o \u00e9 solid\u00e1ria e mais uma vez abra\u00e7ou uma iniciativa t\u00e3o importante\u201d, salientaram o prefeito Mario Botion e a vice-prefeita Erika Tank.<\/p>\n<p>&#13;<\/p>\n<p>\u00a0<\/p>\n<p>&#13;<\/p>\n<p>Roberta Botion refor\u00e7a que a Campanha do Agasalho segue arrecadando pe\u00e7as tanto para o RS quanto para Limeira. \u201cAguardamos as orienta\u00e7\u00f5es do Fundo Social do Estado com as novas necessidades do Rio Grande do Sul, mas a Campanha do Agasalho continua at\u00e9 o dia 5 de julho\u201d, explica.\u00a0<\/p>\n<p>&#13;<\/p>\n<p>\u00a0<\/p>\n<p>&#13;<br \/>\n&#13;<\/p>\n<p>\u00a0<\/p>\n<p>&#13;<br \/>\n&#13;<br \/>\n&#13;<br \/>\n&#13;<\/p>\n<aside class=\"list-related no-print\">&#13;<br \/>\n        &#13;<br \/>\n&#13;<\/p>\n<article class=\"list-item noticias \">&#13;<br \/>\n                    <a class=\"list-item__img\" href=\"https:\/\/limeira.sp.gov.br\/imprensa\/noticias\/ceprosom\/vice-prefeita-participa-de-acao-que-sensibiliza-sobre-combate-a-abuso-de-criancas-e-adolescentes\" tabindex=\"-1\" aria-hidden=\"true\" rel=\"noopener\">&#13;<br \/>\n                        <img data-recalc-dims=\"1\" decoding=\"async\" src=\"https:\/\/i0.wp.com\/ecrie.com.br\/sistema\/conteudos\/imagem\/m_137_1_1_17052024174333.jpg?w=696&#038;ssl=1\" alt=\"Vice-prefeita participa de a\u00e7\u00e3o que sensibiliza sobre combate a abuso de crian\u00e7as e adolescentes\"\/>&#13;<br \/>\n                    <\/a>&#13;<br \/>\n&#13;<br \/>\n                &#13;<br \/>\n            <\/article>\n<p>&#13;<\/p>\n<article class=\"list-item noticias \">&#13;<br \/>\n                    <a class=\"list-item__img\" href=\"https:\/\/limeira.sp.gov.br\/imprensa\/noticias\/fundo-social-de-limeira\/prefeitura-de-limeira-aguardara-novas-orientacoes-sobre-arrecadacao-para-o-sul\" tabindex=\"-1\" aria-hidden=\"true\" rel=\"noopener\">&#13;<br \/>\n                        <img data-recalc-dims=\"1\" decoding=\"async\" src=\"https:\/\/i0.wp.com\/ecrie.com.br\/sistema\/conteudos\/imagem\/m_137_0_1_17052024170753.jpg?w=696&#038;ssl=1\" alt=\"Prefeitura de Limeira aguardar\u00e1 novas orienta\u00e7\u00f5es sobre arrecada\u00e7\u00e3o para o Sul\"\/>&#13;<br \/>\n                    <\/a>&#13;<br \/>\n&#13;<br \/>\n                &#13;<br \/>\n            <\/article>\n<p>&#13;<\/p>\n<article class=\"list-item noticias \">&#13;<br \/>\n                    <a class=\"list-item__img\" href=\"https:\/\/limeira.sp.gov.br\/imprensa\/noticias\/ceprosom\/creas-realiza-acoes-de-mobilizacao-de-combate-ao-abuso-e-a-exploracao-de-criancas-e-adolescentes\" tabindex=\"-1\" aria-hidden=\"true\" rel=\"noopener\">&#13;<br \/>\n                        <img data-recalc-dims=\"1\" decoding=\"async\" src=\"https:\/\/i0.wp.com\/ecrie.com.br\/sistema\/conteudos\/imagem\/m_137_0_1_16052024174155.jpg?w=696&#038;ssl=1\" alt=\"Creas realiza a\u00e7\u00f5es de mobiliza\u00e7\u00e3o de combate ao abuso e \u00e0 explora\u00e7\u00e3o de crian\u00e7as e adolescentes\"\/>&#13;<br \/>\n                    <\/a>&#13;<br \/>\n&#13;<br \/>\n                &#13;<br \/>\n            <\/article>\n<p>&#13;<br \/>\n    <\/aside>\n<p>&#13;<br \/>\n&#13;<br \/>\n            <\/main><\/p><\/div>\n<p><br \/>\n<br \/><a href=\"https:\/\/limeira.sp.gov.br\/fundo-social-envia-nova-remessa-de-doacoes-para-o-rio-grande-do-sul\" rel=\"noopener\">Informa\u00e7\u00f5es da PML <\/a><\/p>\n","protected":false},"excerpt":{"rendered":"<p>&#13; &#13; &#13; &#13; &#13; &#13; &#13; \u00a0 &#13; O Fundo Social de Limeira enviou hoje (20) ao Governo Estadual mais um lote com produtos arrecadados na campanha \u201cLimeira Solid\u00e1ria &#8211; Solidariedade Sem Fronteiras. Uma carreta com doa\u00e7\u00f5es de \u00e1gua, itens de higiene pessoal e de limpeza seguiu para S\u00e3o Paulo. Da Capital, os produtos [&hellip;]<\/p>\n","protected":false},"author":1,"featured_media":5704,"comment_status":"open","ping_status":"open","sticky":false,"template":"","format":"standard","meta":{"_jetpack_newsletter_access":"","_jetpack_dont_email_post_to_subs":false,"_jetpack_newsletter_tier_id":0,"_jetpack_memberships_contains_paywalled_content":false,"_mbp_banners":[],"_jetpack_feature_clip_id":0,"_jetpack_memberships_contains_paid_content":false,"footnotes":"","jetpack_publicize_message":"","jetpack_publicize_feature_enabled":true,"jetpack_social_post_already_shared":true,"jetpack_social_options":{"image_generator_settings":{"template":"highway","default_image_id":0,"font":"","enabled":false},"version":2},"jetpack_post_was_ever_published":false},"categories":[16],"tags":[],"class_list":["post-5703","post","type-post","status-publish","format-standard","has-post-thumbnail","category-local"],"jetpack_publicize_connections":[],"jetpack-related-posts":[],"jetpack_shortlink":"https:\/\/wp.me\/p7Eq1F-1tZ","jetpack_sharing_enabled":true,"jetpack_featured_media_url":"https:\/\/i0.wp.com\/guialimeira.com.br\/news\/wp-content\/uploads\/2024\/05\/m_137_0_1_20052024173803.jpg?fit=1280%2C852&ssl=1","_links":{"self":[{"href":"https:\/\/guialimeira.com.br\/news\/wp-json\/wp\/v2\/posts\/5703","targetHints":{"allow":["GET"]}}],"collection":[{"href":"https:\/\/guialimeira.com.br\/news\/wp-json\/wp\/v2\/posts"}],"about":[{"href":"https:\/\/guialimeira.com.br\/news\/wp-json\/wp\/v2\/types\/post"}],"author":[{"embeddable":true,"href":"https:\/\/guialimeira.com.br\/news\/wp-json\/wp\/v2\/users\/1"}],"replies":[{"embeddable":true,"href":"https:\/\/guialimeira.com.br\/news\/wp-json\/wp\/v2\/comments?post=5703"}],"version-history":[{"count":0,"href":"https:\/\/guialimeira.com.br\/news\/wp-json\/wp\/v2\/posts\/5703\/revisions"}],"wp:featuredmedia":[{"embeddable":true,"href":"https:\/\/guialimeira.com.br\/news\/wp-json\/wp\/v2\/media\/5704"}],"wp:attachment":[{"href":"https:\/\/guialimeira.com.br\/news\/wp-json\/wp\/v2\/media?parent=5703"}],"wp:term":[{"taxonomy":"category","embeddable":true,"href":"https:\/\/guialimeira.com.br\/news\/wp-json\/wp\/v2\/categories?post=5703"},{"taxonomy":"post_tag","embeddable":true,"href":"https:\/\/guialimeira.com.br\/news\/wp-json\/wp\/v2\/tags?post=5703"}],"curies":[{"name":"wp","href":"https:\/\/api.w.org\/{rel}","templated":true}]}}