{"id":56998,"date":"2026-03-02T16:17:23","date_gmt":"2026-03-02T19:17:23","guid":{"rendered":"https:\/\/guialimeira.com.br\/?p=56998"},"modified":"2026-03-02T16:17:23","modified_gmt":"2026-03-02T19:17:23","slug":"crianca-coopera-acontece-neste-sabado-28-na-praca-central-prefeitura-municipal-de-cordeiropolis","status":"publish","type":"post","link":"https:\/\/guialimeira.com.br\/news\/crianca-coopera-acontece-neste-sabado-28-na-praca-central-prefeitura-municipal-de-cordeiropolis\/","title":{"rendered":"Crian\u00e7a Coopera acontece neste s\u00e1bado (28) na Pra\u00e7a Central \u2013 Prefeitura Municipal de Cordeir\u00f3polis"},"content":{"rendered":"<p> <br \/>\n<\/p>\n<div>\n<p>A Prefeitura de Cordeir\u00f3polis e o Sicoob promovem neste s\u00e1bado (28), das 9h \u00e0s 13h, na Pra\u00e7a Comendador Jamil Abrah\u00e3o Saad, o Crian\u00e7a Coopera. O evento \u00e9 dedicado \u00e0s crian\u00e7as do munic\u00edpio, com brincadeiras, algod\u00e3o doce, pipoca e passeio de trenzinho.<\/p>\n<p>O ingresso do trenzinho ser\u00e1 1kg de alimento n\u00e3o perec\u00edvel, que ser\u00e1 destinado a fam\u00edlias que precisam.<\/p>\n<p>Uma reuni\u00e3o no Gabinete com representantes do Sicoob definiu detalhes da a\u00e7\u00e3o. O vice-prefeito Anderson Hespanhol Pique destacou a import\u00e2ncia da iniciativa. \u201c\u00c9 uma a\u00e7\u00e3o que une divers\u00e3o e solidariedade, fortalecendo o cuidado com nossas crian\u00e7as e com quem mais precisa\u201d, afirmou.<\/p>\n<p>Tamb\u00e9m participaram da reuni\u00e3o o chefe de Gabinete, Denis Suidedos, o secret\u00e1rio de Cultura, Turismo e Eventos, Alex Olivatto, o diretor de Eventos, Jhon Elvis, e a diretora de Governo, Cleo Caldas.<\/p>\n<\/p><\/div>\n<p><br \/>\n<br \/><a href=\"https:\/\/www.cordeiropolis.sp.gov.br\/crianca-coopera-acontece-neste-sabado-28-na-praca-central\/\" rel=\"noopener\">Informa\u00e7\u00f5es Cordeir\u00f3polis <\/a><\/p>\n","protected":false},"excerpt":{"rendered":"<p>A Prefeitura de Cordeir\u00f3polis e o Sicoob promovem neste s\u00e1bado (28), das 9h \u00e0s 13h, na Pra\u00e7a Comendador Jamil Abrah\u00e3o Saad, o Crian\u00e7a Coopera. O evento \u00e9 dedicado \u00e0s crian\u00e7as do munic\u00edpio, com brincadeiras, algod\u00e3o doce, pipoca e passeio de trenzinho. O ingresso do trenzinho ser\u00e1 1kg de alimento n\u00e3o perec\u00edvel, que ser\u00e1 destinado a [&hellip;]<\/p>\n","protected":false},"author":1,"featured_media":0,"comment_status":"closed","ping_status":"open","sticky":false,"template":"","format":"standard","meta":{"_jetpack_newsletter_access":"","_jetpack_dont_email_post_to_subs":false,"_jetpack_newsletter_tier_id":0,"_jetpack_memberships_contains_paywalled_content":false,"_mbp_banners":[],"_jetpack_feature_clip_id":0,"_jetpack_memberships_contains_paid_content":false,"footnotes":"","jetpack_publicize_message":"","jetpack_publicize_feature_enabled":true,"jetpack_social_post_already_shared":true,"jetpack_social_options":{"image_generator_settings":{"template":"highway","default_image_id":0,"font":"","enabled":false},"version":2},"jetpack_post_was_ever_published":false},"categories":[20],"tags":[],"class_list":["post-56998","post","type-post","status-publish","format-standard","category-regiao"],"jetpack_publicize_connections":[],"jetpack-related-posts":[],"jetpack_shortlink":"https:\/\/wp.me\/p7Eq1F-ePk","jetpack_sharing_enabled":true,"jetpack_featured_media_url":"","_links":{"self":[{"href":"https:\/\/guialimeira.com.br\/news\/wp-json\/wp\/v2\/posts\/56998","targetHints":{"allow":["GET"]}}],"collection":[{"href":"https:\/\/guialimeira.com.br\/news\/wp-json\/wp\/v2\/posts"}],"about":[{"href":"https:\/\/guialimeira.com.br\/news\/wp-json\/wp\/v2\/types\/post"}],"author":[{"embeddable":true,"href":"https:\/\/guialimeira.com.br\/news\/wp-json\/wp\/v2\/users\/1"}],"replies":[{"embeddable":true,"href":"https:\/\/guialimeira.com.br\/news\/wp-json\/wp\/v2\/comments?post=56998"}],"version-history":[{"count":1,"href":"https:\/\/guialimeira.com.br\/news\/wp-json\/wp\/v2\/posts\/56998\/revisions"}],"predecessor-version":[{"id":56999,"href":"https:\/\/guialimeira.com.br\/news\/wp-json\/wp\/v2\/posts\/56998\/revisions\/56999"}],"wp:attachment":[{"href":"https:\/\/guialimeira.com.br\/news\/wp-json\/wp\/v2\/media?parent=56998"}],"wp:term":[{"taxonomy":"category","embeddable":true,"href":"https:\/\/guialimeira.com.br\/news\/wp-json\/wp\/v2\/categories?post=56998"},{"taxonomy":"post_tag","embeddable":true,"href":"https:\/\/guialimeira.com.br\/news\/wp-json\/wp\/v2\/tags?post=56998"}],"curies":[{"name":"wp","href":"https:\/\/api.w.org\/{rel}","templated":true}]}}