{"id":56992,"date":"2026-03-02T15:15:17","date_gmt":"2026-03-02T18:15:17","guid":{"rendered":"https:\/\/guialimeira.com.br\/?p=56992"},"modified":"2026-03-02T15:15:17","modified_gmt":"2026-03-02T18:15:17","slug":"santa-rita-recebe-bailao-sertanejo-neste-sabado-28-prefeitura-municipal-de-cordeiropolis","status":"publish","type":"post","link":"https:\/\/guialimeira.com.br\/news\/santa-rita-recebe-bailao-sertanejo-neste-sabado-28-prefeitura-municipal-de-cordeiropolis\/","title":{"rendered":"Santa Rita recebe Bail\u00e3o Sertanejo neste s\u00e1bado (28) \u2013 Prefeitura Municipal de Cordeir\u00f3polis"},"content":{"rendered":"<p> <br \/>\n<\/p>\n<div>\n<p>A programa\u00e7\u00e3o do Festival de F\u00e9rias vai terminar neste s\u00e1bado (28) em Cordeir\u00f3polis. \u00c9 a vez do Santa Rita receber o Bail\u00e3o Sertanejo, a partir das 18h, com show de Lucas Carneiro. O evento \u00e9 gratuito e aberto ao p\u00fablico. Desde janeiro, o Festival de F\u00e9rias tem movimentado os bairros da cidade de forma descentralizada com eventos culturais e esportivos.<\/p>\n<p>\u201cO objetivo do Festival de F\u00e9rias foi levar lazer para os bairros, aproximar as fam\u00edlias e garantir que todos tenham acesso \u00e0 programa\u00e7\u00e3o cultural. Estamos muito felizes com a participa\u00e7\u00e3o da popula\u00e7\u00e3o. O bail\u00e3o no Santa Rita fechar\u00e1 com chave de ouro essa programa\u00e7\u00e3o. Todos est\u00e3o convidados\u201d, afirmou a prefeita Cristina Saad.<\/p>\n<\/p><\/div>\n<p><br \/>\n<br \/><a href=\"https:\/\/www.cordeiropolis.sp.gov.br\/santa-rita-recebe-bailao-sertanejo-neste-sabado-28\/\" rel=\"noopener\">Informa\u00e7\u00f5es Cordeir\u00f3polis <\/a><\/p>\n","protected":false},"excerpt":{"rendered":"<p>A programa\u00e7\u00e3o do Festival de F\u00e9rias vai terminar neste s\u00e1bado (28) em Cordeir\u00f3polis. \u00c9 a vez do Santa Rita receber o Bail\u00e3o Sertanejo, a partir das 18h, com show de Lucas Carneiro. O evento \u00e9 gratuito e aberto ao p\u00fablico. Desde janeiro, o Festival de F\u00e9rias tem movimentado os bairros da cidade de forma descentralizada [&hellip;]<\/p>\n","protected":false},"author":1,"featured_media":0,"comment_status":"closed","ping_status":"open","sticky":false,"template":"","format":"standard","meta":{"_jetpack_newsletter_access":"","_jetpack_dont_email_post_to_subs":false,"_jetpack_newsletter_tier_id":0,"_jetpack_memberships_contains_paywalled_content":false,"_mbp_banners":[],"_jetpack_feature_clip_id":0,"_jetpack_memberships_contains_paid_content":false,"footnotes":"","jetpack_publicize_message":"","jetpack_publicize_feature_enabled":true,"jetpack_social_post_already_shared":true,"jetpack_social_options":{"image_generator_settings":{"template":"highway","default_image_id":0,"font":"","enabled":false},"version":2},"jetpack_post_was_ever_published":false},"categories":[20],"tags":[],"class_list":["post-56992","post","type-post","status-publish","format-standard","category-regiao"],"jetpack_publicize_connections":[],"jetpack-related-posts":[],"jetpack_shortlink":"https:\/\/wp.me\/p7Eq1F-ePe","jetpack_sharing_enabled":true,"jetpack_featured_media_url":"","_links":{"self":[{"href":"https:\/\/guialimeira.com.br\/news\/wp-json\/wp\/v2\/posts\/56992","targetHints":{"allow":["GET"]}}],"collection":[{"href":"https:\/\/guialimeira.com.br\/news\/wp-json\/wp\/v2\/posts"}],"about":[{"href":"https:\/\/guialimeira.com.br\/news\/wp-json\/wp\/v2\/types\/post"}],"author":[{"embeddable":true,"href":"https:\/\/guialimeira.com.br\/news\/wp-json\/wp\/v2\/users\/1"}],"replies":[{"embeddable":true,"href":"https:\/\/guialimeira.com.br\/news\/wp-json\/wp\/v2\/comments?post=56992"}],"version-history":[{"count":1,"href":"https:\/\/guialimeira.com.br\/news\/wp-json\/wp\/v2\/posts\/56992\/revisions"}],"predecessor-version":[{"id":56993,"href":"https:\/\/guialimeira.com.br\/news\/wp-json\/wp\/v2\/posts\/56992\/revisions\/56993"}],"wp:attachment":[{"href":"https:\/\/guialimeira.com.br\/news\/wp-json\/wp\/v2\/media?parent=56992"}],"wp:term":[{"taxonomy":"category","embeddable":true,"href":"https:\/\/guialimeira.com.br\/news\/wp-json\/wp\/v2\/categories?post=56992"},{"taxonomy":"post_tag","embeddable":true,"href":"https:\/\/guialimeira.com.br\/news\/wp-json\/wp\/v2\/tags?post=56992"}],"curies":[{"name":"wp","href":"https:\/\/api.w.org\/{rel}","templated":true}]}}