{"id":56985,"date":"2026-03-02T14:14:29","date_gmt":"2026-03-02T17:14:29","guid":{"rendered":"https:\/\/guialimeira.com.br\/?p=56985"},"modified":"2026-03-02T14:14:29","modified_gmt":"2026-03-02T17:14:29","slug":"meio-ambiente-e-pelotao-ambiental-orientam-sobre-aparicao-de-onca-e-animais-silvestres-prefeitura-municipal-de-cordeiropolis","status":"publish","type":"post","link":"https:\/\/guialimeira.com.br\/news\/meio-ambiente-e-pelotao-ambiental-orientam-sobre-aparicao-de-onca-e-animais-silvestres-prefeitura-municipal-de-cordeiropolis\/","title":{"rendered":"Meio Ambiente e Pelot\u00e3o Ambiental orientam sobre apari\u00e7\u00e3o de on\u00e7a e animais silvestres \u2013 Prefeitura Municipal de Cordeir\u00f3polis"},"content":{"rendered":"<p> <br \/>\n<\/p>\n<div>\n<p>O recente avistamento de uma on\u00e7a na regi\u00e3o do Cascalho motivou uma reuni\u00e3o entre a Secretaria do Meio Ambiente de Cordeir\u00f3polis e o Pelot\u00e3o Ambiental nesta semana. O objetivo foi alinhar medidas preventivas e refor\u00e7ar orienta\u00e7\u00f5es \u00e0 popula\u00e7\u00e3o sobre a presen\u00e7a de animais silvestres no munic\u00edpio, especialmente na zona rural.<\/p>\n<p>A presen\u00e7a desses animais \u00e9 natural em \u00e1reas pr\u00f3ximas \u00e0 mata, principalmente em per\u00edodos de calor e chuvas. Al\u00e9m da on\u00e7a, outros animais tamb\u00e9m podem surgir em regi\u00f5es com vegeta\u00e7\u00e3o mais densa, de acordo com a Secretaria de Meio Ambiente.<\/p>\n<p><strong>Orienta\u00e7\u00f5es<\/strong><\/p>\n<p>Respons\u00e1vel pela pasta, Bruna Vidoretti orientou que, ao avistar um animal silvestre, a recomenda\u00e7\u00e3o \u00e9 manter dist\u00e2ncia, n\u00e3o tentar capturar e se afastar com calma, protegendo crian\u00e7as e animais dom\u00e9sticos. \u201cO contato deve ser feito com o Pelot\u00e3o Ambiental pelo telefone (19) 3546-5838 ou com a Secretaria do Meio Ambiente pelo (19) 3546-8042\u201d, explicou.<\/p>\n<p>Ainda de acordo com ela, maltratar, machucar ou ca\u00e7ar animais silvestres \u00e9 crime ambiental, conforme prev\u00ea a Lei Federal n\u00ba 9.605\/98.<\/p>\n<\/p><\/div>\n<p><br \/>\n<br \/><a href=\"https:\/\/www.cordeiropolis.sp.gov.br\/meio-ambiente-e-pelotao-ambiental-orientam-sobre-aparicao-de-onca-e-animais-silvestres\/\" rel=\"noopener\">Informa\u00e7\u00f5es Cordeir\u00f3polis <\/a><\/p>\n","protected":false},"excerpt":{"rendered":"<p>O recente avistamento de uma on\u00e7a na regi\u00e3o do Cascalho motivou uma reuni\u00e3o entre a Secretaria do Meio Ambiente de Cordeir\u00f3polis e o Pelot\u00e3o Ambiental nesta semana. O objetivo foi alinhar medidas preventivas e refor\u00e7ar orienta\u00e7\u00f5es \u00e0 popula\u00e7\u00e3o sobre a presen\u00e7a de animais silvestres no munic\u00edpio, especialmente na zona rural. A presen\u00e7a desses animais \u00e9 [&hellip;]<\/p>\n","protected":false},"author":1,"featured_media":0,"comment_status":"closed","ping_status":"open","sticky":false,"template":"","format":"standard","meta":{"_jetpack_newsletter_access":"","_jetpack_dont_email_post_to_subs":false,"_jetpack_newsletter_tier_id":0,"_jetpack_memberships_contains_paywalled_content":false,"_mbp_banners":[],"_jetpack_feature_clip_id":0,"_jetpack_memberships_contains_paid_content":false,"footnotes":"","jetpack_publicize_message":"","jetpack_publicize_feature_enabled":true,"jetpack_social_post_already_shared":true,"jetpack_social_options":{"image_generator_settings":{"template":"highway","default_image_id":0,"font":"","enabled":false},"version":2},"jetpack_post_was_ever_published":false},"categories":[20],"tags":[],"class_list":["post-56985","post","type-post","status-publish","format-standard","category-regiao"],"jetpack_publicize_connections":[],"jetpack-related-posts":[],"jetpack_shortlink":"https:\/\/wp.me\/p7Eq1F-eP7","jetpack_sharing_enabled":true,"jetpack_featured_media_url":"","_links":{"self":[{"href":"https:\/\/guialimeira.com.br\/news\/wp-json\/wp\/v2\/posts\/56985","targetHints":{"allow":["GET"]}}],"collection":[{"href":"https:\/\/guialimeira.com.br\/news\/wp-json\/wp\/v2\/posts"}],"about":[{"href":"https:\/\/guialimeira.com.br\/news\/wp-json\/wp\/v2\/types\/post"}],"author":[{"embeddable":true,"href":"https:\/\/guialimeira.com.br\/news\/wp-json\/wp\/v2\/users\/1"}],"replies":[{"embeddable":true,"href":"https:\/\/guialimeira.com.br\/news\/wp-json\/wp\/v2\/comments?post=56985"}],"version-history":[{"count":1,"href":"https:\/\/guialimeira.com.br\/news\/wp-json\/wp\/v2\/posts\/56985\/revisions"}],"predecessor-version":[{"id":56986,"href":"https:\/\/guialimeira.com.br\/news\/wp-json\/wp\/v2\/posts\/56985\/revisions\/56986"}],"wp:attachment":[{"href":"https:\/\/guialimeira.com.br\/news\/wp-json\/wp\/v2\/media?parent=56985"}],"wp:term":[{"taxonomy":"category","embeddable":true,"href":"https:\/\/guialimeira.com.br\/news\/wp-json\/wp\/v2\/categories?post=56985"},{"taxonomy":"post_tag","embeddable":true,"href":"https:\/\/guialimeira.com.br\/news\/wp-json\/wp\/v2\/tags?post=56985"}],"curies":[{"name":"wp","href":"https:\/\/api.w.org\/{rel}","templated":true}]}}