{"id":56980,"date":"2026-03-02T13:13:17","date_gmt":"2026-03-02T16:13:17","guid":{"rendered":"https:\/\/guialimeira.com.br\/?p=56980"},"modified":"2026-03-02T13:13:17","modified_gmt":"2026-03-02T16:13:17","slug":"dia-d-contra-a-dengue-acontece-neste-sabado-28-em-cordeiropolis-prefeitura-municipal-de-cordeiropolis","status":"publish","type":"post","link":"https:\/\/guialimeira.com.br\/news\/dia-d-contra-a-dengue-acontece-neste-sabado-28-em-cordeiropolis-prefeitura-municipal-de-cordeiropolis\/","title":{"rendered":"Dia D contra a dengue acontece neste s\u00e1bado (28) em Cordeir\u00f3polis \u2013 Prefeitura Municipal de Cordeir\u00f3polis"},"content":{"rendered":"<p> <br \/>\n<\/p>\n<div>\n<p>A Prefeitura de Cordeir\u00f3polis promove neste s\u00e1bado (28), das 8h \u00e0s 11h30, o Dia D de combate \u00e0 dengue na regi\u00e3o central. A a\u00e7\u00e3o re\u00fane opera\u00e7\u00e3o casa a casa, cata-treco, vacina\u00e7\u00e3o e mutir\u00f5es de atendimento nas unidades de sa\u00fade.<\/p>\n<p><strong>A\u00e7\u00e3o nas ruas<\/strong><\/p>\n<p>Equipes estar\u00e3o nos bairros para orientar moradores para eliminar poss\u00edveis criadouros do mosquito, especialmente recipientes que podem acumular \u00e1gua.<\/p>\n<p><strong>Atendimentos de sa\u00fade<\/strong><\/p>\n<p>Na unidade de sa\u00fade do Centro (Post\u00e3o), haver\u00e1 atualiza\u00e7\u00e3o da carteira de vacina\u00e7\u00e3o e vacina contra a dengue para crian\u00e7as de 10 a 14 anos, 1\u00aa e 2\u00aa doses. Tamb\u00e9m ser\u00e3o realizados mutir\u00f5es de audiometria, ultrassom, pequenas cirurgias e atendimento odontol\u00f3gico, mediante agendamento.<\/p>\n<p>Na unidade de sa\u00fade do S\u00e3o Luiz acontecem exames ginecol\u00f3gicos agendados. O Centro Odontol\u00f3gico tamb\u00e9m ter\u00e1 atendimento com agendamento pr\u00e9vio.<\/p>\n<p>\u201cA dengue exige uni\u00e3o e responsabilidade. Estamos refor\u00e7ando as a\u00e7\u00f5es e contamos com o apoio da popula\u00e7\u00e3o\u201d, destacou a prefeita Cristina Saad.<\/p>\n<\/p><\/div>\n<p><br \/>\n<br \/><a href=\"https:\/\/www.cordeiropolis.sp.gov.br\/dia-d-contra-a-dengue-acontece-neste-sabado-28-em-cordeiropolis\/\" rel=\"noopener\">Informa\u00e7\u00f5es Cordeir\u00f3polis <\/a><\/p>\n","protected":false},"excerpt":{"rendered":"<p>A Prefeitura de Cordeir\u00f3polis promove neste s\u00e1bado (28), das 8h \u00e0s 11h30, o Dia D de combate \u00e0 dengue na regi\u00e3o central. A a\u00e7\u00e3o re\u00fane opera\u00e7\u00e3o casa a casa, cata-treco, vacina\u00e7\u00e3o e mutir\u00f5es de atendimento nas unidades de sa\u00fade. A\u00e7\u00e3o nas ruas Equipes estar\u00e3o nos bairros para orientar moradores para eliminar poss\u00edveis criadouros do mosquito, [&hellip;]<\/p>\n","protected":false},"author":1,"featured_media":0,"comment_status":"closed","ping_status":"open","sticky":false,"template":"","format":"standard","meta":{"_jetpack_newsletter_access":"","_jetpack_dont_email_post_to_subs":false,"_jetpack_newsletter_tier_id":0,"_jetpack_memberships_contains_paywalled_content":false,"_mbp_banners":[],"_jetpack_feature_clip_id":0,"_jetpack_memberships_contains_paid_content":false,"footnotes":"","jetpack_publicize_message":"","jetpack_publicize_feature_enabled":true,"jetpack_social_post_already_shared":true,"jetpack_social_options":{"image_generator_settings":{"template":"highway","default_image_id":0,"font":"","enabled":false},"version":2},"jetpack_post_was_ever_published":false},"categories":[20],"tags":[],"class_list":["post-56980","post","type-post","status-publish","format-standard","category-regiao"],"jetpack_publicize_connections":[],"jetpack-related-posts":[],"jetpack_shortlink":"https:\/\/wp.me\/p7Eq1F-eP2","jetpack_sharing_enabled":true,"jetpack_featured_media_url":"","_links":{"self":[{"href":"https:\/\/guialimeira.com.br\/news\/wp-json\/wp\/v2\/posts\/56980","targetHints":{"allow":["GET"]}}],"collection":[{"href":"https:\/\/guialimeira.com.br\/news\/wp-json\/wp\/v2\/posts"}],"about":[{"href":"https:\/\/guialimeira.com.br\/news\/wp-json\/wp\/v2\/types\/post"}],"author":[{"embeddable":true,"href":"https:\/\/guialimeira.com.br\/news\/wp-json\/wp\/v2\/users\/1"}],"replies":[{"embeddable":true,"href":"https:\/\/guialimeira.com.br\/news\/wp-json\/wp\/v2\/comments?post=56980"}],"version-history":[{"count":1,"href":"https:\/\/guialimeira.com.br\/news\/wp-json\/wp\/v2\/posts\/56980\/revisions"}],"predecessor-version":[{"id":56981,"href":"https:\/\/guialimeira.com.br\/news\/wp-json\/wp\/v2\/posts\/56980\/revisions\/56981"}],"wp:attachment":[{"href":"https:\/\/guialimeira.com.br\/news\/wp-json\/wp\/v2\/media?parent=56980"}],"wp:term":[{"taxonomy":"category","embeddable":true,"href":"https:\/\/guialimeira.com.br\/news\/wp-json\/wp\/v2\/categories?post=56980"},{"taxonomy":"post_tag","embeddable":true,"href":"https:\/\/guialimeira.com.br\/news\/wp-json\/wp\/v2\/tags?post=56980"}],"curies":[{"name":"wp","href":"https:\/\/api.w.org\/{rel}","templated":true}]}}