{"id":56974,"date":"2026-03-02T12:10:55","date_gmt":"2026-03-02T15:10:55","guid":{"rendered":"https:\/\/guialimeira.com.br\/?p=56974"},"modified":"2026-03-02T12:10:55","modified_gmt":"2026-03-02T15:10:55","slug":"cordeiropolis-lanca-campanha-de-ajuda-humanitaria-para-juiz-de-fora-prefeitura-municipal-de-cordeiropolis","status":"publish","type":"post","link":"https:\/\/guialimeira.com.br\/news\/cordeiropolis-lanca-campanha-de-ajuda-humanitaria-para-juiz-de-fora-prefeitura-municipal-de-cordeiropolis\/","title":{"rendered":"Cordeir\u00f3polis lan\u00e7a campanha de ajuda humanit\u00e1ria para Juiz de Fora \u2013 Prefeitura Municipal de Cordeir\u00f3polis"},"content":{"rendered":"<p> <br \/>\n<\/p>\n<div>\n<p>A Prefeitura de Cordeir\u00f3polis iniciou nesta segunda-feira (2) a campanha \u201cCordeir\u00f3polis com Juiz de Fora\u201d. Trata-se de uma for\u00e7a-tarefa solid\u00e1ria para arrecadar donativos destinados \u00e0 popula\u00e7\u00e3o do munic\u00edpio mineiro, atingido por fortes temporais que afetaram milhares de pessoas. A iniciativa foi idealizada pela prefeita Cristina Saad.<\/p>\n<p>A mobiliza\u00e7\u00e3o segue at\u00e9 sexta-feira (6) e contar\u00e1 com ponto fixo de arrecada\u00e7\u00e3o na Secretaria da Mulher e Desenvolvimento Social (Rua Toledo Barros, 404, Centro), das 7h \u00e0s 17h. No s\u00e1bado (7), ser\u00e1 realizado um Dia D de arrecada\u00e7\u00e3o, das 9h30 \u00e0s 14h, em frente ao Sal\u00e3o Social \u201cMaria de Lourdes Arrais\u201d, o antigo Cordeiro Clube, no Centro.<\/p>\n<p>Podem ser doados alimentos n\u00e3o perec\u00edveis como arroz, feij\u00e3o, macarr\u00e3o, \u00f3leo, leite em p\u00f3, biscoitos e enlatados; itens de higiene pessoal, como sabonete, pasta e escova de dente, papel higi\u00eanico, absorventes e fraldas infantis e geri\u00e1tricas; produtos de limpeza, como pano de ch\u00e3o, \u00e1gua sanit\u00e1ria e detergente; al\u00e9m de \u00e1gua mineral. Tamb\u00e9m ser\u00e3o recebidas roupas \u00edntimas novas, infantis, femininas e masculinas. Todos os produtos devem estar dentro do prazo de validade.<\/p>\n<p>N\u00e3o ser\u00e3o aceitos produtos vencidos, demais pe\u00e7as de roupas, cobertores, roupas de cama e banho, eletrodom\u00e9sticos ou itens usados sem condi\u00e7\u00f5es de reutiliza\u00e7\u00e3o.<\/p>\n<p>A a\u00e7\u00e3o \u00e9 conduzida pela Secretaria da Mulher e Desenvolvimento Social e a Defesa Civil de Cordeir\u00f3polis com apoio das demais secretarias municipais. \u201cDecidimos fazer essa campanha em solidariedade a Juiz de Fora, que precisa muito de nossa ajuda. \u00c9 o momento de Cordeir\u00f3polis mostrar como nosso povo \u00e9 solid\u00e1rio. Conto com todos\u201d, afirmou a prefeita Cristina Saad.<\/p>\n<\/p><\/div>\n<p><br \/>\n<br \/><a href=\"https:\/\/www.cordeiropolis.sp.gov.br\/cordeiropolis-lanca-campanha-de-ajuda-humanitaria-para-juiz-de-fora\/\" rel=\"noopener\">Informa\u00e7\u00f5es Cordeir\u00f3polis <\/a><\/p>\n","protected":false},"excerpt":{"rendered":"<p>A Prefeitura de Cordeir\u00f3polis iniciou nesta segunda-feira (2) a campanha \u201cCordeir\u00f3polis com Juiz de Fora\u201d. Trata-se de uma for\u00e7a-tarefa solid\u00e1ria para arrecadar donativos destinados \u00e0 popula\u00e7\u00e3o do munic\u00edpio mineiro, atingido por fortes temporais que afetaram milhares de pessoas. A iniciativa foi idealizada pela prefeita Cristina Saad. A mobiliza\u00e7\u00e3o segue at\u00e9 sexta-feira (6) e contar\u00e1 com [&hellip;]<\/p>\n","protected":false},"author":1,"featured_media":0,"comment_status":"closed","ping_status":"open","sticky":false,"template":"","format":"standard","meta":{"_jetpack_newsletter_access":"","_jetpack_dont_email_post_to_subs":false,"_jetpack_newsletter_tier_id":0,"_jetpack_memberships_contains_paywalled_content":false,"_mbp_banners":[],"_jetpack_feature_clip_id":0,"_jetpack_memberships_contains_paid_content":false,"footnotes":"","jetpack_publicize_message":"","jetpack_publicize_feature_enabled":true,"jetpack_social_post_already_shared":true,"jetpack_social_options":{"image_generator_settings":{"template":"highway","default_image_id":0,"font":"","enabled":false},"version":2},"jetpack_post_was_ever_published":false},"categories":[20],"tags":[],"class_list":["post-56974","post","type-post","status-publish","format-standard","category-regiao"],"jetpack_publicize_connections":[],"jetpack-related-posts":[],"jetpack_shortlink":"https:\/\/wp.me\/p7Eq1F-eOW","jetpack_sharing_enabled":true,"jetpack_featured_media_url":"","_links":{"self":[{"href":"https:\/\/guialimeira.com.br\/news\/wp-json\/wp\/v2\/posts\/56974","targetHints":{"allow":["GET"]}}],"collection":[{"href":"https:\/\/guialimeira.com.br\/news\/wp-json\/wp\/v2\/posts"}],"about":[{"href":"https:\/\/guialimeira.com.br\/news\/wp-json\/wp\/v2\/types\/post"}],"author":[{"embeddable":true,"href":"https:\/\/guialimeira.com.br\/news\/wp-json\/wp\/v2\/users\/1"}],"replies":[{"embeddable":true,"href":"https:\/\/guialimeira.com.br\/news\/wp-json\/wp\/v2\/comments?post=56974"}],"version-history":[{"count":1,"href":"https:\/\/guialimeira.com.br\/news\/wp-json\/wp\/v2\/posts\/56974\/revisions"}],"predecessor-version":[{"id":56975,"href":"https:\/\/guialimeira.com.br\/news\/wp-json\/wp\/v2\/posts\/56974\/revisions\/56975"}],"wp:attachment":[{"href":"https:\/\/guialimeira.com.br\/news\/wp-json\/wp\/v2\/media?parent=56974"}],"wp:term":[{"taxonomy":"category","embeddable":true,"href":"https:\/\/guialimeira.com.br\/news\/wp-json\/wp\/v2\/categories?post=56974"},{"taxonomy":"post_tag","embeddable":true,"href":"https:\/\/guialimeira.com.br\/news\/wp-json\/wp\/v2\/tags?post=56974"}],"curies":[{"name":"wp","href":"https:\/\/api.w.org\/{rel}","templated":true}]}}