{"id":5686,"date":"2024-05-20T19:18:46","date_gmt":"2024-05-20T22:18:46","guid":{"rendered":"https:\/\/guialimeira.com.br\/2024\/05\/20\/brasil-assegura-mais-quatro-ouros-no-mundial-de-atletismo-paralimpico\/"},"modified":"2024-05-20T19:18:46","modified_gmt":"2024-05-20T22:18:46","slug":"brasil-assegura-mais-quatro-ouros-no-mundial-de-atletismo-paralimpico","status":"publish","type":"post","link":"https:\/\/guialimeira.com.br\/news\/brasil-assegura-mais-quatro-ouros-no-mundial-de-atletismo-paralimpico\/","title":{"rendered":"Brasil assegura mais quatro ouros no Mundial de Atletismo Paral\u00edmpico"},"content":{"rendered":"<p> <br \/>\n<\/p>\n<div>\n<p>A exatos 100 dias da abertura da Paralimp\u00edada de Paris, o atletismo paral\u00edmpico brasileiro assegurou mais quatro medalhas de ouro no Mundial, que ocorre at\u00e9 s\u00e1bado (25) da modalidade em Kobe (Jap\u00e3o). Nesta segunda-feira (20), a recordista mundial Beth Gomes fez valer seu favoritismo: conquistou o tricampeonato mundial no lan\u00e7amento de disco F53 (atletas que competem sentados). Quem tamb\u00e9m festejou o tri foi o mineiro Claudiney Batista no lan\u00e7amento de disco F56 (atletas sentados). \u00a0Os outros dois ouros foram da maranhense Rayane Santos nos 200 metros T13 (defici\u00eancia visual) e da paulista J\u00falio Agripino, nos 5.000 da classe T11 (defici\u00eancia visual).<img data-recalc-dims=\"1\" decoding=\"async\" src=\"https:\/\/i0.wp.com\/agenciabrasil.ebc.com.br\/ebc.png?w=696&#038;ssl=1\" style=\"width:1px; height:1px; display:inline;\"\/><img data-recalc-dims=\"1\" decoding=\"async\" src=\"https:\/\/i0.wp.com\/agenciabrasil.ebc.com.br\/ebc.gif?w=696&#038;ssl=1\" style=\"width:1px; height:1px; display:inline;\"\/><\/p>\n<blockquote class=\"twitter-tweet\">\n<p dir=\"ltr\" lang=\"pt\" xml:lang=\"pt\">Nosso 4\u00ba dia de Mundial de atletismo <a href=\"https:\/\/twitter.com\/hashtag\/Kobe2024?src=hash&amp;ref_src=twsrc%5Etfw\" rel=\"noopener\">#Kobe2024<\/a> acabou assim, com 12 medalhas de ouro pra Brasil, duas a menos do que conquistamos na edi\u00e7\u00e3o de Paris 2023! \ud83d\ude31\ud83e\udd47<\/p>\n<p>Estamos fazendo uma campanha incr\u00edvel e contamos com a torcida de todos voc\u00eas. \ud83d\ude09\ud83e\udef6\ud83c\udde7\ud83c\uddf7<a href=\"https:\/\/twitter.com\/hashtag\/MundialAtletismo?src=hash&amp;ref_src=twsrc%5Etfw\" rel=\"noopener\">#MundialAtletismo<\/a>\u2026 <a href=\"https:\/\/t.co\/0j6yib9ix4\">pic.twitter.com\/0j6yib9ix4<\/a><\/p>\n<p>\u2014 Comit\u00ea Paral\u00edmpico Brasileiro (@BraParalimpico) <a href=\"https:\/\/twitter.com\/BraParalimpico\/status\/1792537038052315304?ref_src=twsrc%5Etfw\" rel=\"noopener\">May 20, 2024<\/a><\/p><\/blockquote>\n<p>Beth alcan\u00e7ou hoje a marca de 17,22m no lan\u00e7amento de disco, na qual det\u00e9m o recorde mundial obtido ano passado, durante os Jogos Pan-Americanos de Santiago \u2013 na ocasi\u00e3o ela cravou 17,80m.<\/p>\n<blockquote>\n<p>\u201cEsse t\u00edtulo significa muito, minha resili\u00eancia e minha vontade de viver. Toda vez que acordo, eu sei que a esclerose m\u00faltipla n\u00e3o me venceu. Ent\u00e3o, \u00e9 uma realiza\u00e7\u00e3o esse tricampeonato. Estou muito feliz e gostaria de agradecer a todos que me apoiam\u201d, comemorou a paulista, que mais cedo j\u00e1 conquistara a prata na prova agrupada arremesso de peso classes F53\/F54.<\/p>\n<\/blockquote>\n<p>O segundo tri do dia, com direito a recorde mundial foi do mineiro Claudiney Batista, no lan\u00e7amento de disco da classe F56. Ele venceu a prova ao alcan\u00e7ar a dist\u00e2ncia de 45,14m.<\/p>\n<blockquote class=\"twitter-tweet\">\n<p dir=\"ltr\" lang=\"pt\" xml:lang=\"pt\">A 1\u20e30\u20e30\u20e3 dias de Paris 2024, Brasil come\u00e7a segunda-feira, 20, no Jap\u00e3o com tri de Claudiney Batista em Kobe. \ud83c\udde7\ud83c\uddf7\ud83e\udd47\ud83e\udd47\ud83e\udd47<\/p>\n<p>Confira: <a href=\"https:\/\/t.co\/uF4q7WBWdY\">https:\/\/t.co\/uF4q7WBWdY<\/a><a href=\"https:\/\/twitter.com\/hashtag\/LoteriasCaixa?src=hash&amp;ref_src=twsrc%5Etfw\" rel=\"noopener\">#LoteriasCaixa<\/a><\/p>\n<p>\u2014 Comit\u00ea Paral\u00edmpico Brasileiro (@BraParalimpico) <a href=\"https:\/\/twitter.com\/BraParalimpico\/status\/1792398096766505220?ref_src=twsrc%5Etfw\" rel=\"noopener\">May 20, 2024<\/a><\/p><\/blockquote>\n<p>Quem tamb\u00e9m festejou muito foi a maranhense Rayane dos Santos , de 27 anos, que conquistou pela primeira vez um t\u00edtulo mundial. Ela cruzou a linha de chegada dos 200m T13 em 24s89, seu melhor \u00edndice na temporada.<\/p>\n<blockquote>\n<p>\u201cTreinei para isso. Estava fazendo tempos muito fortes nos treinos, estava melhorando cada vez mais. Ent\u00e3o, a nossa expectativa era muito alta. Eu estava muito confiante e consegui. Tem adrenalina, ansiedade e pensamentos negativos, mas eu consegui ter controle e vencer a prova\u201d, disse a maranhense, que j\u00e1 fora bronze ano passado, na edi\u00e7\u00e3o de Paris, nos 400m.<\/p>\n<\/blockquote>\n<blockquote class=\"twitter-tweet\">\n<p dir=\"ltr\" lang=\"pt\" xml:lang=\"pt\">12\u00ba OURO DO BRASIL EM <a href=\"https:\/\/twitter.com\/hashtag\/Kobe2024?src=hash&amp;ref_src=twsrc%5Etfw\" rel=\"noopener\">#Kobe2024<\/a> \u00c9 DA RAYANE! \ud83e\udd47\ud83c\udfc6<\/p>\n<p>Com o melhor tempo da vida, 24s89, Rayane Soares se torna a mais nova campe\u00e3 nos 200m T13. \ud83e\udd29A-R-R-A-S-O-U! \ud83d\udc4f<a href=\"https:\/\/twitter.com\/hashtag\/MundialAtletismo?src=hash&amp;ref_src=twsrc%5Etfw\" rel=\"noopener\">#MundialAtletismo<\/a> <a href=\"https:\/\/twitter.com\/hashtag\/BrasilParalimpico?src=hash&amp;ref_src=twsrc%5Etfw\" rel=\"noopener\">#BrasilParalimpico<\/a> <a href=\"https:\/\/twitter.com\/hashtag\/AtletismoNoSportv?src=hash&amp;ref_src=twsrc%5Etfw\" rel=\"noopener\">#AtletismoNoSportv<\/a> <a href=\"https:\/\/t.co\/HEF2Znl5vn\">pic.twitter.com\/HEF2Znl5vn<\/a><\/p>\n<p>\u2014 Comit\u00ea Paral\u00edmpico Brasileiro (@BraParalimpico) <a href=\"https:\/\/twitter.com\/BraParalimpico\/status\/1792492553096286213?ref_src=twsrc%5Etfw\" rel=\"noopener\">May 20, 2024<\/a><\/p><\/blockquote>\n<p>O quarto ouro do dia foi do paulista J\u00falio Agripino nos 1.500m, com o tempo de 4min02s23. Foi a segunda medalha de Agripino no Jap\u00e3o: na \u00faltima sexta (17) <a href=\"https:\/\/agenciabrasil.ebc.com.br\/esportes\/noticia\/2024-05\/brasil-tem-estreia-arrebatadora-no-mundial-de-atletismo-paralimpico\" rel=\"noopener\"><strong>ele j\u00e1 conquistara prata nos 5.000m T11.<\/strong><\/a><\/p>\n<h2>Ver\u00f4nica Hip\u00f3lito garante 1\u00ba p\u00f3dio em Kobe<\/h2>\n<p>De volta \u00e0s competi\u00e7\u00f5es internacionais, ap\u00f3s cinco anos afastada por conta de problemas de sa\u00fade, a medalhista paral\u00edmpica (Rio 2016) garantiu o bronze na prova dos 100m T36 (paralisados cerebrais) ao completar a prova em 13s35.\u00a0 \u00a0A chinesa Yiting Shi (13s35) foi ouro e estabeleceu o novo recorde mundial da prova.<\/p>\n<blockquote>\n<p>\u201cTem ouro que \u00e9 ouro. Mas tem bronze que tamb\u00e9m \u00e9 ouro. Tenho certeza de que esse terceiro lugar \u00e9 muito importante para mim. Eu cheguei a questionar muitas coisas, o porqu\u00ea eu ainda continuaria correndo. Tenho uma fam\u00edlia e um treinador maravilhosos. Para mim, \u00e9 um ouro\u201d, celebrou a atleta paulista de \u00a028 anos.<\/p>\n<\/blockquote>\n<blockquote class=\"twitter-tweet\">\n<p dir=\"ltr\" lang=\"pt\" xml:lang=\"pt\">MAIS UM BRONZE PRO BRASIL! \ud83e\udd49\ud83c\udde7\ud83c\uddf7<\/p>\n<p>Ver\u00f4nica Hip\u00f3lito conquistou a 3\u00aa coloca\u00e7\u00e3o nos 100m T36 com 14s35. \ud83d\udd25 E o sorriso n\u00e3o engana, \u00e9 muita alegria mesmo. \ud83d\ude0d\u270c\ufe0f<a href=\"https:\/\/twitter.com\/hashtag\/Kobe2024?src=hash&amp;ref_src=twsrc%5Etfw\" rel=\"noopener\">#Kobe2024<\/a> <a href=\"https:\/\/twitter.com\/hashtag\/MundialAtletismo?src=hash&amp;ref_src=twsrc%5Etfw\" rel=\"noopener\">#MundialAtletismo<\/a> <a href=\"https:\/\/twitter.com\/hashtag\/AtletismoNoSportv?src=hash&amp;ref_src=twsrc%5Etfw\" rel=\"noopener\">#AtletismoNoSportv<\/a> <a href=\"https:\/\/twitter.com\/hashtag\/BrasilParalimpico?src=hash&amp;ref_src=twsrc%5Etfw\" rel=\"noopener\">#BrasilParalimpico<\/a> <a href=\"https:\/\/t.co\/bBIKZs7z6C\">pic.twitter.com\/bBIKZs7z6C<\/a><\/p>\n<p>\u2014 Comit\u00ea Paral\u00edmpico Brasileiro (@BraParalimpico) <a href=\"https:\/\/twitter.com\/BraParalimpico\/status\/1792505534530114021?ref_src=twsrc%5Etfw\" rel=\"noopener\">May 20, 2024<\/a><\/p><\/blockquote><\/div>\n<p><script async src=\"\/\/platform.twitter.com\/widgets.js\" charset=\"utf-8\"><\/script><br \/>\n<br \/><br \/>\n<br \/><a href=\"https:\/\/agenciabrasil.ebc.com.br\/esportes\/noticia\/2024-05\/brasil-assegura-mais-quatro-ouros-no-mundial-de-atletismo-paralimpico\" rel=\"noopener\">Ag\u00eancia Brasil<\/a><\/p>\n","protected":false},"excerpt":{"rendered":"<p>A exatos 100 dias da abertura da Paralimp\u00edada de Paris, o atletismo paral\u00edmpico brasileiro assegurou mais quatro medalhas de ouro no Mundial, que ocorre at\u00e9 s\u00e1bado (25) da modalidade em Kobe (Jap\u00e3o). Nesta segunda-feira (20), a recordista mundial Beth Gomes fez valer seu favoritismo: conquistou o tricampeonato mundial no lan\u00e7amento de disco F53 (atletas que [&hellip;]<\/p>\n","protected":false},"author":1,"featured_media":5687,"comment_status":"open","ping_status":"open","sticky":false,"template":"","format":"standard","meta":{"_jetpack_newsletter_access":"","_jetpack_dont_email_post_to_subs":false,"_jetpack_newsletter_tier_id":0,"_jetpack_memberships_contains_paywalled_content":false,"_mbp_banners":[],"_jetpack_feature_clip_id":0,"_jetpack_memberships_contains_paid_content":false,"footnotes":"","jetpack_publicize_message":"","jetpack_publicize_feature_enabled":true,"jetpack_social_post_already_shared":true,"jetpack_social_options":{"image_generator_settings":{"template":"highway","default_image_id":0,"font":"","enabled":false},"version":2},"jetpack_post_was_ever_published":false},"categories":[23],"tags":[],"class_list":["post-5686","post","type-post","status-publish","format-standard","has-post-thumbnail","category-esportes"],"jetpack_publicize_connections":[],"jetpack-related-posts":[],"jetpack_shortlink":"https:\/\/wp.me\/p7Eq1F-1tI","jetpack_sharing_enabled":true,"jetpack_featured_media_url":"https:\/\/i0.wp.com\/guialimeira.com.br\/news\/wp-content\/uploads\/2024\/05\/beth_gomes_tri_mundial_japao_disco.jpg?fit=1600%2C800&ssl=1","_links":{"self":[{"href":"https:\/\/guialimeira.com.br\/news\/wp-json\/wp\/v2\/posts\/5686","targetHints":{"allow":["GET"]}}],"collection":[{"href":"https:\/\/guialimeira.com.br\/news\/wp-json\/wp\/v2\/posts"}],"about":[{"href":"https:\/\/guialimeira.com.br\/news\/wp-json\/wp\/v2\/types\/post"}],"author":[{"embeddable":true,"href":"https:\/\/guialimeira.com.br\/news\/wp-json\/wp\/v2\/users\/1"}],"replies":[{"embeddable":true,"href":"https:\/\/guialimeira.com.br\/news\/wp-json\/wp\/v2\/comments?post=5686"}],"version-history":[{"count":0,"href":"https:\/\/guialimeira.com.br\/news\/wp-json\/wp\/v2\/posts\/5686\/revisions"}],"wp:featuredmedia":[{"embeddable":true,"href":"https:\/\/guialimeira.com.br\/news\/wp-json\/wp\/v2\/media\/5687"}],"wp:attachment":[{"href":"https:\/\/guialimeira.com.br\/news\/wp-json\/wp\/v2\/media?parent=5686"}],"wp:term":[{"taxonomy":"category","embeddable":true,"href":"https:\/\/guialimeira.com.br\/news\/wp-json\/wp\/v2\/categories?post=5686"},{"taxonomy":"post_tag","embeddable":true,"href":"https:\/\/guialimeira.com.br\/news\/wp-json\/wp\/v2\/tags?post=5686"}],"curies":[{"name":"wp","href":"https:\/\/api.w.org\/{rel}","templated":true}]}}