{"id":5664,"date":"2024-05-20T17:15:47","date_gmt":"2024-05-20T20:15:47","guid":{"rendered":"https:\/\/guialimeira.com.br\/2024\/05\/20\/camex-zera-tarifa-de-importacao-para-garantir-abastecimento-de-arroz\/"},"modified":"2024-05-20T17:15:47","modified_gmt":"2024-05-20T20:15:47","slug":"camex-zera-tarifa-de-importacao-para-garantir-abastecimento-de-arroz","status":"publish","type":"post","link":"https:\/\/guialimeira.com.br\/news\/camex-zera-tarifa-de-importacao-para-garantir-abastecimento-de-arroz\/","title":{"rendered":"Camex zera tarifa de importa\u00e7\u00e3o para garantir abastecimento de arroz"},"content":{"rendered":"<p> <br \/>\n<\/p>\n<div>\n<p>Tr\u00eas tipos de arroz deixar\u00e3o de pagar Imposto de Importa\u00e7\u00e3o para entrar no pa\u00eds. Em reuni\u00e3o extraordin\u00e1ria, o Comit\u00ea Executivo de Gest\u00e3o (Gecex) da C\u00e2mara de Com\u00e9rcio Exterior (Camex) zerou nesta segunda-feira (20) as tarifas para dois tipos n\u00e3o parbolizados e um tipo polido\/brunido do gr\u00e3o.<img data-recalc-dims=\"1\" decoding=\"async\" src=\"https:\/\/i0.wp.com\/agenciabrasil.ebc.com.br\/ebc.png?w=696&#038;ssl=1\" style=\"width:1px; height:1px; display:inline;\"\/><img data-recalc-dims=\"1\" decoding=\"async\" src=\"https:\/\/i0.wp.com\/agenciabrasil.ebc.com.br\/ebc.gif?w=696&#038;ssl=1\" style=\"width:1px; height:1px; display:inline;\"\/><\/p>\n<p>A medida tem como objetivo garantir o abastecimento de arroz ap\u00f3s as enchentes no Rio Grande do Sul. O estado responde por 70% da oferta nacional do produto.<\/p>\n<p>Para zerar as tarifas, os tr\u00eas tipos de arroz foram inclu\u00eddos na Lista de Exce\u00e7\u00f5es \u00e0 Tarifa Externa Comum (Letec) do Mercosul. A medida, informou o Minist\u00e9rio do Desenvolvimento, Ind\u00fastria, Com\u00e9rcio e Servi\u00e7os (Mdic), foi pedida pelo Minist\u00e9rio da Agricultura e Pecu\u00e1ria e pela Companhia Nacional de Abastecimento (Conab).<\/p>\n<p>A resolu\u00e7\u00e3o do Gecex\/Camex ser\u00e1 publicada no <em>Di\u00e1rio Oficial da Uni\u00e3o<\/em> at\u00e9 a pr\u00f3xima quinta-feira (23). A medida vale at\u00e9 31 de dezembro. A Secretaria de Com\u00e9rcio Exterior (Secex) do Mdic vai monitorar a situa\u00e7\u00e3o para reavaliar o per\u00edodo de vig\u00eancia, caso necess\u00e1rio.<\/p>\n<p>Atualmente, a maior parte das importa\u00e7\u00f5es de arroz no Brasil vem do pr\u00f3prio Mercosul, sem pagar tarifa de importa\u00e7\u00e3o. O Mdic informa que a redu\u00e7\u00e3o a zero da al\u00edquota abre espa\u00e7o para a compra de arroz de outros grandes produtores, como a Tail\u00e2ndia. At\u00e9 abril deste ano, o pa\u00eds asi\u00e1tico respondia por 18,2% das importa\u00e7\u00f5es brasileiras de arroz.<\/p>\n<\/p><\/div>\n<p><br \/>\n<br \/><a href=\"https:\/\/agenciabrasil.ebc.com.br\/economia\/noticia\/2024-05\/camex-zera-tarifa-de-importacao-para-garantir-abastecimento-de-arroz\" rel=\"noopener\">Ag\u00eancia Brasil<\/a><\/p>\n","protected":false},"excerpt":{"rendered":"<p>Tr\u00eas tipos de arroz deixar\u00e3o de pagar Imposto de Importa\u00e7\u00e3o para entrar no pa\u00eds. Em reuni\u00e3o extraordin\u00e1ria, o Comit\u00ea Executivo de Gest\u00e3o (Gecex) da C\u00e2mara de Com\u00e9rcio Exterior (Camex) zerou nesta segunda-feira (20) as tarifas para dois tipos n\u00e3o parbolizados e um tipo polido\/brunido do gr\u00e3o. A medida tem como objetivo garantir o abastecimento de [&hellip;]<\/p>\n","protected":false},"author":1,"featured_media":4514,"comment_status":"open","ping_status":"open","sticky":false,"template":"","format":"standard","meta":{"_jetpack_newsletter_access":"","_jetpack_dont_email_post_to_subs":false,"_jetpack_newsletter_tier_id":0,"_jetpack_memberships_contains_paywalled_content":false,"_mbp_banners":[],"_jetpack_feature_clip_id":0,"_jetpack_memberships_contains_paid_content":false,"footnotes":"","jetpack_publicize_message":"","jetpack_publicize_feature_enabled":true,"jetpack_social_post_already_shared":true,"jetpack_social_options":{"image_generator_settings":{"template":"highway","default_image_id":0,"font":"","enabled":false},"version":2},"jetpack_post_was_ever_published":false},"categories":[24],"tags":[],"class_list":["post-5664","post","type-post","status-publish","format-standard","has-post-thumbnail","category-economia"],"jetpack_publicize_connections":[],"jetpack-related-posts":[],"jetpack_shortlink":"https:\/\/wp.me\/p7Eq1F-1tm","jetpack_sharing_enabled":true,"jetpack_featured_media_url":"https:\/\/i0.wp.com\/guialimeira.com.br\/news\/wp-content\/uploads\/2024\/05\/arroz_1009201525.jpg?fit=1600%2C800&ssl=1","_links":{"self":[{"href":"https:\/\/guialimeira.com.br\/news\/wp-json\/wp\/v2\/posts\/5664","targetHints":{"allow":["GET"]}}],"collection":[{"href":"https:\/\/guialimeira.com.br\/news\/wp-json\/wp\/v2\/posts"}],"about":[{"href":"https:\/\/guialimeira.com.br\/news\/wp-json\/wp\/v2\/types\/post"}],"author":[{"embeddable":true,"href":"https:\/\/guialimeira.com.br\/news\/wp-json\/wp\/v2\/users\/1"}],"replies":[{"embeddable":true,"href":"https:\/\/guialimeira.com.br\/news\/wp-json\/wp\/v2\/comments?post=5664"}],"version-history":[{"count":0,"href":"https:\/\/guialimeira.com.br\/news\/wp-json\/wp\/v2\/posts\/5664\/revisions"}],"wp:featuredmedia":[{"embeddable":true,"href":"https:\/\/guialimeira.com.br\/news\/wp-json\/wp\/v2\/media\/4514"}],"wp:attachment":[{"href":"https:\/\/guialimeira.com.br\/news\/wp-json\/wp\/v2\/media?parent=5664"}],"wp:term":[{"taxonomy":"category","embeddable":true,"href":"https:\/\/guialimeira.com.br\/news\/wp-json\/wp\/v2\/categories?post=5664"},{"taxonomy":"post_tag","embeddable":true,"href":"https:\/\/guialimeira.com.br\/news\/wp-json\/wp\/v2\/tags?post=5664"}],"curies":[{"name":"wp","href":"https:\/\/api.w.org\/{rel}","templated":true}]}}