{"id":5654,"date":"2024-05-20T15:27:47","date_gmt":"2024-05-20T18:27:47","guid":{"rendered":"https:\/\/guialimeira.com.br\/2024\/05\/20\/comerciante-geraldo-rosada-morre-aos-80-anos\/"},"modified":"2024-05-20T15:27:47","modified_gmt":"2024-05-20T18:27:47","slug":"comerciante-geraldo-rosada-morre-aos-80-anos","status":"publish","type":"post","link":"https:\/\/guialimeira.com.br\/news\/comerciante-geraldo-rosada-morre-aos-80-anos\/","title":{"rendered":"Comerciante Geraldo Rosada morre aos 80 anos"},"content":{"rendered":"<p> <br \/>\n<\/p>\n<div>\n            <main class=\"\">&#13;<br \/>\n                &#13;<br \/>\n&#13;<br \/>\n&#13;<br \/>\n&#13;<br \/>\n    <img data-recalc-dims=\"1\" decoding=\"async\" src=\"https:\/\/i0.wp.com\/ecrie.com.br\/sistema\/conteudos\/imagem\/m_137_0_1_20052024144627.jpg?w=696&#038;ssl=1\" alt=\"Comerciante Geraldo Rosada morre aos 80 anos\"\/>&#13;<br \/>\n&#13;<\/p>\n<p>Faleceu na noite de domingo (19), o senhor Geraldo Rosada, de 80 anos. Ele estava internado na Santa Casa, e apresentou complica\u00e7\u00f5es na sa\u00fade ap\u00f3s uma queda ocorrida em sua resid\u00eancia. Tradicional comerciante de Limeira, Geraldo era propriet\u00e1rio da \u201cRosada Tintas\u201d, no bairro Boa Vista \u2013 estabelecimento comercial em atividade h\u00e1 52 anos.\u00a0<\/p>\n<p>&#13;<\/p>\n<p>Geraldo Rosada deixa vi\u00fava, a senhora C\u00e9lia Rosada, as filhas, Adriana, Daniela e Tatiana, al\u00e9m de cinco netos, demais familiares e amigos. Seu corpo ser\u00e1 velado at\u00e9 \u00e0s 17h, no Monumental Bom Pastor, onde posteriormente ser\u00e1 cremado.\u00a0<\/p>\n<p>&#13;<\/p>\n<p>Neste momento de profunda tristeza, o prefeito Mario Botion, a vice-prefeita Erika Tank, e a primeira-dama e presidente do Fundo Social de Limeira, Roberta Botion, transmitem os mais sinceros sentimentos de pesar \u00e0 esposa, filhas e aos demais familiares do senhor Geraldo Rosada.\u00a0<\/p>\n<p>&#13;<br \/>\n&#13;<br \/>\n&#13;<br \/>\n&#13;<\/p>\n<aside class=\"list-related no-print\">&#13;<br \/>\n        &#13;<br \/>\n&#13;<\/p>\n<article class=\"list-item noticias \">&#13;<br \/>\n                    <a class=\"list-item__img\" href=\"https:\/\/limeira.sp.gov.br\/imprensa\/noticias\/gabinete-do-prefeito\/vice-prefeita-participa-de-acao-que-sensibiliza-sobre-combate-a-abuso-de-criancas-e-adolescentes\" tabindex=\"-1\" aria-hidden=\"true\" rel=\"noopener\">&#13;<br \/>\n                        <img data-recalc-dims=\"1\" decoding=\"async\" src=\"https:\/\/i0.wp.com\/ecrie.com.br\/sistema\/conteudos\/imagem\/m_137_1_1_17052024174333.jpg?w=696&#038;ssl=1\" alt=\"Vice-prefeita participa de a\u00e7\u00e3o que sensibiliza sobre combate a abuso de crian\u00e7as e adolescentes\"\/>&#13;<br \/>\n                    <\/a>&#13;<br \/>\n&#13;<br \/>\n                &#13;<br \/>\n            <\/article>\n<p>&#13;<\/p>\n<article class=\"list-item noticias \">&#13;<br \/>\n                    <a class=\"list-item__img\" href=\"https:\/\/limeira.sp.gov.br\/imprensa\/noticias\/gabinete-do-prefeito\/indice-de-alfabetizacao-em-limeira-atinge972-e-supera-medias-estadual-e-nacional-resultado-reflete-acoes-adotadas-pela-educacao\" tabindex=\"-1\" aria-hidden=\"true\" rel=\"noopener\">&#13;<br \/>\n                        <img data-recalc-dims=\"1\" decoding=\"async\" src=\"https:\/\/i0.wp.com\/ecrie.com.br\/sistema\/conteudos\/imagem\/m_137_0_1_17052024172349.jpg?w=696&#038;ssl=1\" alt=\"\u00cdndice de alfabetiza\u00e7\u00e3o em Limeira atinge\u00a097,2% e supera m\u00e9dias estadual e nacional; resultado reflete a\u00e7\u00f5es adotadas pela Educa\u00e7\u00e3o\"\/>&#13;<br \/>\n                    <\/a>&#13;<br \/>\n&#13;<br \/>\n                &#13;<br \/>\n            <\/article>\n<p>&#13;<\/p>\n<article class=\"list-item noticias \">&#13;<br \/>\n                    <a class=\"list-item__img\" href=\"https:\/\/limeira.sp.gov.br\/imprensa\/noticias\/gabinete-do-prefeito\/prefeitura-de-limeira-aguardara-novas-orientacoes-sobre-arrecadacao-para-o-sul\" tabindex=\"-1\" aria-hidden=\"true\" rel=\"noopener\">&#13;<br \/>\n                        <img data-recalc-dims=\"1\" decoding=\"async\" src=\"https:\/\/i0.wp.com\/ecrie.com.br\/sistema\/conteudos\/imagem\/m_137_0_1_17052024170753.jpg?w=696&#038;ssl=1\" alt=\"Prefeitura de Limeira aguardar\u00e1 novas orienta\u00e7\u00f5es sobre arrecada\u00e7\u00e3o para o Sul\"\/>&#13;<br \/>\n                    <\/a>&#13;<br \/>\n&#13;<br \/>\n                &#13;<br \/>\n            <\/article>\n<p>&#13;<br \/>\n    <\/aside>\n<p>&#13;<br \/>\n&#13;<br \/>\n            <\/main><\/p><\/div>\n<p><br \/>\n<br \/><a href=\"https:\/\/limeira.sp.gov.br\/comerciante-geraldo-rosada-morre-aos-80-anos\" rel=\"noopener\">Informa\u00e7\u00f5es da PML <\/a><\/p>\n","protected":false},"excerpt":{"rendered":"<p>&#13; &#13; &#13; &#13; &#13; &#13; &#13; Faleceu na noite de domingo (19), o senhor Geraldo Rosada, de 80 anos. Ele estava internado na Santa Casa, e apresentou complica\u00e7\u00f5es na sa\u00fade ap\u00f3s uma queda ocorrida em sua resid\u00eancia. Tradicional comerciante de Limeira, Geraldo era propriet\u00e1rio da \u201cRosada Tintas\u201d, no bairro Boa Vista \u2013 estabelecimento comercial [&hellip;]<\/p>\n","protected":false},"author":1,"featured_media":5655,"comment_status":"open","ping_status":"open","sticky":false,"template":"","format":"standard","meta":{"_jetpack_newsletter_access":"","_jetpack_dont_email_post_to_subs":false,"_jetpack_newsletter_tier_id":0,"_jetpack_memberships_contains_paywalled_content":false,"_mbp_banners":[],"_jetpack_feature_clip_id":0,"_jetpack_memberships_contains_paid_content":false,"footnotes":"","jetpack_publicize_message":"","jetpack_publicize_feature_enabled":true,"jetpack_social_post_already_shared":true,"jetpack_social_options":{"image_generator_settings":{"template":"highway","default_image_id":0,"font":"","enabled":false},"version":2},"jetpack_post_was_ever_published":false},"categories":[16],"tags":[],"class_list":["post-5654","post","type-post","status-publish","format-standard","has-post-thumbnail","category-local"],"jetpack_publicize_connections":[],"jetpack-related-posts":[],"jetpack_shortlink":"https:\/\/wp.me\/p7Eq1F-1tc","jetpack_sharing_enabled":true,"jetpack_featured_media_url":"https:\/\/i0.wp.com\/guialimeira.com.br\/news\/wp-content\/uploads\/2024\/05\/m_137_0_1_20052024144627.jpg?fit=1280%2C852&ssl=1","_links":{"self":[{"href":"https:\/\/guialimeira.com.br\/news\/wp-json\/wp\/v2\/posts\/5654","targetHints":{"allow":["GET"]}}],"collection":[{"href":"https:\/\/guialimeira.com.br\/news\/wp-json\/wp\/v2\/posts"}],"about":[{"href":"https:\/\/guialimeira.com.br\/news\/wp-json\/wp\/v2\/types\/post"}],"author":[{"embeddable":true,"href":"https:\/\/guialimeira.com.br\/news\/wp-json\/wp\/v2\/users\/1"}],"replies":[{"embeddable":true,"href":"https:\/\/guialimeira.com.br\/news\/wp-json\/wp\/v2\/comments?post=5654"}],"version-history":[{"count":0,"href":"https:\/\/guialimeira.com.br\/news\/wp-json\/wp\/v2\/posts\/5654\/revisions"}],"wp:featuredmedia":[{"embeddable":true,"href":"https:\/\/guialimeira.com.br\/news\/wp-json\/wp\/v2\/media\/5655"}],"wp:attachment":[{"href":"https:\/\/guialimeira.com.br\/news\/wp-json\/wp\/v2\/media?parent=5654"}],"wp:term":[{"taxonomy":"category","embeddable":true,"href":"https:\/\/guialimeira.com.br\/news\/wp-json\/wp\/v2\/categories?post=5654"},{"taxonomy":"post_tag","embeddable":true,"href":"https:\/\/guialimeira.com.br\/news\/wp-json\/wp\/v2\/tags?post=5654"}],"curies":[{"name":"wp","href":"https:\/\/api.w.org\/{rel}","templated":true}]}}