{"id":5650,"date":"2024-05-20T15:14:56","date_gmt":"2024-05-20T18:14:56","guid":{"rendered":"https:\/\/guialimeira.com.br\/2024\/05\/20\/dorival-chama-mais-3-jogadores-para-selecao-brasileira-na-copa-america\/"},"modified":"2024-05-20T15:14:56","modified_gmt":"2024-05-20T18:14:56","slug":"dorival-chama-mais-3-jogadores-para-selecao-brasileira-na-copa-america","status":"publish","type":"post","link":"https:\/\/guialimeira.com.br\/news\/dorival-chama-mais-3-jogadores-para-selecao-brasileira-na-copa-america\/","title":{"rendered":"Dorival chama mais 3 jogadores para sele\u00e7\u00e3o brasileira na Copa Am\u00e9rica"},"content":{"rendered":"<p> <br \/>\n<\/p>\n<div>\n<p>A sele\u00e7\u00e3o brasileira contar\u00e1 com mais tr\u00eas jogadores al\u00e9m dos do <a href=\"https:\/\/agenciabrasil.ebc.com.br\/esportes\/noticia\/2024-05\/dorival-junior-convoca-selecao-renovada-para-disputa-da-copa-america\" rel=\"noopener\"><strong>23 j\u00e1 anunciados em maio <\/strong><\/a>para disputarem a Copa Am\u00e9rica. O t\u00e9cnico Dorival J\u00fanior convocou na noite de domingo (20) o zagueiro Bremer (Juventus\/It\u00e1lia), o volante \u00c9derson (Atalanta\/EUA) &#8211; estreante com a amarelinha &#8211; e o atacante Pep\u00ea (Porto\/Portugal). A competi\u00e7\u00e3o continental come\u00e7a em 20 de janeiro, nos Estados Unidos.\u00a0O Brasil estreia quatro dias depois, contra a Costa Rica. A sele\u00e7\u00e3o est\u00e1 no Grupo D, que tem ainda Col\u00f4mbia e Paraguai.<img data-recalc-dims=\"1\" decoding=\"async\" src=\"https:\/\/i0.wp.com\/agenciabrasil.ebc.com.br\/ebc.png?w=696&#038;ssl=1\" style=\"width:1px; height:1px; display:inline;\"\/><img data-recalc-dims=\"1\" decoding=\"async\" src=\"https:\/\/i0.wp.com\/agenciabrasil.ebc.com.br\/ebc.gif?w=696&#038;ssl=1\" style=\"width:1px; height:1px; display:inline;\"\/><\/p>\n<p>A inscri\u00e7\u00e3o dos tr\u00eas atletas foi poss\u00edvel ap\u00f3s a Conmebol anunciar na \u00faltima quinta (16) o n\u00famero m\u00e1ximo de 26 jogadores por sele\u00e7\u00e3o. A entidade tamb\u00e9m estendeu para o dia 15 o prazo para defini\u00e7\u00e3o da lista definitiva de inscritos no torneio.<\/p>\n<blockquote>\n<p>&#8220;Todos os atletas, independente do momento das convoca\u00e7\u00f5es, chegam em igualdade de condi\u00e7\u00f5es para disputar e brigar por uma posi\u00e7\u00e3o dentro da equipe titular&#8221;, afirmou Dorival, em depoimento \u00e0 CBF.<\/p>\n<\/blockquote>\n<blockquote class=\"instagram-media\" data-instgrm-captioned=\"\" data-instgrm-permalink=\"https:\/\/www.instagram.com\/p\/C7L2UzGLkW6\/?utm_source=ig_embed&amp;utm_campaign=loading\" data-instgrm-version=\"14\" style=\" background:#FFF; border:0; border-radius:3px; box-shadow:0 0 1px 0 rgba(0,0,0,0.5),0 1px 10px 0 rgba(0,0,0,0.15); margin: 1px; max-width:540px; min-width:326px; padding:0; width:99.375%; width:-webkit-calc(100% - 2px); width:calc(100% - 2px);\">\n<\/blockquote>\n<p>Al\u00e9m da inclus\u00e3o dos tr\u00eas jogadores, Dorival tamb\u00e9m chamou o goleiro Rafael (S\u00e3o Paulo), em substitui\u00e7\u00e3o de \u00a0Ederson (Manchester City\/Inglaterra), em recupera\u00e7\u00e3o de uma les\u00e3o no rosto, sofrida durante o Campeonato Ingl\u00eas., no \u00faltimo dia 16.<\/p>\n<p>A apresenta\u00e7\u00e3o da equipe come\u00e7ar\u00e1 no pr\u00f3ximo dia 30, em Orlando, no estado da Fl\u00f3rida (EUA). Durante a prepara\u00e7\u00e3o, a equipe disputa dois amistosos: no dia 8 de junho encara o M\u00e9xico, no Texas, e quatro dias depois enfrenta os Estados Unidos, em Orlando.<\/p>\n<\/p><\/div>\n<p><script async src=\"\/\/www.instagram.com\/embed.js\"><\/script><br \/>\n<br \/><br \/>\n<br \/><a href=\"https:\/\/agenciabrasil.ebc.com.br\/esportes\/noticia\/2024-05\/dorival-chama-mais-3-jogadores-para-selecao-brasileira-na-copa-america\" rel=\"noopener\">Ag\u00eancia Brasil<\/a><\/p>\n","protected":false},"excerpt":{"rendered":"<p>A sele\u00e7\u00e3o brasileira contar\u00e1 com mais tr\u00eas jogadores al\u00e9m dos do 23 j\u00e1 anunciados em maio para disputarem a Copa Am\u00e9rica. O t\u00e9cnico Dorival J\u00fanior convocou na noite de domingo (20) o zagueiro Bremer (Juventus\/It\u00e1lia), o volante \u00c9derson (Atalanta\/EUA) &#8211; estreante com a amarelinha &#8211; e o atacante Pep\u00ea (Porto\/Portugal). A competi\u00e7\u00e3o continental come\u00e7a em [&hellip;]<\/p>\n","protected":false},"author":1,"featured_media":5651,"comment_status":"open","ping_status":"open","sticky":false,"template":"","format":"standard","meta":{"_jetpack_newsletter_access":"","_jetpack_dont_email_post_to_subs":false,"_jetpack_newsletter_tier_id":0,"_jetpack_memberships_contains_paywalled_content":false,"_mbp_banners":[],"_jetpack_feature_clip_id":0,"_jetpack_memberships_contains_paid_content":false,"footnotes":"","jetpack_publicize_message":"","jetpack_publicize_feature_enabled":true,"jetpack_social_post_already_shared":true,"jetpack_social_options":{"image_generator_settings":{"template":"highway","default_image_id":0,"font":"","enabled":false},"version":2},"jetpack_post_was_ever_published":false},"categories":[23],"tags":[],"class_list":["post-5650","post","type-post","status-publish","format-standard","has-post-thumbnail","category-esportes"],"jetpack_publicize_connections":[],"jetpack-related-posts":[],"jetpack_shortlink":"https:\/\/wp.me\/p7Eq1F-1t8","jetpack_sharing_enabled":true,"jetpack_featured_media_url":"https:\/\/i0.wp.com\/guialimeira.com.br\/news\/wp-content\/uploads\/2024\/05\/ederson_volante_atalanta_selecao.jpg?fit=1600%2C800&ssl=1","_links":{"self":[{"href":"https:\/\/guialimeira.com.br\/news\/wp-json\/wp\/v2\/posts\/5650","targetHints":{"allow":["GET"]}}],"collection":[{"href":"https:\/\/guialimeira.com.br\/news\/wp-json\/wp\/v2\/posts"}],"about":[{"href":"https:\/\/guialimeira.com.br\/news\/wp-json\/wp\/v2\/types\/post"}],"author":[{"embeddable":true,"href":"https:\/\/guialimeira.com.br\/news\/wp-json\/wp\/v2\/users\/1"}],"replies":[{"embeddable":true,"href":"https:\/\/guialimeira.com.br\/news\/wp-json\/wp\/v2\/comments?post=5650"}],"version-history":[{"count":0,"href":"https:\/\/guialimeira.com.br\/news\/wp-json\/wp\/v2\/posts\/5650\/revisions"}],"wp:featuredmedia":[{"embeddable":true,"href":"https:\/\/guialimeira.com.br\/news\/wp-json\/wp\/v2\/media\/5651"}],"wp:attachment":[{"href":"https:\/\/guialimeira.com.br\/news\/wp-json\/wp\/v2\/media?parent=5650"}],"wp:term":[{"taxonomy":"category","embeddable":true,"href":"https:\/\/guialimeira.com.br\/news\/wp-json\/wp\/v2\/categories?post=5650"},{"taxonomy":"post_tag","embeddable":true,"href":"https:\/\/guialimeira.com.br\/news\/wp-json\/wp\/v2\/tags?post=5650"}],"curies":[{"name":"wp","href":"https:\/\/api.w.org\/{rel}","templated":true}]}}