{"id":5648,"date":"2024-05-20T15:13:45","date_gmt":"2024-05-20T18:13:45","guid":{"rendered":"https:\/\/guialimeira.com.br\/2024\/05\/20\/grito-da-terra-brasil-defende-alimentacao-saudavel-e-meio-ambiente\/"},"modified":"2024-05-20T15:13:45","modified_gmt":"2024-05-20T18:13:45","slug":"grito-da-terra-brasil-defende-alimentacao-saudavel-e-meio-ambiente","status":"publish","type":"post","link":"https:\/\/guialimeira.com.br\/news\/grito-da-terra-brasil-defende-alimentacao-saudavel-e-meio-ambiente\/","title":{"rendered":"Grito da Terra Brasil defende alimenta\u00e7\u00e3o saud\u00e1vel e meio ambiente"},"content":{"rendered":"<p> <br \/>\n<\/p>\n<div>\n<p>Cerca de 10 mil agricultores familiares iniciam, nesta segunda-feira (20), o 24\u00ba Grito da Terra Brasil, na busca por pol\u00edticas p\u00fablicas que contribuam para uma reforma agr\u00e1ria mais eficiente, bem como pela valoriza\u00e7\u00e3o de uma alimenta\u00e7\u00e3o saud\u00e1vel que respeite e cuide do meio ambiente.<img data-recalc-dims=\"1\" decoding=\"async\" src=\"https:\/\/i0.wp.com\/agenciabrasil.ebc.com.br\/ebc.png?w=696&#038;ssl=1\" style=\"width:1px; height:1px; display:inline;\"\/><img data-recalc-dims=\"1\" decoding=\"async\" src=\"https:\/\/i0.wp.com\/agenciabrasil.ebc.com.br\/ebc.gif?w=696&#038;ssl=1\" style=\"width:1px; height:1px; display:inline;\"\/><\/p>\n<p>Nesta edi\u00e7\u00e3o, a mobiliza\u00e7\u00e3o reivindica \u201cpol\u00edticas p\u00fablicas que contribuam com a melhoria da qualidade de vida, trabalho e fortalecimento dos povos do campo, da floresta e das \u00e1guas\u201d. Com estes objetivos, foi elaborada uma pauta com <a href=\"http:\/\/ww2.contag.org.br\/documentos\/pdf\/18292-7891815-pauta-grito-da-terra-executivo.pdf\" target=\"_blank\" rel=\"noopener\">sugest\u00f5es entregues ao governo federa<\/a>l.<\/p>\n<p>O documento abrange quest\u00f5es relativas \u00e0 inclus\u00e3o produtiva e a pr\u00e1ticas sustent\u00e1veis na agricultura familiar, financiamentos, assist\u00eancias t\u00e9cnicas, prote\u00e7\u00e3o, produ\u00e7\u00e3o, armazenamento, agroindustrializa\u00e7\u00e3o e acesso a mercados.<\/p>\n<p>Aborda, tamb\u00e9m, quest\u00f5es ambientais, bem como pol\u00edticas relacionadas \u00e0 reforma agr\u00e1ria, regulariza\u00e7\u00e3o e cr\u00e9dito fundi\u00e1rio. Por fim, apresenta propostas visando inclus\u00e3o digital, melhoria da infraestrutura e do relacionamento com outros pa\u00edses, al\u00e9m de quest\u00f5es relativas a direitos humanos e pol\u00edticas sociais.<\/p>\n<p>O 24\u00ba Grito da Terra Brasil conta com a participa\u00e7\u00e3o da Confedera\u00e7\u00e3o Nacional dos Trabalhadores Rurais Agricultores e Agricultoras Familiares (Contag) e da Central dos Trabalhadores e Trabalhadoras do Brasil (CTB).<\/p>\n<h2>Pol\u00edtica, regulariza\u00e7\u00e3o e cr\u00e9dito<\/h2>\n<p>A Contag destaca, entre os temas abordados no documento, a Pol\u00edtica Nacional de Reforma Agr\u00e1ria, a regulariza\u00e7\u00e3o fundi\u00e1ria e o cr\u00e9dito fundi\u00e1rio. Na avalia\u00e7\u00e3o do secret\u00e1rio de Pol\u00edtica Agr\u00e1ria da entidade, Alair Luiz dos Santos, a pauta apresentada cont\u00e9m \u201cproposituras de amplia\u00e7\u00e3o das pol\u00edticas p\u00fablicas para atender fam\u00edlias do campo para que, de fato, elas permane\u00e7am no campo com condi\u00e7\u00f5es dignas\u201d.<\/p>\n<p>\u201cE, para al\u00e9m disso, que o grileiro n\u00e3o possa usar como discurso que a terra poder\u00e1 ser tomada porque n\u00e3o est\u00e1 produzindo\u201d, acrescentou ao afirmar que a reforma agr\u00e1ria deve ir al\u00e9m da simples divis\u00e3o de lotes, viabilizando, tamb\u00e9m, \u201ccondi\u00e7\u00f5es de produ\u00e7\u00e3o de alimentos saud\u00e1veis e gera\u00e7\u00e3o de qualidade de vida no campo para as fam\u00edlias trabalhadoras rurais\u201d.<\/p>\n<p>Alair explica que a falta de reforma agr\u00e1ria no Brasil resultou na forma\u00e7\u00e3o de grandes latif\u00fandios. Algo que, segundo a Contag, \u00e9 \u201cuma das bases para a desigualdade social brasileira\u201d.<\/p>\n<p>A Contag salienta como reivindica\u00e7\u00f5es do movimento estrutura\u00e7\u00e3o, financiamento e retomada das a\u00e7\u00f5es de obten\u00e7\u00e3o de terras; a\u00e7\u00f5es nos projetos de assentamentos; cria\u00e7\u00e3o de linhas de financiamento para regularizar \u00e1reas de agricultores e agricultoras familiares; atua\u00e7\u00e3o na desonera\u00e7\u00e3o de trabalhadores e trabalhadoras rurais; cr\u00e9dito fundi\u00e1rio; suspens\u00e3o nas licen\u00e7as ambientais e n\u00e3o autoriza\u00e7\u00e3o de novas licen\u00e7as que estimulem os conflitos no campo.<\/p>\n<h2>Programa\u00e7\u00e3o<\/h2>\n<p>Na tarde do primeiro dia de programa\u00e7\u00e3o em Bras\u00edlia est\u00e3o previstas plen\u00e1rias e atos p\u00fablicos em frente ao Banco Central e aos Minist\u00e9rios da Fazenda e do Planejamento e Or\u00e7amento. A ter\u00e7a-feira (21) ser\u00e1 dedicada a atos em outros minist\u00e9rios (Desenvolvimento Social; Meio Ambiente; Desenvolvimento Agr\u00e1rio e Agricultura Familiar; Agricultura e Pecu\u00e1ria; e Previd\u00eancia Social) e panfletagem na C\u00e2mara dos Deputados.<\/p>\n<p>\u00c9 esperado que, por volta do meio-dia de amanh\u00e3 (21), o movimento receba uma devolutiva do governo federal sobre as negocia\u00e7\u00f5es da pauta apresentada. <a href=\"http:\/\/www.ctb.org.br\/2024\/05\/17\/24-grito-da-terra-brasil-acontece-na-proxima-segunda-20-confira-a-programacao-2\/\" target=\"_blank\" rel=\"noopener\">A programa\u00e7\u00e3o completa<\/a> do 24\u00ba Grito da Terra Brasil pode ser acessada no site da Central dos Trabalhadores e Trabalhadoras do Brasil (CTB).<\/p>\n<\/p><\/div>\n<p><br \/>\n<br \/><a href=\"https:\/\/agenciabrasil.ebc.com.br\/economia\/noticia\/2024-05\/grito-da-terra-brasil-defende-alimentacao-saudavel-e-meio-ambiente\" rel=\"noopener\">Ag\u00eancia Brasil<\/a><\/p>\n","protected":false},"excerpt":{"rendered":"<p>Cerca de 10 mil agricultores familiares iniciam, nesta segunda-feira (20), o 24\u00ba Grito da Terra Brasil, na busca por pol\u00edticas p\u00fablicas que contribuam para uma reforma agr\u00e1ria mais eficiente, bem como pela valoriza\u00e7\u00e3o de uma alimenta\u00e7\u00e3o saud\u00e1vel que respeite e cuide do meio ambiente. Nesta edi\u00e7\u00e3o, a mobiliza\u00e7\u00e3o reivindica \u201cpol\u00edticas p\u00fablicas que contribuam com a [&hellip;]<\/p>\n","protected":false},"author":1,"featured_media":5649,"comment_status":"open","ping_status":"open","sticky":false,"template":"","format":"standard","meta":{"_jetpack_newsletter_access":"","_jetpack_dont_email_post_to_subs":false,"_jetpack_newsletter_tier_id":0,"_jetpack_memberships_contains_paywalled_content":false,"_mbp_banners":[],"_jetpack_feature_clip_id":0,"_jetpack_memberships_contains_paid_content":false,"footnotes":"","jetpack_publicize_message":"","jetpack_publicize_feature_enabled":true,"jetpack_social_post_already_shared":true,"jetpack_social_options":{"image_generator_settings":{"template":"highway","default_image_id":0,"font":"","enabled":false},"version":2},"jetpack_post_was_ever_published":false},"categories":[24],"tags":[],"class_list":["post-5648","post","type-post","status-publish","format-standard","has-post-thumbnail","category-economia"],"jetpack_publicize_connections":[],"jetpack-related-posts":[],"jetpack_shortlink":"https:\/\/wp.me\/p7Eq1F-1t6","jetpack_sharing_enabled":true,"jetpack_featured_media_url":"https:\/\/i0.wp.com\/guialimeira.com.br\/news\/wp-content\/uploads\/2024\/05\/pzzb2728-6.jpg?fit=1600%2C800&ssl=1","_links":{"self":[{"href":"https:\/\/guialimeira.com.br\/news\/wp-json\/wp\/v2\/posts\/5648","targetHints":{"allow":["GET"]}}],"collection":[{"href":"https:\/\/guialimeira.com.br\/news\/wp-json\/wp\/v2\/posts"}],"about":[{"href":"https:\/\/guialimeira.com.br\/news\/wp-json\/wp\/v2\/types\/post"}],"author":[{"embeddable":true,"href":"https:\/\/guialimeira.com.br\/news\/wp-json\/wp\/v2\/users\/1"}],"replies":[{"embeddable":true,"href":"https:\/\/guialimeira.com.br\/news\/wp-json\/wp\/v2\/comments?post=5648"}],"version-history":[{"count":0,"href":"https:\/\/guialimeira.com.br\/news\/wp-json\/wp\/v2\/posts\/5648\/revisions"}],"wp:featuredmedia":[{"embeddable":true,"href":"https:\/\/guialimeira.com.br\/news\/wp-json\/wp\/v2\/media\/5649"}],"wp:attachment":[{"href":"https:\/\/guialimeira.com.br\/news\/wp-json\/wp\/v2\/media?parent=5648"}],"wp:term":[{"taxonomy":"category","embeddable":true,"href":"https:\/\/guialimeira.com.br\/news\/wp-json\/wp\/v2\/categories?post=5648"},{"taxonomy":"post_tag","embeddable":true,"href":"https:\/\/guialimeira.com.br\/news\/wp-json\/wp\/v2\/tags?post=5648"}],"curies":[{"name":"wp","href":"https:\/\/api.w.org\/{rel}","templated":true}]}}