{"id":5640,"date":"2024-05-20T14:12:47","date_gmt":"2024-05-20T17:12:47","guid":{"rendered":"https:\/\/guialimeira.com.br\/2024\/05\/20\/bndes-deve-criar-linha-de-credito-para-perdas-e-danos-climaticoss\/"},"modified":"2024-05-20T14:12:47","modified_gmt":"2024-05-20T17:12:47","slug":"bndes-deve-criar-linha-de-credito-para-perdas-e-danos-climaticoss","status":"publish","type":"post","link":"https:\/\/guialimeira.com.br\/news\/bndes-deve-criar-linha-de-credito-para-perdas-e-danos-climaticoss\/","title":{"rendered":"BNDES deve criar linha de cr\u00e9dito para perdas e danos clim\u00e1ticosS"},"content":{"rendered":"<p> <br \/>\n<\/p>\n<div>\n<p>O Banco Nacional de Desenvolvimento Econ\u00f4mico e Social (BNDES) vai necessitar\u00a0criar linhas de cr\u00e9dito especiais para perdas e danos provocados pelas mudan\u00e7as clim\u00e1ticas, segundo afirmou o diretor de Planejamento e Estrutura\u00e7\u00e3o de Projetos, Nelson Barbosa. Durante evento global sobre financiamento clim\u00e1tico, que reuniu representantes de bancos de desenvolvimento e representantes de governos do G20, ele defendeu linha de cr\u00e9dito para reconstru\u00e7\u00e3o do Rio Grande do Sul.<img data-recalc-dims=\"1\" decoding=\"async\" src=\"https:\/\/i0.wp.com\/agenciabrasil.ebc.com.br\/ebc.png?w=696&#038;ssl=1\" style=\"width:1px; height:1px; display:inline;\"\/><img data-recalc-dims=\"1\" decoding=\"async\" src=\"https:\/\/i0.wp.com\/agenciabrasil.ebc.com.br\/ebc.gif?w=696&#038;ssl=1\" style=\"width:1px; height:1px; display:inline;\"\/><\/p>\n<blockquote>\n<p>\u201cNesse momento, a gente enfrenta um novo desafio devido aos eventos clim\u00e1ticos do Rio Grande do Sul, que ir\u00e3o requerer uma linha de cr\u00e9dito especial para reconstru\u00e7\u00e3o. J\u00e1 temos linhas para mitiga\u00e7\u00e3o e para adapta\u00e7\u00e3o, agora temos que pensar tamb\u00e9m em linhas para cuidar de perdas e danos\u201d, destacou o diretor do banco.<\/p>\n<\/blockquote>\n<div class=\"dnd-widget-wrapper context-grande_6colunas type-image atom-align-left\">\n<div class=\"dnd-atom-rendered\"><!-- scald=385840:grande_6colunas {\"additionalClasses\":\"\"} --><\/p>\n<div class=\"shadow overflow-hidden rounded-lg d-block w-100\">\n            <img data-recalc-dims=\"1\" decoding=\"async\" src=\"https:\/\/i0.wp.com\/agenciabrasil.ebc.com.br\/sites\/default\/files\/thumbnails\/image\/loading_v2.gif?w=696&#038;ssl=1\" data-echo=\"https:\/\/imagens.ebc.com.br\/Fy15-nO5SvXLrYmXDHw-SiyNYiE=\/463x0\/smart\/https:\/\/agenciabrasil.ebc.com.br\/sites\/default\/files\/thumbnails\/image\/2024\/05\/19\/19052024-fa458da3-6c8a-402c-8e16-d936a2186c5d.jpg?itok=Xl-MO8Fj\" alt=\"Lajeado (RS), 19\/05\/2024 \u2013 CHUVAS RS- Destrui\u00e7\u00e3o -  O rio Taquari subiu 24 metros nos \u00faltimos dias causando destrui\u00e7\u00e3o na Cidades de Lajeado. Foto: Rafa Neddermeyer\/Ag\u00eancia Brasil\" title=\"Rafa Neddermeyer\/Ag\u00eancia Brasil\" class=\"flex-fill img-cover\"\/><br \/>\n        <img data-recalc-dims=\"1\" decoding=\"async\" src=\"https:\/\/i0.wp.com\/imagens.ebc.com.br\/Fy15-nO5SvXLrYmXDHw-SiyNYiE%3D\/463x0\/smart\/https%3A\/\/agenciabrasil.ebc.com.br\/sites\/default\/files\/thumbnails\/image\/2024\/05\/19\/19052024-fa458da3-6c8a-402c-8e16-d936a2186c5d.jpg?w=696&#038;ssl=1\" alt=\"Lajeado (RS), 19\/05\/2024 \u2013 CHUVAS RS- Destrui\u00e7\u00e3o -  O rio Taquari subiu 24 metros nos \u00faltimos dias causando destrui\u00e7\u00e3o na Cidades de Lajeado. Foto: Rafa Neddermeyer\/Ag\u00eancia Brasil\" title=\"Rafa Neddermeyer\/Ag\u00eancia Brasil\" class=\"flex-fill img-cover\"\/>\n    <\/div>\n<p><!-- END scald=385840 --><\/div>\n<div class=\"dnd-caption-wrapper\">\n<p>Rio Taquari subiu 24 metros nos \u00faltimos dias causando destrui\u00e7\u00e3o na Cidades de Lajeado. Foto:<strong>Rafa Neddermeyer\/Ag\u00eancia Brasil<\/strong><!--END copyright=385840--><\/p>\n<\/div>\n<\/div>\n<p>Barbosa afirmou que, com a nova realidade, os bancos de desenvolvimento tamb\u00e9m ter\u00e3o que enfrentar com outras realidades dos eventos clim\u00e1ticos extremos como lidar com os efeitos dos refugiados clim\u00e1ticos.<\/p>\n<p>\u201cO volume dos recursos envolvidos e o prazo necess\u00e1rio tornam inevit\u00e1veis uma participa\u00e7\u00e3o mais direta do governo\u201d, disse Barbosa. \u201cO BNDES vai cumprir seu papel, de auxiliar o Minist\u00e9rio da Fazenda e as demais autoridades regionais nessa reconstru\u00e7\u00e3o.<\/p>\n<p>Barbosa lembrou que o BNDES j\u00e1 administra o Fundo Clima, mantido com recursos da Uni\u00e3o, para financiar a transi\u00e7\u00e3o clim\u00e1tica no pa\u00eds, com juros subsidiados. Hoje o fundo conta com US$ 2 bilh\u00f5es (cerca de R$ 10 bilh\u00f5es).<\/p>\n<p>De acordo com a secret\u00e1ria de Assuntos Internacionais do Minist\u00e9rio da Fazenda, Tatiana Rosito, o montante necess\u00e1rio para lidar com as mudan\u00e7as clim\u00e1ticas j\u00e1 vem sendo discutido h\u00e1 anos.<\/p>\n<div class=\"dnd-widget-wrapper context-medio_4colunas type-image atom-align-right\">\n<div class=\"dnd-atom-rendered\"><!-- scald=363535:medio_4colunas {\"additionalClasses\":\"\"} --><\/p>\n<div class=\"shadow overflow-hidden rounded-lg d-block w-100\">\n            <img data-recalc-dims=\"1\" decoding=\"async\" src=\"https:\/\/i0.wp.com\/agenciabrasil.ebc.com.br\/sites\/default\/files\/thumbnails\/image\/loading_v2.gif?w=696&#038;ssl=1\" data-echo=\"https:\/\/imagens.ebc.com.br\/WljTG5rURa0nJxCOnhYqvklv05A=\/365x0\/smart\/https:\/\/agenciabrasil.ebc.com.br\/sites\/default\/files\/thumbnails\/image\/raf09759.jpg?itok=50Jm2K0N\" alt=\"Bras\u00edlia (DF), 12\/12\/2023,   A Embaixadora Tatiana Rosito, secret\u00e1ria de Assuntos Econ\u00f4micos Internacionais, durante entrevista no programa A Voz do Brasil, nos est\u00fadios da EBC. Foto: Rafa Neddermeyer\/Ag\u00eancia Brasil\" title=\"Rafa Neddermeyer\/Ag\u00eancia Brasil\" class=\"flex-fill img-cover\"\/><br \/>\n        <img data-recalc-dims=\"1\" decoding=\"async\" src=\"https:\/\/i0.wp.com\/imagens.ebc.com.br\/WljTG5rURa0nJxCOnhYqvklv05A%3D\/365x0\/smart\/https%3A\/\/agenciabrasil.ebc.com.br\/sites\/default\/files\/thumbnails\/image\/raf09759.jpg?w=696&#038;ssl=1\" alt=\"Bras\u00edlia (DF), 12\/12\/2023,   A Embaixadora Tatiana Rosito, secret\u00e1ria de Assuntos Econ\u00f4micos Internacionais, durante entrevista no programa A Voz do Brasil, nos est\u00fadios da EBC. Foto: Rafa Neddermeyer\/Ag\u00eancia Brasil\" title=\"Rafa Neddermeyer\/Ag\u00eancia Brasil\" class=\"flex-fill img-cover\"\/>\n    <\/div>\n<p><!-- END scald=363535 --><\/div>\n<div class=\"dnd-caption-wrapper\">\n<p>A Embaixadora Tatiana Rosito, secret\u00e1ria de Assuntos Econ\u00f4micos Internacionais, <strong>Foto:<\/strong>\u00a0<strong>Rafa Neddermeyer\/Ag\u00eancia Brasil<\/strong><!--END copyright=363535--><\/p>\n<\/div>\n<\/div>\n<p>\u201cSabemos que teremos que ir de bilh\u00f5es para trilh\u00f5es. O diagn\u00f3stico \u00e9 muito claro, temos que avan\u00e7ar nas melhores formas de lidar com o compartilhamento de riscos e na conex\u00e3o de diferentes institui\u00e7\u00f5es, locais ou globais, nacionais ou subnacionais, e reunir recursos p\u00fablicos e privados para atingir a escala que necessitamos\u201d.<\/p>\n<p>Rosito tamb\u00e9m destacou o papel que os bancos multilaterais de desenvolvimento ter\u00e3o nesse cen\u00e1rio.<\/p>\n<\/p><\/div>\n<p><br \/>\n<br \/><a href=\"https:\/\/agenciabrasil.ebc.com.br\/economia\/noticia\/2024-05\/bndes-deve-criar-linha-de-credito-para-perdas-e-danos-climaticos\" rel=\"noopener\">Ag\u00eancia Brasil<\/a><\/p>\n","protected":false},"excerpt":{"rendered":"<p>O Banco Nacional de Desenvolvimento Econ\u00f4mico e Social (BNDES) vai necessitar\u00a0criar linhas de cr\u00e9dito especiais para perdas e danos provocados pelas mudan\u00e7as clim\u00e1ticas, segundo afirmou o diretor de Planejamento e Estrutura\u00e7\u00e3o de Projetos, Nelson Barbosa. Durante evento global sobre financiamento clim\u00e1tico, que reuniu representantes de bancos de desenvolvimento e representantes de governos do G20, ele [&hellip;]<\/p>\n","protected":false},"author":1,"featured_media":5641,"comment_status":"open","ping_status":"open","sticky":false,"template":"","format":"standard","meta":{"_jetpack_newsletter_access":"","_jetpack_dont_email_post_to_subs":false,"_jetpack_newsletter_tier_id":0,"_jetpack_memberships_contains_paywalled_content":false,"_mbp_banners":[],"_jetpack_feature_clip_id":0,"_jetpack_memberships_contains_paid_content":false,"footnotes":"","jetpack_publicize_message":"","jetpack_publicize_feature_enabled":true,"jetpack_social_post_already_shared":true,"jetpack_social_options":{"image_generator_settings":{"template":"highway","default_image_id":0,"font":"","enabled":false},"version":2},"jetpack_post_was_ever_published":false},"categories":[24],"tags":[],"class_list":["post-5640","post","type-post","status-publish","format-standard","has-post-thumbnail","category-economia"],"jetpack_publicize_connections":[],"jetpack-related-posts":[],"jetpack_shortlink":"https:\/\/wp.me\/p7Eq1F-1sY","jetpack_sharing_enabled":true,"jetpack_featured_media_url":"https:\/\/i0.wp.com\/guialimeira.com.br\/news\/wp-content\/uploads\/2024\/05\/mg_5100-2.jpg?fit=1600%2C800&ssl=1","_links":{"self":[{"href":"https:\/\/guialimeira.com.br\/news\/wp-json\/wp\/v2\/posts\/5640","targetHints":{"allow":["GET"]}}],"collection":[{"href":"https:\/\/guialimeira.com.br\/news\/wp-json\/wp\/v2\/posts"}],"about":[{"href":"https:\/\/guialimeira.com.br\/news\/wp-json\/wp\/v2\/types\/post"}],"author":[{"embeddable":true,"href":"https:\/\/guialimeira.com.br\/news\/wp-json\/wp\/v2\/users\/1"}],"replies":[{"embeddable":true,"href":"https:\/\/guialimeira.com.br\/news\/wp-json\/wp\/v2\/comments?post=5640"}],"version-history":[{"count":0,"href":"https:\/\/guialimeira.com.br\/news\/wp-json\/wp\/v2\/posts\/5640\/revisions"}],"wp:featuredmedia":[{"embeddable":true,"href":"https:\/\/guialimeira.com.br\/news\/wp-json\/wp\/v2\/media\/5641"}],"wp:attachment":[{"href":"https:\/\/guialimeira.com.br\/news\/wp-json\/wp\/v2\/media?parent=5640"}],"wp:term":[{"taxonomy":"category","embeddable":true,"href":"https:\/\/guialimeira.com.br\/news\/wp-json\/wp\/v2\/categories?post=5640"},{"taxonomy":"post_tag","embeddable":true,"href":"https:\/\/guialimeira.com.br\/news\/wp-json\/wp\/v2\/tags?post=5640"}],"curies":[{"name":"wp","href":"https:\/\/api.w.org\/{rel}","templated":true}]}}