{"id":5636,"date":"2024-05-20T13:25:44","date_gmt":"2024-05-20T16:25:44","guid":{"rendered":"https:\/\/guialimeira.com.br\/2024\/05\/20\/semana-tera-apresentacao-de-orquestra-rock-ao-piano-e-mais-um-stand-up\/"},"modified":"2024-05-20T13:25:44","modified_gmt":"2024-05-20T16:25:44","slug":"semana-tera-apresentacao-de-orquestra-rock-ao-piano-e-mais-um-stand-up","status":"publish","type":"post","link":"https:\/\/guialimeira.com.br\/news\/semana-tera-apresentacao-de-orquestra-rock-ao-piano-e-mais-um-stand-up\/","title":{"rendered":"Semana ter\u00e1 apresenta\u00e7\u00e3o de orquestra, Rock ao Piano e mais um stand-up"},"content":{"rendered":"<p> <br \/>\n<\/p>\n<div id=\"\">&#13;<br \/>\n                &#13;<br \/>\n&#13;<br \/>\n&#13;<br \/>\n&#13;<br \/>\n    <img data-recalc-dims=\"1\" decoding=\"async\" src=\"https:\/\/i0.wp.com\/ecrie.com.br\/sistema\/conteudos\/imagem\/m_137_0_1_30042024143313.jpg?w=696&#038;ssl=1\" alt=\"Semana ter\u00e1 apresenta\u00e7\u00e3o de orquestra, Rock ao Piano e mais um stand-up\"\/>&#13;<br \/>\n&#13;<\/p>\n<p style=\"text-align: justify;\"><span style=\"font-weight: 400;\">A agenda cultural da semana traz muita m\u00fasica com o concerto \u201cR\u00e9quiem Faur\u00e9\u201d da Orquestra Sinf\u00f4nica, Bruno Hrabovsky apresentando \u201cRock ao Piano\u201d e retreta com Corpora\u00e7\u00e3o Musical Arthur Giambelli.<\/span><\/p>\n<p>&#13;<\/p>\n<p style=\"text-align: justify;\"><span style=\"font-weight: 400;\">A programa\u00e7\u00e3o ainda traz eventos na Biblioteca Municipal, curso sobre atendimento, esquenta de S\u00e3o Jo\u00e3o e stand-up de Rodrigo Sant\u2019anna. Confira abaixo:<\/span><\/p>\n<p>&#13;<\/p>\n<p style=\"text-align: justify;\">\u00a0<\/p>\n<p>&#13;<\/p>\n<p style=\"text-align: justify;\"><strong>Jogos: Dia de Jogar<\/strong><\/p>\n<p>&#13;<\/p>\n<p style=\"text-align: justify;\"><span style=\"font-weight: 400;\">Quarta-feira (22), das 17h \u00e0s 19h &#8211; Biblioteca Municipal Professor Jo\u00e3o de Sousa Ferraz<\/span><\/p>\n<p>&#13;<\/p>\n<p style=\"text-align: justify;\"><span style=\"font-weight: 400;\">A biblioteca disponibiliza os jogos: Detetive, Monopoly, Scrabble, Imagem &amp; A\u00e7\u00e3o, Banco Imobili\u00e1rio, War, Jogo da Vida, Perfil, Quest, Batalha Naval e mais.\u00a0<\/span><\/p>\n<p>&#13;<\/p>\n<p style=\"text-align: justify;\"><span style=\"font-weight: 400;\">Entrada: Gratuita.<\/span><\/p>\n<p>&#13;<\/p>\n<p style=\"text-align: justify;\"><span style=\"font-weight: 400;\">Classifica\u00e7\u00e3o: A partir de 9 anos.\u00a0<\/span><\/p>\n<p>&#13;<\/p>\n<p style=\"text-align: justify;\"><span style=\"font-weight: 400;\">Realiza\u00e7\u00e3o: Prefeitura, por meio da Secretaria de Cultura.<\/span><\/p>\n<p>&#13;<\/p>\n<p style=\"text-align: justify;\"><span style=\"font-weight: 400;\">\u00a0<\/span><\/p>\n<p>&#13;<\/p>\n<p style=\"text-align: justify;\"><strong>Curso: Desenvolvimento humano e organizacional no atendimento aos p\u00fablicos com Jos\u00e9 Mario de Oliveira Mendes<\/strong><\/p>\n<p>&#13;<\/p>\n<p style=\"text-align: justify;\"><span style=\"font-weight: 400;\">Quinta-feira (23), das 9h \u00e0s 16h &#8211; Biblioteca Municipal Professor Jo\u00e3o de Sousa Ferraz<\/span><\/p>\n<p>&#13;<\/p>\n<p style=\"text-align: justify;\"><span style=\"font-weight: 400;\">Todo atendimento \u00e9 pautado nas trocas de informa\u00e7\u00e3o, rea\u00e7\u00f5es e, principalmente, rela\u00e7\u00f5es. O desenvolvimento humano e organizacional no atendimento aos p\u00fablicos deve ser prestado com base na igualdade de acesso para todos. Este curso tem como proposta apresentar e dialogar sobre pilares, compet\u00eancias e habilidades necess\u00e1rias para o atendimento aos p\u00fablicos nas bibliotecas. A media\u00e7\u00e3o \u00e9 de Jos\u00e9 Mario de Oliveira Mendes. Voltado para profissionais das \u00e1reas da Cultura, Biblioteconomia e Ci\u00eancia da Informa\u00e7\u00e3o, Leitura e Literatura, e interessados no tema.<\/span><\/p>\n<p>&#13;<\/p>\n<p style=\"text-align: justify;\"><span style=\"font-weight: 400;\">Entrada: Gratuita, mediante inscri\u00e7\u00e3o pelo site <\/span><a href=\"http:\/\/siseb.sp.gov.br\/agenda\/\" rel=\"noopener\"><span style=\"font-weight: 400;\">http:\/\/siseb.sp.gov.br\/agenda\/<\/span><\/a><span style=\"font-weight: 400;\">.<\/span><\/p>\n<p>&#13;<\/p>\n<p style=\"text-align: justify;\"><span style=\"font-weight: 400;\">Classifica\u00e7\u00e3o: A partir de 18 anos.<\/span><\/p>\n<p>&#13;<\/p>\n<p style=\"text-align: justify;\"><span style=\"font-weight: 400;\">Realiza\u00e7\u00e3o: Secretaria da Cultura e Economia Criativa do Estado de S\u00e3o Paulo, do SisEB (Sistema Estadual de Bibliotecas P\u00fablicas de S\u00e3o Paulo) da SP Leituras (Associa\u00e7\u00e3o Paulistade Bibliotecas) com apoio da Prefeitura de Limeira, por meio da Secretaria de Cultura.<\/span><\/p>\n<p>&#13;<\/p>\n<p style=\"text-align: justify;\"><span style=\"font-weight: 400;\">\u00a0<\/span><\/p>\n<p>&#13;<\/p>\n<p style=\"text-align: justify;\"><strong>M\u00fasica: R\u00e9quiem Faur\u00e9 &#8211; Concerto da S\u00e9rie Alian\u00e7a\u00a0<\/strong><\/p>\n<p>&#13;<\/p>\n<p style=\"text-align: justify;\"><span style=\"font-weight: 400;\">Quinta-feira (23), \u00e0s 20h30 &#8211; Teatro Vit\u00f3ria Emiliano Bernardo da Silva<\/span><\/p>\n<p>&#13;<\/p>\n<p style=\"text-align: justify;\"><span style=\"font-weight: 400;\">\u201cUm R\u00e9quiem sem o Julgamento Final\u201d \u00e9 a pe\u00e7a principal do concerto, que ser\u00e1 conduzido pelo maestro convidado Parcival M\u00f3dolo, juntamente com o Madrigal Mackenzie e o Coro da Osli, tendo como solistas a soprano Ludmilla Thompson e Wesley Rocha. Tamb\u00e9m est\u00e3o no repert\u00f3rio: \u201cAlvorada na Serra\u201d, \u201cPavane em f\u00e1 sustenido menor, Op.50\u201d e \u201cPavane pour une infante d\u00e9funte\u201d. O espet\u00e1culo conta com muitas homenagens, sobretudo, aos 120 anos de nascimento do compositor brasileiro Alberto Nepomuceno e aos 100 anos de morte do compositor franc\u00eas Gabriel Faur\u00e9, mas tamb\u00e9m homenageia o movimento de manifesta\u00e7\u00e3o do \u201cimpressionismo\u201d (de Monet) das artes pl\u00e1sticas na m\u00fasica de concerto.<\/span><\/p>\n<p>&#13;<\/p>\n<p style=\"text-align: justify;\"><span style=\"font-weight: 400;\">Entrada: R$ 30 (inteira) e R$ 15 (meia-entrada).<\/span><span style=\"font-weight: 400;\"><br \/><\/span><span style=\"font-weight: 400;\">Classifica\u00e7\u00e3o: Livre.<\/span><\/p>\n<p>&#13;<\/p>\n<p style=\"text-align: justify;\"><span style=\"font-weight: 400;\">Realiza\u00e7\u00e3o: Sociedade Pr\u00f3-Sinf\u00f4nica de Limeira, com o apoio da Prefeitura, por meio da Secretaria de Cultura.<\/span><span style=\"font-weight: 400;\"><br \/><\/span><span style=\"font-weight: 400;\">Dura\u00e7\u00e3o: 90 min.<\/span><\/p>\n<p>&#13;<\/p>\n<p style=\"text-align: justify;\"><span style=\"font-weight: 400;\">\u00a0<\/span><\/p>\n<p>&#13;<\/p>\n<p style=\"text-align: justify;\"><strong>Literatura: Hora do Conto com Recanto das Hist\u00f3rias<\/strong><\/p>\n<p>&#13;<\/p>\n<p style=\"text-align: justify;\"><span style=\"font-weight: 400;\">Sexta-feira (24), \u00e0s 14h &#8211; Biblioteca Municipal Professor Jo\u00e3o de Sousa Ferraz<\/span><\/p>\n<p>&#13;<\/p>\n<p style=\"text-align: justify;\"><span style=\"font-weight: 400;\">Hora do Conto celebra o Dia Nacional do Livro Infantil. As crian\u00e7as poder\u00e3o mergulhar no universo das hist\u00f3rias com as contadoras do Recanto das Hist\u00f3rias Mara Belo, Amanda Hergert e Priscilla Celestino.<\/span><\/p>\n<p>&#13;<\/p>\n<p style=\"text-align: justify;\"><span style=\"font-weight: 400;\">Entrada: Gratuita<\/span><\/p>\n<p>&#13;<\/p>\n<p style=\"text-align: justify;\"><span style=\"font-weight: 400;\">Classifica\u00e7\u00e3o: Livre.<\/span><\/p>\n<p>&#13;<\/p>\n<p style=\"text-align: justify;\"><span style=\"font-weight: 400;\">Realiza\u00e7\u00e3o: Prefeitura, por meio da Secretaria de Cultura em parceria com a Secretaria de Educa\u00e7\u00e3o.<\/span><\/p>\n<p>&#13;<\/p>\n<p style=\"text-align: justify;\"><span style=\"font-weight: 400;\">\u00a0<\/span><\/p>\n<p>&#13;<\/p>\n<p style=\"text-align: justify;\"><strong>Evento: Esquenta de S\u00e3o Jo\u00e3o \u2013 Cantinho do Vov\u00f4<\/strong><\/p>\n<p>&#13;<\/p>\n<p style=\"text-align: justify;\"><span style=\"font-weight: 400;\">Dias 24, 25 e 26, \u00e0s 19h &#8211; Pra\u00e7a ao lado do Cantinho do Vov\u00f4<\/span><\/p>\n<p>&#13;<\/p>\n<p style=\"text-align: justify;\"><span style=\"font-weight: 400;\">Esquenta de S\u00e3o Jo\u00e3o.<\/span><\/p>\n<p>&#13;<\/p>\n<p style=\"text-align: justify;\"><span style=\"font-weight: 400;\">Entrada: Gratuita.<\/span><\/p>\n<p>&#13;<\/p>\n<p style=\"text-align: justify;\"><span style=\"font-weight: 400;\">Classifica\u00e7\u00e3o: Livre.<\/span><\/p>\n<p>&#13;<\/p>\n<p style=\"text-align: justify;\"><span style=\"font-weight: 400;\">Realiza\u00e7\u00e3o: Cantinho do Vov\u00f4, com apoio da Prefeitura, por meio da Secretaria de Cultura.<\/span><\/p>\n<p>&#13;<\/p>\n<p style=\"text-align: justify;\"><span style=\"font-weight: 400;\">\u00a0<\/span><\/p>\n<p>&#13;<\/p>\n<p style=\"text-align: justify;\"><strong>Literatura: Leia Mulheres conversa sobre \u201cTorrente\u201d com presen\u00e7a da autora<\/strong><\/p>\n<p>&#13;<\/p>\n<p style=\"text-align: justify;\"><span style=\"font-weight: 400;\">S\u00e1bado (25), \u00e0s 16h &#8211; Anfiteatro Dr. Olindo de Luca da Biblioteca Municipal\u00a0<\/span><\/p>\n<p>&#13;<\/p>\n<p style=\"text-align: justify;\"><span style=\"font-weight: 400;\">\u201cTorrente\u201d \u00e9 um livro que fala sobre o amor. Mas que ningu\u00e9m se engane com a aparente simplicidade dessa defini\u00e7\u00e3o \u2014 o romance-tempestade de Vanessa Malag\u00f3 apresenta as rela\u00e7\u00f5es amorosas a partir daquilo que elas t\u00eam de mais desafiador: a imposs\u00edvel compreens\u00e3o total do outro. A media\u00e7\u00e3o \u00e9 <\/span><span style=\"font-weight: 400;\">de<\/span><span style=\"font-weight: 400;\"> Denise Ap. da Silva, Let\u00edcia Reis e Nayara M. Pires.<\/span><\/p>\n<p>&#13;<\/p>\n<p style=\"text-align: justify;\"><span style=\"font-weight: 400;\">Entrada: Gratuita.<\/span><\/p>\n<p>&#13;<\/p>\n<p style=\"text-align: justify;\"><span style=\"font-weight: 400;\">Classifica\u00e7\u00e3o: Livre.<\/span><\/p>\n<p>&#13;<\/p>\n<p style=\"text-align: justify;\"><span style=\"font-weight: 400;\">Realiza\u00e7\u00e3o: Leia Mulheres com apoio da Prefeitura, por meio da Secretaria de Cultura.<\/span><\/p>\n<p>&#13;<\/p>\n<p style=\"text-align: justify;\"><span style=\"font-weight: 400;\">\u00a0<\/span><\/p>\n<p>&#13;<\/p>\n<p style=\"text-align: justify;\"><strong>M\u00fasica: Rock ao Piano<\/strong><\/p>\n<p>&#13;<\/p>\n<p style=\"text-align: justify;\"><span style=\"font-weight: 400;\">S\u00e1bado (25), \u00e0s 19h &#8211; Teatro Vit\u00f3ria Emiliano Bernardo da Silva<\/span><\/p>\n<p>&#13;<\/p>\n<p style=\"text-align: justify;\"><span style=\"font-weight: 400;\">O pianista Bruno Hrabovsky, traz o repert\u00f3rio do CD gravado em 2019 e mais 3 m\u00fasicas especiais &#8211; uma surpresa e duas eleitas pelo p\u00fablico. O concerto visa fazer uma verdadeira imers\u00e3o no rock internacional, mostrando o quanto pode ter em comum com o piano.<\/span><\/p>\n<p>&#13;<\/p>\n<p style=\"text-align: justify;\"><span style=\"font-weight: 400;\">Entrada: R$ 60 (inteira) e R$ 30 (meia-entrada).<\/span><\/p>\n<p>&#13;<\/p>\n<p style=\"text-align: justify;\"><a href=\"https:\/\/www.ticketfacil.com.br\/eventos\/tv-rock-ao-piano.aspx\" rel=\"noopener\"><span style=\"font-weight: 400;\">https:\/\/www.ticketfacil.com.br\/eventos\/tv-rock-ao-piano.aspx<\/span><\/a><\/p>\n<p>&#13;<\/p>\n<p style=\"text-align: justify;\"><span style=\"font-weight: 400;\">Classifica\u00e7\u00e3o: A partir de 5 anos.<\/span><span style=\"font-weight: 400;\"><br \/><\/span><span style=\"font-weight: 400;\">Realiza\u00e7\u00e3o: Bruno Aguilar Guimar\u00e3es, com o apoio da Prefeitura, por meio da Secretaria de Cultura.<\/span><\/p>\n<p>&#13;<\/p>\n<p style=\"text-align: justify;\"><span style=\"font-weight: 400;\">Dura\u00e7\u00e3o: 90 min.<\/span><\/p>\n<p>&#13;<\/p>\n<p style=\"text-align: justify;\"><span style=\"font-weight: 400;\">\u00a0<\/span><\/p>\n<p>&#13;<\/p>\n<p style=\"text-align: justify;\"><strong>M\u00fasica: Retreta com Corpora\u00e7\u00e3o Musical Arthur Giambelli<\/strong><\/p>\n<p>&#13;<\/p>\n<p style=\"text-align: justify;\"><span style=\"font-weight: 400;\">Domingo (26), \u00e0s 10h30 &#8211; Pra\u00e7a Toledo Barros<\/span><\/p>\n<p>&#13;<\/p>\n<p style=\"text-align: justify;\"><span style=\"font-weight: 400;\">A Embaixatriz Sonora de Limeira apresenta m\u00fasicas de cunho popular. A reg\u00eancia \u00e9 do maestro Leandro Rodrigo Pereira.<\/span><\/p>\n<p>&#13;<\/p>\n<p style=\"text-align: justify;\"><span style=\"font-weight: 400;\">Entrada: Gratuita.<\/span><\/p>\n<p>&#13;<\/p>\n<p style=\"text-align: justify;\"><span style=\"font-weight: 400;\">Classifica\u00e7\u00e3o: Livre.<\/span><\/p>\n<p>&#13;<\/p>\n<p style=\"text-align: justify;\"><span style=\"font-weight: 400;\">Realiza\u00e7\u00e3o: Prefeitura, por meio da Secretaria de Cultura, e banda.<\/span><\/p>\n<p>&#13;<\/p>\n<p style=\"text-align: justify;\"><span style=\"font-weight: 400;\">Dura\u00e7\u00e3o: 90 min.<\/span><\/p>\n<p>&#13;<\/p>\n<p style=\"text-align: justify;\"><span style=\"font-weight: 400;\">\u00a0<\/span><\/p>\n<p>&#13;<\/p>\n<p style=\"text-align: justify;\"><strong>Stand-up: Rodrigo Sant\u2019anna em Atazanado<\/strong><\/p>\n<p>&#13;<\/p>\n<p style=\"text-align: justify;\"><span style=\"font-weight: 400;\">Domingo (26), \u00e0s 19h &#8211; Teatro Vit\u00f3ria Emiliano Bernardo da Silva<\/span><\/p>\n<p>&#13;<\/p>\n<p style=\"text-align: justify;\"><span style=\"font-weight: 400;\">Em seu novo show de humor, Rodrigo Sant\u2019Anna usa suas habilidades para interpretar personagens como um tomate cereja, uma m\u00e3e rica, a mulher do site de busca e um peru de Natal. Usando h\u00e1bitos do mundo moderno para refletir, atrav\u00e9s de uma com\u00e9dia hil\u00e1ria, o cotidiano de uma gera\u00e7\u00e3o.<\/span><\/p>\n<p>&#13;<\/p>\n<p style=\"text-align: justify;\"><span style=\"font-weight: 400;\">Entrada: Plateia &#8211; R$ 100 (inteira), R$ 50 (meia-entrada, Clube GT e ingresso solid\u00e1rio &#8211; 1kg de alimento n\u00e3o perec\u00edvel). Mezanino &#8211; R$ 80 (inteira), R$ 40 (meia-entrada, Clube GT e Ingresso Solid\u00e1rio \u2013 1kg de alimento n\u00e3o perec\u00edvel).<\/span><\/p>\n<p>&#13;<\/p>\n<p style=\"text-align: justify;\"><a href=\"https:\/\/www.ticketfacil.com.br\/eventos\/tv-rodrigo-santanna-atazanado.aspx\" rel=\"noopener\"><span style=\"font-weight: 400;\">https:\/\/www.ticketfacil.com.br\/eventos\/tv-rodrigo-santanna-atazanado.aspx<\/span><\/a><\/p>\n<p>&#13;<\/p>\n<p style=\"text-align: justify;\"><span style=\"font-weight: 400;\">Classifica\u00e7\u00e3o: A partir de 16 anos.<\/span><span style=\"font-weight: 400;\"><br \/><\/span><span style=\"font-weight: 400;\">Realiza\u00e7\u00e3o: Teatro GT, com o apoio da Prefeitura, por meio da Secretaria de Cultura.<\/span><span style=\"font-weight: 400;\"><br \/><\/span><span style=\"font-weight: 400;\">Dura\u00e7\u00e3o: 60 min.<\/span><\/p>\n<p>&#13;<br \/>\n&#13;<br \/>\n&#13;<br \/>\n&#13;<\/p>\n<aside class=\"list-related no-print\">&#13;<br \/>\n        &#13;<br \/>\n&#13;<\/p>\n<article class=\"list-item noticias \">&#13;<br \/>\n                    <a class=\"list-item__img\" href=\"https:\/\/limeira.sp.gov.br\/imprensa\/noticias\/cultura\/biblioteca-municipal-realiza-dia-de-jogar-nesta-quarta-22\" tabindex=\"-1\" aria-hidden=\"true\" rel=\"noopener\">&#13;<br \/>\n                        <img data-recalc-dims=\"1\" decoding=\"async\" src=\"https:\/\/i0.wp.com\/ecrie.com.br\/sistema\/conteudos\/imagem\/m_137_0_1_20052024113955.jpeg?w=696&#038;ssl=1\" alt=\"Biblioteca Municipal realiza Dia de Jogar nesta quarta (22)\"\/>&#13;<br \/>\n                    <\/a>&#13;<br \/>\n&#13;<br \/>\n                &#13;<br \/>\n            <\/article>\n<p>&#13;<\/p>\n<article class=\"list-item noticias \">&#13;<br \/>\n                    <a class=\"list-item__img\" href=\"https:\/\/limeira.sp.gov.br\/imprensa\/noticias\/cultura\/vice-prefeita-participa-de-acao-que-sensibiliza-sobre-combate-a-abuso-de-criancas-e-adolescentes\" tabindex=\"-1\" aria-hidden=\"true\" rel=\"noopener\">&#13;<br \/>\n                        <img data-recalc-dims=\"1\" decoding=\"async\" src=\"https:\/\/i0.wp.com\/ecrie.com.br\/sistema\/conteudos\/imagem\/m_137_1_1_17052024174333.jpg?w=696&#038;ssl=1\" alt=\"Vice-prefeita participa de a\u00e7\u00e3o que sensibiliza sobre combate a abuso de crian\u00e7as e adolescentes\"\/>&#13;<br \/>\n                    <\/a>&#13;<br \/>\n&#13;<br \/>\n                &#13;<br \/>\n            <\/article>\n<p>&#13;<\/p>\n<article class=\"list-item noticias \">&#13;<br \/>\n                    <a class=\"list-item__img\" href=\"https:\/\/limeira.sp.gov.br\/imprensa\/noticias\/cultura\/retreta-com-banda-henrique-marques-e-neste-domingo-19-1\" tabindex=\"-1\" aria-hidden=\"true\" rel=\"noopener\">&#13;<br \/>\n                        <img data-recalc-dims=\"1\" decoding=\"async\" src=\"https:\/\/i0.wp.com\/ecrie.com.br\/sistema\/conteudos\/imagem\/m_137_0_1_22032024140354.jpeg?w=696&#038;ssl=1\" alt=\"Retreta com Banda Henrique Marques \u00e9 neste domingo (19)\"\/>&#13;<br \/>\n                    <\/a>&#13;<br \/>\n&#13;<br \/>\n                &#13;<br \/>\n            <\/article>\n<p>&#13;<br \/>\n    <\/aside>\n<p>&#13;<br \/>\n&#13;\n            <\/p><\/div>\n<p><br \/>\n<br \/><a href=\"https:\/\/limeira.sp.gov.br\/semana-tera-apresentacao-de-orquestra-rock-ao-piano-e-mais-um-stand-up\" rel=\"noopener\">Informa\u00e7\u00f5es da PML <\/a><\/p>\n","protected":false},"excerpt":{"rendered":"<p>&#13; &#13; &#13; &#13; &#13; &#13; &#13; A agenda cultural da semana traz muita m\u00fasica com o concerto \u201cR\u00e9quiem Faur\u00e9\u201d da Orquestra Sinf\u00f4nica, Bruno Hrabovsky apresentando \u201cRock ao Piano\u201d e retreta com Corpora\u00e7\u00e3o Musical Arthur Giambelli. &#13; A programa\u00e7\u00e3o ainda traz eventos na Biblioteca Municipal, curso sobre atendimento, esquenta de S\u00e3o Jo\u00e3o e stand-up de [&hellip;]<\/p>\n","protected":false},"author":1,"featured_media":3415,"comment_status":"open","ping_status":"open","sticky":false,"template":"","format":"standard","meta":{"_jetpack_newsletter_access":"","_jetpack_dont_email_post_to_subs":false,"_jetpack_newsletter_tier_id":0,"_jetpack_memberships_contains_paywalled_content":false,"_mbp_banners":[],"_jetpack_feature_clip_id":0,"_jetpack_memberships_contains_paid_content":false,"footnotes":"","jetpack_publicize_message":"","jetpack_publicize_feature_enabled":true,"jetpack_social_post_already_shared":true,"jetpack_social_options":{"image_generator_settings":{"template":"highway","default_image_id":0,"font":"","enabled":false},"version":2},"jetpack_post_was_ever_published":false},"categories":[16],"tags":[],"class_list":["post-5636","post","type-post","status-publish","format-standard","has-post-thumbnail","category-local"],"jetpack_publicize_connections":[],"jetpack-related-posts":[],"jetpack_shortlink":"https:\/\/wp.me\/p7Eq1F-1sU","jetpack_sharing_enabled":true,"jetpack_featured_media_url":"https:\/\/i0.wp.com\/guialimeira.com.br\/news\/wp-content\/uploads\/2024\/05\/m_137_0_1_30042024143313.jpg?fit=1280%2C852&ssl=1","_links":{"self":[{"href":"https:\/\/guialimeira.com.br\/news\/wp-json\/wp\/v2\/posts\/5636","targetHints":{"allow":["GET"]}}],"collection":[{"href":"https:\/\/guialimeira.com.br\/news\/wp-json\/wp\/v2\/posts"}],"about":[{"href":"https:\/\/guialimeira.com.br\/news\/wp-json\/wp\/v2\/types\/post"}],"author":[{"embeddable":true,"href":"https:\/\/guialimeira.com.br\/news\/wp-json\/wp\/v2\/users\/1"}],"replies":[{"embeddable":true,"href":"https:\/\/guialimeira.com.br\/news\/wp-json\/wp\/v2\/comments?post=5636"}],"version-history":[{"count":0,"href":"https:\/\/guialimeira.com.br\/news\/wp-json\/wp\/v2\/posts\/5636\/revisions"}],"wp:featuredmedia":[{"embeddable":true,"href":"https:\/\/guialimeira.com.br\/news\/wp-json\/wp\/v2\/media\/3415"}],"wp:attachment":[{"href":"https:\/\/guialimeira.com.br\/news\/wp-json\/wp\/v2\/media?parent=5636"}],"wp:term":[{"taxonomy":"category","embeddable":true,"href":"https:\/\/guialimeira.com.br\/news\/wp-json\/wp\/v2\/categories?post=5636"},{"taxonomy":"post_tag","embeddable":true,"href":"https:\/\/guialimeira.com.br\/news\/wp-json\/wp\/v2\/tags?post=5636"}],"curies":[{"name":"wp","href":"https:\/\/api.w.org\/{rel}","templated":true}]}}