{"id":563,"date":"2024-03-30T11:12:44","date_gmt":"2024-03-30T14:12:44","guid":{"rendered":"https:\/\/guialimeira.com.br\/2024\/03\/30\/prefeitura-municipal-de-americana-22\/"},"modified":"2024-03-30T11:12:44","modified_gmt":"2024-03-30T14:12:44","slug":"prefeitura-municipal-de-americana-22","status":"publish","type":"post","link":"https:\/\/guialimeira.com.br\/news\/prefeitura-municipal-de-americana-22\/","title":{"rendered":"Prefeitura Municipal de Americana"},"content":{"rendered":"<p> <br \/>\n<\/p>\n<div>O prefeito Chico Sardelli entregou 23 novos \u00f4nibus zero-quil\u00f4metro que renovam a frota do transporte p\u00fablico em Americana, na manh\u00e3 desta ter\u00e7a-feira (26), no CCL (Centro de Cultural e Lazer).<\/p>\n<p>Os ve\u00edculos entram em circula\u00e7\u00e3o nesta quarta-feira (27), com ar-condicionado, entrada USB para carregamento de celulares, plataforma de acessibilidade, c\u00e2mera de monitoramento, poltrona conforto, GPS e Wi-Fi. Os novos \u00f4nibus t\u00eam carroceria Caio, motor OF-1726 e chassi Mercedes\/Marcopolo.<\/p>\n<p>&#8220;Os ve\u00edculos entregues para a popula\u00e7\u00e3o de Americana trar\u00e3o mais conforto e seguran\u00e7a no transporte p\u00fablico da nossa cidade. Esse \u00e9 mais um importante investimento que acompanha o nosso objetivo de proporcionar qualidade de vida e bem-estar aos cidad\u00e3os em todos os equipamentos p\u00fablicos e servi\u00e7os prestados&#8221;, destacou o prefeito Chico.<\/p>\n<p>&#8220;Essa renova\u00e7\u00e3o da frota atende um desejo do prefeito Chico, que sempre se preocupou com melhorias no transporte coletivo municipal. Estou muito feliz em fazer desta gest\u00e3o que tanto busca investimento em todas as \u00e1reas e vem conseguindo gra\u00e7as ao esfor\u00e7o de todos&#8221;, comemorou o vice-prefeito Odir Demarchi.<\/p>\n<p>Em 2022, o prefeito Chico Sardelli j\u00e1 havia entregado 20 novos \u00f4nibus zero-quil\u00f4metro. Atualmente, os ve\u00edculos da frota do transporte p\u00fablico de Americana t\u00eam no m\u00e1ximo dois anos de uso.<\/p>\n<p>O investimento na aquisi\u00e7\u00e3o dos ve\u00edculos apresentados nesta ter\u00e7a-feira foi de R$ 25 milh\u00f5es, custeados pela concession\u00e1ria Sancetur. Apesar dos valores destinados \u00e0 melhoria cont\u00ednua da opera\u00e7\u00e3o do servi\u00e7o no munic\u00edpio, a administra\u00e7\u00e3o municipal mant\u00e9m o valor da tarifa em R$ 4,70.<\/p>\n<p>&#8220;Americana ter\u00e1 a frota mais nova da Regi\u00e3o Metropolitana de Campinas, com m\u00e9dia de um ano e meio por ve\u00edculo. Esse \u00e9 o nosso compromisso com os usu\u00e1rios do transporte p\u00fablico do munic\u00edpio, gra\u00e7as \u00e0 confian\u00e7a no trabalho do prefeito Chico e de toda sua equipe&#8221;, afirmou o propriet\u00e1rio da Sancetur, Marco Ant\u00f4nio Chedid.<\/p>\n<p>Atualmente, a empresa disponibiliza uma frota de 50 \u00f4nibus e duas vans do sistema porta a porta, que circulam dentro do munic\u00edpio, atendendo todas as regi\u00f5es.<\/p>\n<p>Para o secret\u00e1rio adjunto de Tr\u00e2nsito, Marcelo Giongo, a entrega \u00e9 essencial para garantir a qualidade da frota. &#8220;Estamos sempre dialogando com a empresa concession\u00e1ria buscando melhorias nos carros, para assim oferecer o melhor aos usu\u00e1rios do transporte coletivo&#8221;, destacou. <\/p>\n<p>A entrega contou ainda com a presen\u00e7a dos vereadores Thiago Martins, Pastor Miguel Pires e Fernando da Farm\u00e1cia, dos secret\u00e1rios municipais Leon Bot\u00e3o (Comunica\u00e7\u00e3o e Tecnologia da Informa\u00e7\u00e3o), Vin\u00edcius Ghizini (Educa\u00e7\u00e3o) e M\u00e1rcia Gonzaga (Cultura e Turismo), e do diretor operacional da Sancetur, Marcelo Santana.<\/p>\n<p>Texto: Ariel Ferreira (MTb 62.872)\n                            <\/p>\n<\/div>\n<p><script async defer crossorigin=\"anonymous\" src=\"https:\/\/connect.facebook.net\/pt_BR\/sdk.js#xfbml=1&#038;version=v5.0\"><\/script><br \/>\n<br \/><br \/>\n<br \/><a href=\"https:\/\/www.americana.sp.gov.br\/americana-index.php?a=noticia&#038;id=30444\" rel=\"noopener\">Informa\u00e7\u00f5es PMA<\/a><\/p>\n","protected":false},"excerpt":{"rendered":"<p>O prefeito Chico Sardelli entregou 23 novos \u00f4nibus zero-quil\u00f4metro que renovam a frota do transporte p\u00fablico em Americana, na manh\u00e3 desta ter\u00e7a-feira (26), no CCL (Centro de Cultural e Lazer). Os ve\u00edculos entram em circula\u00e7\u00e3o nesta quarta-feira (27), com ar-condicionado, entrada USB para carregamento de celulares, plataforma de acessibilidade, c\u00e2mera de monitoramento, poltrona conforto, GPS [&hellip;]<\/p>\n","protected":false},"author":1,"featured_media":0,"comment_status":"open","ping_status":"open","sticky":false,"template":"","format":"standard","meta":{"_jetpack_newsletter_access":"","_jetpack_dont_email_post_to_subs":false,"_jetpack_newsletter_tier_id":0,"_jetpack_memberships_contains_paywalled_content":false,"_mbp_banners":[],"_jetpack_feature_clip_id":0,"_jetpack_memberships_contains_paid_content":false,"footnotes":"","jetpack_publicize_message":"","jetpack_publicize_feature_enabled":true,"jetpack_social_post_already_shared":true,"jetpack_social_options":{"image_generator_settings":{"template":"highway","default_image_id":0,"font":"","enabled":false},"version":2},"jetpack_post_was_ever_published":false},"categories":[20],"tags":[],"class_list":["post-563","post","type-post","status-publish","format-standard","category-regiao"],"jetpack_publicize_connections":[],"jetpack-related-posts":[],"jetpack_shortlink":"https:\/\/wp.me\/p7Eq1F-95","jetpack_sharing_enabled":true,"jetpack_featured_media_url":"","_links":{"self":[{"href":"https:\/\/guialimeira.com.br\/news\/wp-json\/wp\/v2\/posts\/563","targetHints":{"allow":["GET"]}}],"collection":[{"href":"https:\/\/guialimeira.com.br\/news\/wp-json\/wp\/v2\/posts"}],"about":[{"href":"https:\/\/guialimeira.com.br\/news\/wp-json\/wp\/v2\/types\/post"}],"author":[{"embeddable":true,"href":"https:\/\/guialimeira.com.br\/news\/wp-json\/wp\/v2\/users\/1"}],"replies":[{"embeddable":true,"href":"https:\/\/guialimeira.com.br\/news\/wp-json\/wp\/v2\/comments?post=563"}],"version-history":[{"count":0,"href":"https:\/\/guialimeira.com.br\/news\/wp-json\/wp\/v2\/posts\/563\/revisions"}],"wp:attachment":[{"href":"https:\/\/guialimeira.com.br\/news\/wp-json\/wp\/v2\/media?parent=563"}],"wp:term":[{"taxonomy":"category","embeddable":true,"href":"https:\/\/guialimeira.com.br\/news\/wp-json\/wp\/v2\/categories?post=563"},{"taxonomy":"post_tag","embeddable":true,"href":"https:\/\/guialimeira.com.br\/news\/wp-json\/wp\/v2\/tags?post=563"}],"curies":[{"name":"wp","href":"https:\/\/api.w.org\/{rel}","templated":true}]}}