{"id":5624,"date":"2024-05-20T12:24:45","date_gmt":"2024-05-20T15:24:45","guid":{"rendered":"https:\/\/guialimeira.com.br\/2024\/05\/20\/biblioteca-municipal-realiza-dia-de-jogar-nesta-quarta-22\/"},"modified":"2024-05-20T12:24:45","modified_gmt":"2024-05-20T15:24:45","slug":"biblioteca-municipal-realiza-dia-de-jogar-nesta-quarta-22","status":"publish","type":"post","link":"https:\/\/guialimeira.com.br\/news\/biblioteca-municipal-realiza-dia-de-jogar-nesta-quarta-22\/","title":{"rendered":"Biblioteca Municipal realiza Dia de Jogar nesta quarta (22)"},"content":{"rendered":"<p> <br \/>\n<\/p>\n<div>\n            <main class=\"\">&#13;<br \/>\n                &#13;<br \/>\n&#13;<br \/>\n&#13;<br \/>\n&#13;<br \/>\n    <img data-recalc-dims=\"1\" decoding=\"async\" src=\"https:\/\/i0.wp.com\/ecrie.com.br\/sistema\/conteudos\/imagem\/m_137_0_1_20052024113955.jpeg?w=696&#038;ssl=1\" alt=\"Biblioteca Municipal realiza Dia de Jogar nesta quarta (22)\"\/>&#13;<br \/>\n&#13;<\/p>\n<p dir=\"ltr\" style=\"text-align: justify;\">Nesta quarta-feira (22),\u00a0a Biblioteca Municipal Professor Jo\u00e3o de Sousa Ferraz realiza o \u201cDia de Jogar\u201d, das 17h \u00e0s 19h. S\u00e3o disponibilizados jogos de tabuleiro para o p\u00fablico a partir de 9 anos, para que possam jogar com os amigos e\/ou com a equipe do espa\u00e7o cultural. A a\u00e7\u00e3o \u00e9 promovida pela Prefeitura de Limeira, por meio da Secretaria de Cultura.<\/p>\n<p>&#13;<\/p>\n<p dir=\"ltr\" style=\"text-align: justify;\">S\u00e3o dispon\u00edveis os jogos: Detetive, Monopoly, Scrabble, Imagem &amp; A\u00e7\u00e3o, Banco Imobili\u00e1rio, War, Jogo da Vida, Perfil, Quest, Batalha Naval e outros.\u00a0<\/p>\n<p>&#13;<\/p>\n<p dir=\"ltr\" style=\"text-align: justify;\">Mais informa\u00e7\u00f5es podem ser obtidas pelo telefone: 3442-6539. A Biblioteca Municipal fica no Parque Cidade.<\/p>\n<p>&#13;<br \/>\n&#13;<br \/>\n&#13;<br \/>\n&#13;<\/p>\n<aside class=\"list-related no-print\">&#13;<br \/>\n        &#13;<br \/>\n&#13;<\/p>\n<article class=\"list-item noticias \">&#13;<br \/>\n                    <a class=\"list-item__img\" href=\"https:\/\/limeira.sp.gov.br\/imprensa\/noticias\/cultura\/semana-tera-apresentacao-de-orquestra-rock-ao-piano-e-mais-um-stand-up\" tabindex=\"-1\" aria-hidden=\"true\" rel=\"noopener\">&#13;<br \/>\n                        <img data-recalc-dims=\"1\" decoding=\"async\" src=\"https:\/\/i0.wp.com\/ecrie.com.br\/sistema\/conteudos\/imagem\/m_137_0_1_30042024143313.jpg?w=696&#038;ssl=1\" alt=\"Semana ter\u00e1 apresenta\u00e7\u00e3o de orquestra, Rock ao Piano e mais um stand-up\"\/>&#13;<br \/>\n                    <\/a>&#13;<br \/>\n&#13;<br \/>\n                &#13;<br \/>\n            <\/article>\n<p>&#13;<\/p>\n<article class=\"list-item noticias \">&#13;<br \/>\n                    <a class=\"list-item__img\" href=\"https:\/\/limeira.sp.gov.br\/imprensa\/noticias\/cultura\/vice-prefeita-participa-de-acao-que-sensibiliza-sobre-combate-a-abuso-de-criancas-e-adolescentes\" tabindex=\"-1\" aria-hidden=\"true\" rel=\"noopener\">&#13;<br \/>\n                        <img data-recalc-dims=\"1\" decoding=\"async\" src=\"https:\/\/i0.wp.com\/ecrie.com.br\/sistema\/conteudos\/imagem\/m_137_1_1_17052024174333.jpg?w=696&#038;ssl=1\" alt=\"Vice-prefeita participa de a\u00e7\u00e3o que sensibiliza sobre combate a abuso de crian\u00e7as e adolescentes\"\/>&#13;<br \/>\n                    <\/a>&#13;<br \/>\n&#13;<br \/>\n                &#13;<br \/>\n            <\/article>\n<p>&#13;<\/p>\n<article class=\"list-item noticias \">&#13;<br \/>\n                    <a class=\"list-item__img\" href=\"https:\/\/limeira.sp.gov.br\/imprensa\/noticias\/cultura\/retreta-com-banda-henrique-marques-e-neste-domingo-19-1\" tabindex=\"-1\" aria-hidden=\"true\" rel=\"noopener\">&#13;<br \/>\n                        <img data-recalc-dims=\"1\" decoding=\"async\" src=\"https:\/\/i0.wp.com\/ecrie.com.br\/sistema\/conteudos\/imagem\/m_137_0_1_22032024140354.jpeg?w=696&#038;ssl=1\" alt=\"Retreta com Banda Henrique Marques \u00e9 neste domingo (19)\"\/>&#13;<br \/>\n                    <\/a>&#13;<br \/>\n&#13;<br \/>\n                &#13;<br \/>\n            <\/article>\n<p>&#13;<br \/>\n    <\/aside>\n<p>&#13;<br \/>\n&#13;<br \/>\n            <\/main><\/p><\/div>\n<p><br \/>\n<br \/><a href=\"https:\/\/limeira.sp.gov.br\/biblioteca-municipal-realiza-dia-de-jogar-nesta-quarta-22\" rel=\"noopener\">Informa\u00e7\u00f5es da PML <\/a><\/p>\n","protected":false},"excerpt":{"rendered":"<p>&#13; &#13; &#13; &#13; &#13; &#13; &#13; Nesta quarta-feira (22),\u00a0a Biblioteca Municipal Professor Jo\u00e3o de Sousa Ferraz realiza o \u201cDia de Jogar\u201d, das 17h \u00e0s 19h. S\u00e3o disponibilizados jogos de tabuleiro para o p\u00fablico a partir de 9 anos, para que possam jogar com os amigos e\/ou com a equipe do espa\u00e7o cultural. A a\u00e7\u00e3o [&hellip;]<\/p>\n","protected":false},"author":1,"featured_media":5625,"comment_status":"open","ping_status":"open","sticky":false,"template":"","format":"standard","meta":{"_jetpack_newsletter_access":"","_jetpack_dont_email_post_to_subs":false,"_jetpack_newsletter_tier_id":0,"_jetpack_memberships_contains_paywalled_content":false,"_mbp_banners":[],"_jetpack_feature_clip_id":0,"_jetpack_memberships_contains_paid_content":false,"footnotes":"","jetpack_publicize_message":"","jetpack_publicize_feature_enabled":true,"jetpack_social_post_already_shared":true,"jetpack_social_options":{"image_generator_settings":{"template":"highway","default_image_id":0,"font":"","enabled":false},"version":2},"jetpack_post_was_ever_published":false},"categories":[16],"tags":[],"class_list":["post-5624","post","type-post","status-publish","format-standard","has-post-thumbnail","category-local"],"jetpack_publicize_connections":[],"jetpack-related-posts":[],"jetpack_shortlink":"https:\/\/wp.me\/p7Eq1F-1sI","jetpack_sharing_enabled":true,"jetpack_featured_media_url":"https:\/\/i0.wp.com\/guialimeira.com.br\/news\/wp-content\/uploads\/2024\/05\/m_137_0_1_20052024113955.jpeg?fit=890%2C895&ssl=1","_links":{"self":[{"href":"https:\/\/guialimeira.com.br\/news\/wp-json\/wp\/v2\/posts\/5624","targetHints":{"allow":["GET"]}}],"collection":[{"href":"https:\/\/guialimeira.com.br\/news\/wp-json\/wp\/v2\/posts"}],"about":[{"href":"https:\/\/guialimeira.com.br\/news\/wp-json\/wp\/v2\/types\/post"}],"author":[{"embeddable":true,"href":"https:\/\/guialimeira.com.br\/news\/wp-json\/wp\/v2\/users\/1"}],"replies":[{"embeddable":true,"href":"https:\/\/guialimeira.com.br\/news\/wp-json\/wp\/v2\/comments?post=5624"}],"version-history":[{"count":0,"href":"https:\/\/guialimeira.com.br\/news\/wp-json\/wp\/v2\/posts\/5624\/revisions"}],"wp:featuredmedia":[{"embeddable":true,"href":"https:\/\/guialimeira.com.br\/news\/wp-json\/wp\/v2\/media\/5625"}],"wp:attachment":[{"href":"https:\/\/guialimeira.com.br\/news\/wp-json\/wp\/v2\/media?parent=5624"}],"wp:term":[{"taxonomy":"category","embeddable":true,"href":"https:\/\/guialimeira.com.br\/news\/wp-json\/wp\/v2\/categories?post=5624"},{"taxonomy":"post_tag","embeddable":true,"href":"https:\/\/guialimeira.com.br\/news\/wp-json\/wp\/v2\/tags?post=5624"}],"curies":[{"name":"wp","href":"https:\/\/api.w.org\/{rel}","templated":true}]}}