{"id":5613,"date":"2024-05-20T11:09:55","date_gmt":"2024-05-20T14:09:55","guid":{"rendered":"https:\/\/guialimeira.com.br\/2024\/05\/20\/previsoes-do-mercado-para-selic-e-juros-sobem-para-o-pib-houve-queda\/"},"modified":"2024-05-20T11:09:55","modified_gmt":"2024-05-20T14:09:55","slug":"previsoes-do-mercado-para-selic-e-juros-sobem-para-o-pib-houve-queda","status":"publish","type":"post","link":"https:\/\/guialimeira.com.br\/news\/previsoes-do-mercado-para-selic-e-juros-sobem-para-o-pib-houve-queda\/","title":{"rendered":"Previs\u00f5es do mercado para Selic e juros sobem; para o PIB houve queda"},"content":{"rendered":"<p> <br \/>\n<\/p>\n<div>\n<p>O mercado financeiro elevou pela terceira vez seguida a previs\u00e3o para a taxa b\u00e1sica de juros, a Selic, para este ano. Segundo o boletim Focus, divulgado hoje (20), em Bras\u00edlia, pelo Banco Central (BC), a Selic <a href=\"http:\/\/agenciabrasil.ebc.com.br\/economia\/noticia\/2024-05\/copom-reduz-juros-basicos-da-economia-para-105-ao-ano\" target=\"_blank\" rel=\"noopener\">deve fechar 2024 em 10%<\/a>. Atualmente, ela est\u00e1 em 10,5%. A proje\u00e7\u00e3o da semana passada era de que a Selic terminasse o ano em 9,75%. H\u00e1 quatro semanas a previs\u00e3o do mercado era que o \u00edndice ficasse em 9,5%.<img data-recalc-dims=\"1\" decoding=\"async\" src=\"https:\/\/i0.wp.com\/agenciabrasil.ebc.com.br\/ebc.png?w=696&#038;ssl=1\" style=\"width:1px; height:1px; display:inline;\"\/><img data-recalc-dims=\"1\" decoding=\"async\" src=\"https:\/\/i0.wp.com\/agenciabrasil.ebc.com.br\/ebc.gif?w=696&#038;ssl=1\" style=\"width:1px; height:1px; display:inline;\"\/><\/p>\n<p>O boletim Focus traz as previs\u00f5es de economistas e analistas de mercado financeiro consultados pelo BC. Para 2025, analistas tamb\u00e9m projetaram que a Selic feche em 9% &#8211; a mesma estimativa para 2026 e 2027.<\/p>\n<p>O boletim registra, ainda, uma eleva\u00e7\u00e3o na previs\u00e3o de infla\u00e7\u00e3o para este ano de 3,8%. Na semana passada, a estimativa era de que o \u00cdndice de Pre\u00e7os ao Consumidor Amplo (IPCA) terminasse 2024 em 3,76%. H\u00e1 quatro semanas a expectativa era de que o IPCA ficasse em 3,73%.<\/p>\n<p>A estimativa para 2024 est\u00e1 dentro do intervalo de meta de infla\u00e7\u00e3o que deve ser perseguida pelo Banco Central. Definida pelo Conselho Monet\u00e1rio Nacional (CMN), a meta \u00e9 de 3% com intervalo de toler\u00e2ncia de 1,5 ponto percentual para cima ou para baixo. Ou seja, o limite inferior \u00e9 1,5% e o superior 4,5%.<\/p>\n<p>Para 2025, a previs\u00e3o \u00e9 de que a infla\u00e7\u00e3o fique em 3,74% e, em 2026, feche em 3,5%, a mesma para 2027.<\/p>\n<h2>Expans\u00e3o da economia<\/h2>\n<p>Os analistas tamb\u00e9m projetaram queda no crescimento do Produto Interno Bruto (PIB) em rela\u00e7\u00e3o ao anunciado na semana passada, quando a estimativa era de que expans\u00e3o ficasse em 2,09%.<\/p>\n<p>Nova proje\u00e7\u00e3o \u00e9 de que o crescimento da economia seja de 2,05%.\u00a0A\u00a0proje\u00e7\u00e3o para 2025 \u00e9 de que a expans\u00e3o fique em 2%, a mesma para 2026 e 2027.<\/p>\n<p>Em rela\u00e7\u00e3o ao c\u00e2mbio, o Boletim Focus tamb\u00e9m registra aumento no valor do d\u00f3lar. Em 2024, a moeda norte-americana deve fechar o ano em R$ 5,04. H\u00e1 quatro semanas, a previs\u00e3o era de que ficasse em R$ 5.<\/p>\n<p>Para 2025, a estimativa tamb\u00e9m \u00e9 de aumento para o d\u00f3lar, fechando em R$ 5,05. Para 2026, a previs\u00e3o \u00e9 de que fique em R$ 5,10, a mesma para 2027.<\/p>\n<\/p><\/div>\n<p><br \/>\n<br \/><a href=\"https:\/\/agenciabrasil.ebc.com.br\/economia\/noticia\/2024-05\/previsoes-do-mercado-para-selic-e-juros%20sobem-para-PIB-houve-queda\" rel=\"noopener\">Ag\u00eancia Brasil<\/a><\/p>\n","protected":false},"excerpt":{"rendered":"<p>O mercado financeiro elevou pela terceira vez seguida a previs\u00e3o para a taxa b\u00e1sica de juros, a Selic, para este ano. Segundo o boletim Focus, divulgado hoje (20), em Bras\u00edlia, pelo Banco Central (BC), a Selic deve fechar 2024 em 10%. Atualmente, ela est\u00e1 em 10,5%. A proje\u00e7\u00e3o da semana passada era de que a [&hellip;]<\/p>\n","protected":false},"author":1,"featured_media":5614,"comment_status":"open","ping_status":"open","sticky":false,"template":"","format":"standard","meta":{"_jetpack_newsletter_access":"","_jetpack_dont_email_post_to_subs":false,"_jetpack_newsletter_tier_id":0,"_jetpack_memberships_contains_paywalled_content":false,"_mbp_banners":[],"_jetpack_feature_clip_id":0,"_jetpack_memberships_contains_paid_content":false,"footnotes":"","jetpack_publicize_message":"","jetpack_publicize_feature_enabled":true,"jetpack_social_post_already_shared":true,"jetpack_social_options":{"image_generator_settings":{"template":"highway","default_image_id":0,"font":"","enabled":false},"version":2},"jetpack_post_was_ever_published":false},"categories":[24],"tags":[],"class_list":["post-5613","post","type-post","status-publish","format-standard","has-post-thumbnail","category-economia"],"jetpack_publicize_connections":[],"jetpack-related-posts":[],"jetpack_shortlink":"https:\/\/wp.me\/p7Eq1F-1sx","jetpack_sharing_enabled":true,"jetpack_featured_media_url":"https:\/\/i0.wp.com\/guialimeira.com.br\/news\/wp-content\/uploads\/2024\/05\/economia_1609210405_0.jpg?fit=1600%2C800&ssl=1","_links":{"self":[{"href":"https:\/\/guialimeira.com.br\/news\/wp-json\/wp\/v2\/posts\/5613","targetHints":{"allow":["GET"]}}],"collection":[{"href":"https:\/\/guialimeira.com.br\/news\/wp-json\/wp\/v2\/posts"}],"about":[{"href":"https:\/\/guialimeira.com.br\/news\/wp-json\/wp\/v2\/types\/post"}],"author":[{"embeddable":true,"href":"https:\/\/guialimeira.com.br\/news\/wp-json\/wp\/v2\/users\/1"}],"replies":[{"embeddable":true,"href":"https:\/\/guialimeira.com.br\/news\/wp-json\/wp\/v2\/comments?post=5613"}],"version-history":[{"count":0,"href":"https:\/\/guialimeira.com.br\/news\/wp-json\/wp\/v2\/posts\/5613\/revisions"}],"wp:featuredmedia":[{"embeddable":true,"href":"https:\/\/guialimeira.com.br\/news\/wp-json\/wp\/v2\/media\/5614"}],"wp:attachment":[{"href":"https:\/\/guialimeira.com.br\/news\/wp-json\/wp\/v2\/media?parent=5613"}],"wp:term":[{"taxonomy":"category","embeddable":true,"href":"https:\/\/guialimeira.com.br\/news\/wp-json\/wp\/v2\/categories?post=5613"},{"taxonomy":"post_tag","embeddable":true,"href":"https:\/\/guialimeira.com.br\/news\/wp-json\/wp\/v2\/tags?post=5613"}],"curies":[{"name":"wp","href":"https:\/\/api.w.org\/{rel}","templated":true}]}}