{"id":5610,"date":"2024-05-20T11:15:00","date_gmt":"2024-05-20T14:15:00","guid":{"rendered":"https:\/\/guialimeira.com.br\/?p=5610"},"modified":"2024-05-20T11:15:04","modified_gmt":"2024-05-20T14:15:04","slug":"instituto-alianca-suzano-e-zurich-oferecem-100-vagas-para-curso-de-formacao-profissional-gratuito-em-sao-paulo","status":"publish","type":"post","link":"https:\/\/guialimeira.com.br\/news\/instituto-alianca-suzano-e-zurich-oferecem-100-vagas-para-curso-de-formacao-profissional-gratuito-em-sao-paulo\/","title":{"rendered":"Instituto Alian\u00e7a, Suzano e Zurich oferecem 100 vagas para curso de forma\u00e7\u00e3o profissional gratuito\u00a0em S\u00e3o Paulo"},"content":{"rendered":"\n<h2 class=\"wp-block-heading\"><em>Inscri\u00e7\u00f5es s\u00e3o para sete cidades do estado de S\u00e3o Paulo, entre elas&nbsp;Americana, Limeira e Campinas. Foco \u00e9 preparar jovens para o mercado de trabalho e conquista do primeiro emprego<\/em><\/h2>\n\n\n\n<p class=\"wp-block-paragraph\">&nbsp;<\/p>\n\n\n\n<p class=\"wp-block-paragraph\">O Instituto Alian\u00e7a oferece 1.940 vagas gratuitas para cursos de forma\u00e7\u00e3o profissional em cinco estados brasileiros em 2024. Em parceria com a Suzano e a Zurich Foundation, tem inscri\u00e7\u00f5es abertas para 100 vagas gratuitas de forma\u00e7\u00e3o profissional em sete cidades do estado de S\u00e3o Paulo, voltadas para jovens entre 17 e 24 anos. Entre os cursos ofertados est\u00e1 o Rotas e Travessias, dispon\u00edvel nos munic\u00edpios de S\u00e3o Paulo, S\u00e3o Bernardo do Campo, S\u00e3o Jos\u00e9 dos Campos, Campinas, Jacare\u00ed, Americana e Limeira, com foco na prepara\u00e7\u00e3o para o mercado de trabalho.<\/p>\n\n\n\n<p class=\"wp-block-paragraph\">Os(as) interessados(as) podem se inscrever no site&nbsp;<a href=\"https:\/\/institutoalianca.org.br\/landing-page-rotas\/\" target=\"_blank\" rel=\"noreferrer noopener\">https:\/\/institutoalianca.org.br\/landing-page-rotas\/<\/a>. Para participar, \u00e9 necess\u00e1rio estar cursando o 3\u00ba ano ou ter conclu\u00eddo o ensino m\u00e9dio em escola p\u00fablica. As aulas est\u00e3o programadas para iniciar em junho de 2024.<\/p>\n\n\n\n<p class=\"wp-block-paragraph\">As atividades s\u00e3o 100% online, com intera\u00e7\u00e3o permanente com os educadores, tendo como pontos principais o desenvolvimento de habilidades socioemocionais como autogest\u00e3o, comunica\u00e7\u00e3o e gest\u00e3o de conflitos; no\u00e7\u00f5es de tecnologia da informa\u00e7\u00e3o; e o desenvolvimento de atitudes empreendedoras, como assumir responsabilidades, buscar solu\u00e7\u00f5es, tirar as ideias do papel e fazer planejamentos.<\/p>\n\n\n\n<p class=\"wp-block-paragraph\">O curso tem carga hor\u00e1ria de 200 horas e dura\u00e7\u00e3o de 3 meses. A certifica\u00e7\u00e3o \u00e9 conferida pela Universidade Estadual do Cear\u00e1, como curso de extens\u00e3o. Al\u00e9m disso, ap\u00f3s a conclus\u00e3o, o aluno recebe todo apoio da equipe t\u00e9cnica do Instituto na busca por vagas de emprego com o seu perfil.<\/p>\n\n\n\n<p class=\"wp-block-paragraph\">\u201c\u00c9 uma oportunidade de qualifica\u00e7\u00e3o profissional de jovens, realizado de forma virtual e em um curto espa\u00e7o de tempo, que viabiliza a inser\u00e7\u00e3o no mundo do trabalho, de forma digna, quebrando o ciclo da pobreza e reduzindo desigualdades sociais\u201d, afirma Ilma Oliveira, coordenadora pedag\u00f3gica nacional dos programas de empregabilidade do Instituto Alian\u00e7a. Ela destaca ainda que ap\u00f3s a conclus\u00e3o da forma\u00e7\u00e3o, a taxa de inser\u00e7\u00e3o dos participantes dos programas do instituto no mercado de trabalho supera 85%.<\/p>\n\n\n\n<p class=\"wp-block-paragraph\">O gerente Executivo de Desenvolvimento Social da Suzano, Giordano Bruno Barbosa, afirma que o apoio ao projeto est\u00e1 alinhado com as metas sociais da companhia. \u201cA Suzano acredita que um mundo mais justo se constroi a partir de atitudes transformadoras de toda a sociedade. Esta parceria \u00e9 mais um projeto apoiado pela companhia que vai ao encontro do nosso engajamento com o desenvolvimento social das \u00e1reas onde temos atua\u00e7\u00e3o. At\u00e9 2030, a Suzano se compromete a tirar 200 mil pessoas da linha da pobreza, e a inser\u00e7\u00e3o profissional de jovens \u00e9 um dos pilares fundamentais para que consigamos alcan\u00e7ar essa meta\u201d, ressalta Giordano.<\/p>\n\n\n\n<p class=\"wp-block-paragraph\">O Rotas e Travessias \u00e9 uma iniciativa do Instituto Alian\u00e7a e da Funda\u00e7\u00e3o Forge, com apoio financeiro da Suzano e Zurich Foundation, e parceria estrat\u00e9gica da Universidade Estadual do Cear\u00e1.<\/p>\n\n\n\n<p class=\"wp-block-paragraph\">&nbsp;<\/p>\n\n\n\n<p class=\"wp-block-paragraph\"><strong>SERVI\u00c7O:<\/strong><\/p>\n\n\n\n<p class=\"wp-block-paragraph\"><strong>Rotas e Travessias<\/strong><\/p>\n\n\n\n<p class=\"wp-block-paragraph\">Link das inscri\u00e7\u00f5es:\u00a0<a href=\"https:\/\/bit.ly\/Rotas-S%C3%A3oPaulo-2024-1\" target=\"_blank\" rel=\"noreferrer noopener\">https:\/\/bit.ly\/Rotas-S\u00e3oPaulo-2024-1<\/a><\/p>\n\n\n\n<p class=\"wp-block-paragraph\">In\u00edcio das aulas: junho de 2024<\/p>\n\n\n\n<p class=\"wp-block-paragraph\">M\u00e9todo: 100% Online (empr\u00e9stimo de tablet com acesso \u00e0 internet, durante o curso)<\/p>\n\n\n\n<p class=\"wp-block-paragraph\">Carga hor\u00e1ria: 200 horas<\/p>\n\n\n\n<p class=\"wp-block-paragraph\">Turno: manh\u00e3 ou tarde<\/p>\n\n\n\n<p class=\"wp-block-paragraph\">Dura\u00e7\u00e3o: 3 meses<\/p>\n\n\n\n<p class=\"wp-block-paragraph\">Faixa et\u00e1ria: 17 a 24 anos<\/p>\n\n\n\n<p class=\"wp-block-paragraph\">&nbsp;<\/p>\n\n\n\n<p class=\"wp-block-paragraph\"><strong>Sobre o Instituto Alian\u00e7a &#8211;&nbsp;<\/strong>Fundado em janeiro de 2002, o Instituto Alian\u00e7a (IA) \u00e9 uma organiza\u00e7\u00e3o da sociedade civil de interesse p\u00fablico (OSCIP), cuja miss\u00e3o \u00e9 educar pessoas, organiza\u00e7\u00f5es e comunidades para o desenvolvimento humano sustent\u00e1vel. Saiba mais em&nbsp;<a href=\"http:\/\/institutoalianca.org.br\/\" target=\"_blank\" rel=\"noreferrer noopener\">institutoalianca.org.br<\/a><\/p>\n\n\n\n<p class=\"wp-block-paragraph\">&nbsp;<\/p>\n\n\n\n<p class=\"wp-block-paragraph\"><strong>Sobre a Suzano<\/strong>&nbsp;&#8211; A Suzano \u00e9 a maior produtora mundial de celulose, uma das maiores produtoras de pap\u00e9is da Am\u00e9rica Latina, l\u00edder no segmento de papel higi\u00eanico no Brasil e refer\u00eancia no desenvolvimento de solu\u00e7\u00f5es sustent\u00e1veis e inovadoras a partir de mat\u00e9ria-prima de fonte renov\u00e1vel. Nossos produtos e solu\u00e7\u00f5es est\u00e3o presentes na vida de mais de 2 bilh\u00f5es de pessoas, abastecem mais de 100 pa\u00edses e incluem celulose; pap\u00e9is para imprimir e escrever; pap\u00e9is para embalagens, copos e canudos; pap\u00e9is sanit\u00e1rios e produtos absorventes; al\u00e9m de novos bioprodutos desenvolvidos para atender a demanda global. A inova\u00e7\u00e3o e a sustentabilidade orientam nosso prop\u00f3sito de \u201cRenovar a vida a partir da \u00e1rvore\u201d e nosso trabalho no enfrentamento dos desafios da sociedade e do planeta. Com 100 anos de hist\u00f3ria, temos a\u00e7\u00f5es nas bolsas do Brasil (SUZB3) e dos Estados Unidos (SUZ). Saiba mais na p\u00e1gina&nbsp;<a href=\"http:\/\/www.suzano.com.br\/\" target=\"_blank\" rel=\"noreferrer noopener\">www.suzano.com.br<\/a><\/p>\n","protected":false},"excerpt":{"rendered":"<p>Inscri\u00e7\u00f5es s\u00e3o para sete cidades do estado de S\u00e3o Paulo, entre elas&nbsp;Americana, Limeira e Campinas. Foco \u00e9 preparar jovens para o mercado de trabalho e conquista do primeiro emprego &nbsp; O Instituto Alian\u00e7a oferece 1.940 vagas gratuitas para cursos de forma\u00e7\u00e3o profissional em cinco estados brasileiros em 2024. Em parceria com a Suzano e a [&hellip;]<\/p>\n","protected":false},"author":2,"featured_media":5616,"comment_status":"open","ping_status":"open","sticky":false,"template":"","format":"standard","meta":{"_jetpack_newsletter_access":"","_jetpack_dont_email_post_to_subs":false,"_jetpack_newsletter_tier_id":0,"_jetpack_memberships_contains_paywalled_content":false,"_mbp_banners":[],"_jetpack_feature_clip_id":0,"_jetpack_memberships_contains_paid_content":false,"footnotes":"","jetpack_publicize_message":"","jetpack_publicize_feature_enabled":true,"jetpack_social_post_already_shared":true,"jetpack_social_options":{"image_generator_settings":{"template":"highway","default_image_id":0,"font":"","enabled":false},"version":2},"jetpack_post_was_ever_published":false},"categories":[1],"tags":[],"class_list":["post-5610","post","type-post","status-publish","format-standard","has-post-thumbnail","category-geral"],"jetpack_publicize_connections":[],"jetpack-related-posts":[],"jetpack_shortlink":"https:\/\/wp.me\/p7Eq1F-1su","jetpack_sharing_enabled":true,"jetpack_featured_media_url":"https:\/\/i0.wp.com\/guialimeira.com.br\/news\/wp-content\/uploads\/2024\/05\/sala-de-aula-virtual-e-espaco-de-estudo_23-2149178644.jpg?fit=740%2C492&ssl=1","_links":{"self":[{"href":"https:\/\/guialimeira.com.br\/news\/wp-json\/wp\/v2\/posts\/5610","targetHints":{"allow":["GET"]}}],"collection":[{"href":"https:\/\/guialimeira.com.br\/news\/wp-json\/wp\/v2\/posts"}],"about":[{"href":"https:\/\/guialimeira.com.br\/news\/wp-json\/wp\/v2\/types\/post"}],"author":[{"embeddable":true,"href":"https:\/\/guialimeira.com.br\/news\/wp-json\/wp\/v2\/users\/2"}],"replies":[{"embeddable":true,"href":"https:\/\/guialimeira.com.br\/news\/wp-json\/wp\/v2\/comments?post=5610"}],"version-history":[{"count":1,"href":"https:\/\/guialimeira.com.br\/news\/wp-json\/wp\/v2\/posts\/5610\/revisions"}],"predecessor-version":[{"id":5617,"href":"https:\/\/guialimeira.com.br\/news\/wp-json\/wp\/v2\/posts\/5610\/revisions\/5617"}],"wp:featuredmedia":[{"embeddable":true,"href":"https:\/\/guialimeira.com.br\/news\/wp-json\/wp\/v2\/media\/5616"}],"wp:attachment":[{"href":"https:\/\/guialimeira.com.br\/news\/wp-json\/wp\/v2\/media?parent=5610"}],"wp:term":[{"taxonomy":"category","embeddable":true,"href":"https:\/\/guialimeira.com.br\/news\/wp-json\/wp\/v2\/categories?post=5610"},{"taxonomy":"post_tag","embeddable":true,"href":"https:\/\/guialimeira.com.br\/news\/wp-json\/wp\/v2\/tags?post=5610"}],"curies":[{"name":"wp","href":"https:\/\/api.w.org\/{rel}","templated":true}]}}