{"id":561,"date":"2024-03-30T11:11:48","date_gmt":"2024-03-30T14:11:48","guid":{"rendered":"https:\/\/guialimeira.com.br\/2024\/03\/30\/fussp-recebe-mais-de-1-tonelada-de-alimentos-arrecadados-na-12a-festa-da-batata-portal-do-municipio-de-piracicaba\/"},"modified":"2024-03-30T11:11:48","modified_gmt":"2024-03-30T14:11:48","slug":"fussp-recebe-mais-de-1-tonelada-de-alimentos-arrecadados-na-12a-festa-da-batata-portal-do-municipio-de-piracicaba","status":"publish","type":"post","link":"https:\/\/guialimeira.com.br\/news\/fussp-recebe-mais-de-1-tonelada-de-alimentos-arrecadados-na-12a-festa-da-batata-portal-do-municipio-de-piracicaba\/","title":{"rendered":"Fussp recebe mais de 1 tonelada de\u00a0alimentos\u00a0arrecadados na 12\u00aa Festa da Batata \u2013 Portal do Munic\u00edpio de Piracicaba"},"content":{"rendered":"<p> <br \/>\n<\/p>\n<div>\n<figure class=\"text-center\">\n<img data-recalc-dims=\"1\" width=\"696\" height=\"464\" src=\"https:\/\/i0.wp.com\/piracicaba.sp.gov.br\/wp-content\/uploads\/2024\/02\/Andrea-Almeida-presidente-do-Fussp-ao-lado-de-Marcus-Inforcato-diretor-da-AAEPE-e-Lucilene-Inforcato-representante-da-instituicao-1024x683.jpg?resize=696%2C464&#038;ssl=1\" class=\"img-fluid img-thumbnail border-1 wp-post-image\" alt=\"\" itemprop=\"image\" decoding=\"async\" fetchpriority=\"high\" srcset=\"https:\/\/piracicaba.sp.gov.br\/wp-content\/uploads\/2024\/02\/Andrea-Almeida-presidente-do-Fussp-ao-lado-de-Marcus-Inforcato-diretor-da-AAEPE-e-Lucilene-Inforcato-representante-da-instituicao-1024x683.jpg 1024w, https:\/\/piracicaba.sp.gov.br\/wp-content\/uploads\/2024\/02\/Andrea-Almeida-presidente-do-Fussp-ao-lado-de-Marcus-Inforcato-diretor-da-AAEPE-e-Lucilene-Inforcato-representante-da-instituicao-300x200.jpg 300w, https:\/\/piracicaba.sp.gov.br\/wp-content\/uploads\/2024\/02\/Andrea-Almeida-presidente-do-Fussp-ao-lado-de-Marcus-Inforcato-diretor-da-AAEPE-e-Lucilene-Inforcato-representante-da-instituicao-768x512.jpg 768w, https:\/\/piracicaba.sp.gov.br\/wp-content\/uploads\/2024\/02\/Andrea-Almeida-presidente-do-Fussp-ao-lado-de-Marcus-Inforcato-diretor-da-AAEPE-e-Lucilene-Inforcato-representante-da-instituicao-1536x1024.jpg 1536w, https:\/\/piracicaba.sp.gov.br\/wp-content\/uploads\/2024\/02\/Andrea-Almeida-presidente-do-Fussp-ao-lado-de-Marcus-Inforcato-diretor-da-AAEPE-e-Lucilene-Inforcato-representante-da-instituicao-2048x1365.jpg 2048w\" sizes=\"(max-width: 1024px) 100vw, 1024px\"\/><figcaption class=\"text-center small fw-bold fst-italic mt-1\">Andr\u00e9a Almeida, presidente do Fussp, ao lado de Marcus Infor\u00e7ato, diretor da AAEPE e Lucilene Infor\u00e7ato, representante da institui\u00e7\u00e3o<\/figcaption><\/figure>\n<p>O Fundo Social de Solidariedade de Piracicaba (Fussp) recebeu a doa\u00e7\u00e3o de mais de uma tonelada de alimentos arrecadados na 12\u00aa Festa da Batata, promovida pela Associa\u00e7\u00e3o Atl\u00e9tica Educando pelo Esporte (AAEPE). Os 1.110 kg, entre eles arroz, feij\u00e3o, macarr\u00e3o, leite e outros itens, foram destinados ao Banco de Alimentos de Piracicaba e j\u00e1 est\u00e3o sendo encaminhados para as fam\u00edlias em vulnerabilidade.<\/p>\n<p>\u201cO evento foi especial porque garantiu a divers\u00e3o do p\u00fablico que passou por aqui durante os quatro dias. Al\u00e9m disso, \u00e9 gratificante contar com a iniciativa da AAEPE e constatar que as doa\u00e7\u00f5es est\u00e3o sendo encaminhadas para o destino correto, ou seja, entregues para as fam\u00edlias que mais precisam desses mantimentos\u201d, destacou Andr\u00e9a Almeida, presidente do Fussp.<\/p>\n<p>A 12\u00aa Festa da Batata aconteceu entre os dias 15 e 18 de fevereiro e contou com uma variedade de op\u00e7\u00f5es gastron\u00f4micas, al\u00e9m de m\u00fasica ao vivo e espa\u00e7os de entretenimento para crian\u00e7as. O evento disponibilizou estrutura adequada para pessoas idosas e Pessoas Com Defici\u00eancia, tornando-se um sucesso entre o p\u00fablico.<\/p>\n<p>\u00a0\u201cA melhor parte \u00e9 poder contar com a generosidade do p\u00fablico, j\u00e1 que o ingresso para a Festa da Batata \u00e9 1 kg de alimento n\u00e3o-perec\u00edvel. A arrecada\u00e7\u00e3o de mais de uma tonelada \u00e9 muito significativa para n\u00f3s, que nos pautamos em prol dos projetos sociais\u201d, explica Elisama Sobral Miller, representante do AAEPE.<\/p>\n<p>Atualmente, a institui\u00e7\u00e3o organizadora do evento atende 220 crian\u00e7as e adolescentes \u2014 em parceria com o Fundo Municipal dos Direitos da Crian\u00e7a e do Adolescente (Fumdeca) \u2014 al\u00e9m de 150 crian\u00e7as de 7 a 17 anos integrantes do projeto competitivo.<\/p>\n<p>Por meio de cestas b\u00e1sicas, os mantimentos arrecadados come\u00e7aram a ser enviados para pessoas em situa\u00e7\u00e3o de vulnerabilidade, cadastradas no Cad\u00danico (Cadastro \u00danico para Programas Sociais).<\/p>\n<p><strong>C<\/strong><strong>OMO DOAR<\/strong><strong>\u00a0\u2014\u00a0<\/strong>Empresas interessadas em realizar parcerias com o Fussp podem entrar em contato pelo telefone (19) 99184-7822 ou pelo e-mail\u00a0<a href=\"https:\/\/piracicaba.sp.gov.br\/mailto:fussp@piracicaba.sp.gov.br\" target=\"_blank\" rel=\"noreferrer noopener\">fussp@piracicaba.sp.gov.br<\/a>. J\u00e1 pessoas f\u00edsicas podem fazer doa\u00e7\u00f5es diretamente para o projeto Pira Sem Fome, por meio do telefone (19) 99811-5293 ou pelo site\u00a0<a href=\"http:\/\/pira.sp.gov.br\/semfome\" target=\"_blank\" rel=\"noreferrer noopener\">pira.sp.gov.br\/semfome<\/a>.<\/p>\n<\/div>\n<p><br \/>\n<br \/><a href=\"https:\/\/piracicaba.sp.gov.br\/noticias\/fussp-recebe-mais-de-1-tonelada-de-alimentos-arrecadados-na-12a-festa-da-batata\/\" rel=\"noopener\">Informa\u00e7\u00f5es PMP <\/a><\/p>\n","protected":false},"excerpt":{"rendered":"<p>Andr\u00e9a Almeida, presidente do Fussp, ao lado de Marcus Infor\u00e7ato, diretor da AAEPE e Lucilene Infor\u00e7ato, representante da institui\u00e7\u00e3o O Fundo Social de Solidariedade de Piracicaba (Fussp) recebeu a doa\u00e7\u00e3o de mais de uma tonelada de alimentos arrecadados na 12\u00aa Festa da Batata, promovida pela Associa\u00e7\u00e3o Atl\u00e9tica Educando pelo Esporte (AAEPE). Os 1.110 kg, entre [&hellip;]<\/p>\n","protected":false},"author":1,"featured_media":562,"comment_status":"open","ping_status":"open","sticky":false,"template":"","format":"standard","meta":{"_jetpack_newsletter_access":"","_jetpack_dont_email_post_to_subs":false,"_jetpack_newsletter_tier_id":0,"_jetpack_memberships_contains_paywalled_content":false,"_mbp_banners":[],"_jetpack_feature_clip_id":0,"_jetpack_memberships_contains_paid_content":false,"footnotes":"","jetpack_publicize_message":"","jetpack_publicize_feature_enabled":true,"jetpack_social_post_already_shared":true,"jetpack_social_options":{"image_generator_settings":{"template":"highway","default_image_id":0,"font":"","enabled":false},"version":2},"jetpack_post_was_ever_published":false},"categories":[20],"tags":[],"class_list":["post-561","post","type-post","status-publish","format-standard","has-post-thumbnail","category-regiao"],"jetpack_publicize_connections":[],"jetpack-related-posts":[],"jetpack_shortlink":"https:\/\/wp.me\/p7Eq1F-93","jetpack_sharing_enabled":true,"jetpack_featured_media_url":"https:\/\/i0.wp.com\/guialimeira.com.br\/news\/wp-content\/uploads\/2024\/03\/Andrea-Almeida-presidente-do-Fussp-ao-lado-de-Marcus-Inforcato-diretor-da-AAEPE-e-Lucilene-Inforcato-representante-da-instituicao-scaled.jpg?fit=2560%2C1707&ssl=1","_links":{"self":[{"href":"https:\/\/guialimeira.com.br\/news\/wp-json\/wp\/v2\/posts\/561","targetHints":{"allow":["GET"]}}],"collection":[{"href":"https:\/\/guialimeira.com.br\/news\/wp-json\/wp\/v2\/posts"}],"about":[{"href":"https:\/\/guialimeira.com.br\/news\/wp-json\/wp\/v2\/types\/post"}],"author":[{"embeddable":true,"href":"https:\/\/guialimeira.com.br\/news\/wp-json\/wp\/v2\/users\/1"}],"replies":[{"embeddable":true,"href":"https:\/\/guialimeira.com.br\/news\/wp-json\/wp\/v2\/comments?post=561"}],"version-history":[{"count":0,"href":"https:\/\/guialimeira.com.br\/news\/wp-json\/wp\/v2\/posts\/561\/revisions"}],"wp:featuredmedia":[{"embeddable":true,"href":"https:\/\/guialimeira.com.br\/news\/wp-json\/wp\/v2\/media\/562"}],"wp:attachment":[{"href":"https:\/\/guialimeira.com.br\/news\/wp-json\/wp\/v2\/media?parent=561"}],"wp:term":[{"taxonomy":"category","embeddable":true,"href":"https:\/\/guialimeira.com.br\/news\/wp-json\/wp\/v2\/categories?post=561"},{"taxonomy":"post_tag","embeddable":true,"href":"https:\/\/guialimeira.com.br\/news\/wp-json\/wp\/v2\/tags?post=561"}],"curies":[{"name":"wp","href":"https:\/\/api.w.org\/{rel}","templated":true}]}}