{"id":5605,"date":"2024-05-20T10:12:48","date_gmt":"2024-05-20T13:12:48","guid":{"rendered":"https:\/\/guialimeira.com.br\/2024\/05\/20\/fosseis-de-preguica-gigante-em-perfeito-estado-sao-catalogados-em-sp\/"},"modified":"2024-05-20T10:12:48","modified_gmt":"2024-05-20T13:12:48","slug":"fosseis-de-preguica-gigante-em-perfeito-estado-sao-catalogados-em-sp","status":"publish","type":"post","link":"https:\/\/guialimeira.com.br\/news\/fosseis-de-preguica-gigante-em-perfeito-estado-sao-catalogados-em-sp\/","title":{"rendered":"F\u00f3sseis de pregui\u00e7a-gigante em perfeito estado s\u00e3o catalogados em SP"},"content":{"rendered":"<p> <br \/>\n<\/p>\n<div>\n<p>Apesar de n\u00e3o ter sido feita a data\u00e7\u00e3o de carbono-14 para saber a idade geol\u00f3gica do material, esse\u00a0<i>Nothrotherium sp<\/i>.\u00a0provavelmente viveu entre o Pleistoceno e o Holoceno (de 11 mil anos atr\u00e1s at\u00e9 o presente). Era um jovem adulto robusto, que tinha em m\u00e9dia 2 metros de altura.<\/p>\n<p>Tamb\u00e9m no Abismo Ponta de Flecha, foram encontrados f\u00f3sseis de um\u00a0<i>Eremotherium,\u00a0<\/i>outra esp\u00e9cie de pregui\u00e7a-gigante terrestre, que tem cerca de 4 metros de altura. O material analisado foi um calc\u00e2neo (calcanhar) de um indiv\u00edduo em fase de crescimento; o artigo foi aprovado e aguarda publica\u00e7\u00e3o.<\/p>\n<p>Todas essas esp\u00e9cies de pregui\u00e7as-gigantes (<i>Catonyx<\/i>,\u00a0<i>Nothrotherium<\/i>\u00a0e\u00a0<i>Eremotherium<\/i>) n\u00e3o eram arbor\u00edcolas, como as pregui\u00e7as que conhecemos hoje. \u00c9 poss\u00edvel determinar isso pelos tamanhos, improv\u00e1veis de se manterem em cima de \u00e1rvores por muito tempo.<\/p>\n<p>A partir desse material etiol\u00f3gico dos animais que viveram no passado \u00e9 poss\u00edvel pensar como era a fauna do ambiente onde eles viviam. \u201cA implica\u00e7\u00e3o que tiramos dos materiais \u00e9 que \u00e9 invi\u00e1vel um animal desse vivendo em uma floresta densa, o que \u00e9 t\u00edpico de animais muito grandes\u201d, resume Gabriella.<\/p>\n<div class=\"elementor-element elementor-element-3718b95 elementor-widget elementor-widget-heading\" data-id=\"3718b95\" data-element_type=\"widget\" data-widget_type=\"heading.default\">\n<div class=\"elementor-widget-container\">\n<figure id=\"attachment_5885918\" style=\"width: 100%;max-width: 1200px\" class=\"wp-caption alignnone\"><img data-recalc-dims=\"1\" decoding=\"async\" loading=\"lazy\" class=\"wp-image-5885918 size-full\" src=\"https:\/\/i0.wp.com\/www.saopaulo.sp.gov.br\/wp-content\/uploads\/2024\/05\/20240515_preguica-gigante.jpg?resize=696%2C365&#038;ssl=1\" alt=\"\" width=\"696\" height=\"365\" srcset=\"https:\/\/www.saopaulo.sp.gov.br\/wp-content\/uploads\/2024\/05\/20240515_preguica-gigante.jpg 1200w, https:\/\/www.saopaulo.sp.gov.br\/wp-content\/uploads\/2024\/05\/20240515_preguica-gigante-300x158.jpg 300w, https:\/\/www.saopaulo.sp.gov.br\/wp-content\/uploads\/2024\/05\/20240515_preguica-gigante-1024x538.jpg 1024w, https:\/\/www.saopaulo.sp.gov.br\/wp-content\/uploads\/2024\/05\/20240515_preguica-gigante-768x403.jpg 768w\" sizes=\"auto, (max-width: 1200px) 100vw, 1200px\"\/><figcaption class=\"wp-caption-text\">Concep\u00e7\u00e3o art\u00edstica da Eremotherium laurillardi, pregui\u00e7a-gigante que viveu nas Am\u00e9ricas h\u00e1 at\u00e9 cerca de 12 mil anos<\/figcaption><\/figure>\n<p class=\"elementor-heading-title elementor-size-default\"><strong>Os acervos<\/strong><\/p>\n<\/div>\n<\/div>\n<div class=\"elementor-element elementor-element-1c7bfb6 elementor-widget elementor-widget-text-editor\" data-id=\"1c7bfb6\" data-element_type=\"widget\" data-widget_type=\"text-editor.default\">\n<div class=\"elementor-widget-container\">\n<p>O laborat\u00f3rio trabalha com materiais de acervo, pe\u00e7as que foram encontradas em expedi\u00e7\u00f5es e aguardam pesquisadores especializados para analisar as esp\u00e9cies e fazer a data\u00e7\u00e3o.<\/p>\n<p>Para Artur Chahud, \u201csem elas [as cole\u00e7\u00f5es], n\u00e3o fazemos nada\u201d. Apesar de serem materiais recolhidos no passado, eles ainda t\u00eam import\u00e2ncia no presente, como \u00e9 o caso da ossada do\u00a0<i>Nothrotherium\u00a0<\/i>que estava esperando h\u00e1 40 anos.<\/p>\n<p>\u201cMuita gente pensa que museu \u00e9 um dep\u00f3sito de \u2018coisa velha que n\u00e3o serve para nada\u2019, mas essas cole\u00e7\u00f5es podem e devem ser estudadas, sob diferentes abordagens, e podem servir para criar conhecimento novo\u201d, diz a professora\u00a0Mercedes Okumura.<\/p>\n<\/div>\n<\/div>\n<p>Siga o canal \u201cGoverno de S\u00e3o Paulo\u201d no WhatsApp:<br \/><a href=\"https:\/\/bit.ly\/govspnozap\" target=\"_blank\" rel=\"noopener noreferrer\">https:\/\/bit.ly\/govspnozap<\/a><\/p>\n<\/div>\n<p><br \/>\n<br \/><a href=\"https:\/\/www.saopaulo.sp.gov.br\/spnoticias\/ultimas-noticias\/fosseis-de-preguica-gigante-em-perfeito-estado-sao-catalogados-em-sao-paulo\/\" rel=\"noopener\">Informa\u00e7\u00f5es GOV.SP<\/a><\/p>\n","protected":false},"excerpt":{"rendered":"<p>Apesar de n\u00e3o ter sido feita a data\u00e7\u00e3o de carbono-14 para saber a idade geol\u00f3gica do material, esse\u00a0Nothrotherium sp.\u00a0provavelmente viveu entre o Pleistoceno e o Holoceno (de 11 mil anos atr\u00e1s at\u00e9 o presente). Era um jovem adulto robusto, que tinha em m\u00e9dia 2 metros de altura. Tamb\u00e9m no Abismo Ponta de Flecha, foram encontrados [&hellip;]<\/p>\n","protected":false},"author":1,"featured_media":5606,"comment_status":"open","ping_status":"open","sticky":false,"template":"","format":"standard","meta":{"_jetpack_newsletter_access":"","_jetpack_dont_email_post_to_subs":false,"_jetpack_newsletter_tier_id":0,"_jetpack_memberships_contains_paywalled_content":false,"_mbp_banners":[],"_jetpack_feature_clip_id":0,"_jetpack_memberships_contains_paid_content":false,"footnotes":"","jetpack_publicize_message":"","jetpack_publicize_feature_enabled":true,"jetpack_social_post_already_shared":true,"jetpack_social_options":{"image_generator_settings":{"template":"highway","default_image_id":0,"font":"","enabled":false},"version":2},"jetpack_post_was_ever_published":false},"categories":[21],"tags":[],"class_list":["post-5605","post","type-post","status-publish","format-standard","has-post-thumbnail","category-sp-news"],"jetpack_publicize_connections":[],"jetpack-related-posts":[],"jetpack_shortlink":"https:\/\/wp.me\/p7Eq1F-1sp","jetpack_sharing_enabled":true,"jetpack_featured_media_url":"https:\/\/i0.wp.com\/guialimeira.com.br\/news\/wp-content\/uploads\/2024\/05\/Fosseis-de-preguica-gigante-em-perfeito-estado-sao-catalogados-em-SP.jpg?fit=1200%2C630&ssl=1","_links":{"self":[{"href":"https:\/\/guialimeira.com.br\/news\/wp-json\/wp\/v2\/posts\/5605","targetHints":{"allow":["GET"]}}],"collection":[{"href":"https:\/\/guialimeira.com.br\/news\/wp-json\/wp\/v2\/posts"}],"about":[{"href":"https:\/\/guialimeira.com.br\/news\/wp-json\/wp\/v2\/types\/post"}],"author":[{"embeddable":true,"href":"https:\/\/guialimeira.com.br\/news\/wp-json\/wp\/v2\/users\/1"}],"replies":[{"embeddable":true,"href":"https:\/\/guialimeira.com.br\/news\/wp-json\/wp\/v2\/comments?post=5605"}],"version-history":[{"count":0,"href":"https:\/\/guialimeira.com.br\/news\/wp-json\/wp\/v2\/posts\/5605\/revisions"}],"wp:featuredmedia":[{"embeddable":true,"href":"https:\/\/guialimeira.com.br\/news\/wp-json\/wp\/v2\/media\/5606"}],"wp:attachment":[{"href":"https:\/\/guialimeira.com.br\/news\/wp-json\/wp\/v2\/media?parent=5605"}],"wp:term":[{"taxonomy":"category","embeddable":true,"href":"https:\/\/guialimeira.com.br\/news\/wp-json\/wp\/v2\/categories?post=5605"},{"taxonomy":"post_tag","embeddable":true,"href":"https:\/\/guialimeira.com.br\/news\/wp-json\/wp\/v2\/tags?post=5605"}],"curies":[{"name":"wp","href":"https:\/\/api.w.org\/{rel}","templated":true}]}}