{"id":5600,"date":"2024-05-20T08:10:48","date_gmt":"2024-05-20T11:10:48","guid":{"rendered":"https:\/\/guialimeira.com.br\/2024\/05\/20\/sp-tem-processo-seletivo-para-mais-de-250-vagas-na-capital-e-regiao-metropolitana\/"},"modified":"2024-05-20T08:10:48","modified_gmt":"2024-05-20T11:10:48","slug":"sp-tem-processo-seletivo-para-mais-de-250-vagas-na-capital-e-regiao-metropolitana","status":"publish","type":"post","link":"https:\/\/guialimeira.com.br\/news\/sp-tem-processo-seletivo-para-mais-de-250-vagas-na-capital-e-regiao-metropolitana\/","title":{"rendered":"SP tem processo seletivo para mais de 250 vagas na capital e regi\u00e3o metropolitana"},"content":{"rendered":"<p> <br \/>\n<\/p>\n<div id=\"\">&#13;<br \/>\n                                <!-- Title -->&#13;<br \/>\n                                &#13;<br \/>\n&#13;<br \/>\n                                <!-- Excerpt -->&#13;<\/p>\n<p class=\"excerpt\">Oportunidades v\u00e3o do n\u00edvel fundamental ao t\u00e9cnico; interessados devem se candidatar entre os dias 20 e 23&#13;\n<\/p>\n<p>&#13;<br \/>\n&#13;<br \/>\n                                &#13;\n                            <\/p><\/div>\n<div id=\"\">&#13;<\/p>\n<p>A Secretaria de Desenvolvimento Econ\u00f4mico (SDE), por meio do Posto de Atendimento ao Trabalhador (PAT), realizar\u00e1 um processo seletivo para 265 vagas entre esta segunda (20) e quinta-feira (23). A sele\u00e7\u00e3o ser\u00e1 realizada na unidade de Ferraz de Vasconcelos, na regi\u00e3o metropolitana de S\u00e3o Paulo.<\/p>\n<p>As vagas s\u00e3o para candidatos com n\u00edvel fundamental ao t\u00e9cnico, para atuar em empresas de sa\u00fade, log\u00edstica, limpeza e em uma rede atacadista, localizadas na capital, Itaquaquecetuba e em Ferraz de Vasconcelos. Entre as oportunidades, est\u00e3o: atendente, recepcionista, auxiliar administrativo, auxiliar de limpeza, operador de caixa, repositor, entre outras. Os sal\u00e1rios variam de R$ 995,04 a R$ R$ 2.603,00.<\/p>\n<p>A sele\u00e7\u00e3o acontecer\u00e1 dentro do Centro de Integra\u00e7\u00e3o da Cidadania (CIC) de Ferraz de Vasconcelos, da Secretaria de Justi\u00e7a e Cidadania, localizado na Avenida Governador J\u00e2nio Quadros, 967. Para participar, os interessados devem comparecer em uma das datas e hor\u00e1rios abaixo, levando os documentos: RG, CPF, comprovante de resid\u00eancia, curr\u00edculo impresso e Carteira de Trabalho (f\u00edsica ou digital).<\/p>\n<p><strong>Sobre a SDE<\/strong><\/p>\n<p>A Secretaria de Desenvolvimento Econ\u00f4mico (SDE), pasta do Governo do Estado de S\u00e3o Paulo, exerce papel fundamental para a reindustrializa\u00e7\u00e3o e atra\u00e7\u00e3o de investimentos com foco na gera\u00e7\u00e3o de emprego, renda e desenvolvimento regional. Al\u00e9m disso, conta com programas de capacita\u00e7\u00e3o profissional, a\u00e7\u00f5es de fomento ao empreendedorismo, que incluem linhas de microcr\u00e9dito do Banco do Povo. Tem como institui\u00e7\u00f5es vinculadas a InvestSP, a Desenvolve SP e a Junta Comercial do Estado de S\u00e3o Paulo (Jucesp).<\/p>\n<p>Siga o canal \u201cGoverno de S\u00e3o Paulo\u201d no WhatsApp:<br \/><a href=\"https:\/\/bit.ly\/govspnozap\" target=\"_blank\" rel=\"noopener noreferrer\">https:\/\/bit.ly\/govspnozap<\/a><\/p>\n<\/p><\/div>\n<p><br \/>\n<br \/><a href=\"https:\/\/www.saopaulo.sp.gov.br\/spnoticias\/ultimas-noticias\/sp-tem-processo-seletivo-para-mais-de-250-vagas-na-capital-e-regiao-metropolitana\/\" rel=\"noopener\">Informa\u00e7\u00f5es GOV.SP<\/a><\/p>\n","protected":false},"excerpt":{"rendered":"<p>&#13; &#13; &#13; &#13; &#13; Oportunidades v\u00e3o do n\u00edvel fundamental ao t\u00e9cnico; interessados devem se candidatar entre os dias 20 e 23&#13; &#13; &#13; &#13; &#13; A Secretaria de Desenvolvimento Econ\u00f4mico (SDE), por meio do Posto de Atendimento ao Trabalhador (PAT), realizar\u00e1 um processo seletivo para 265 vagas entre esta segunda (20) e quinta-feira (23). [&hellip;]<\/p>\n","protected":false},"author":1,"featured_media":238,"comment_status":"open","ping_status":"open","sticky":false,"template":"","format":"standard","meta":{"_jetpack_newsletter_access":"","_jetpack_dont_email_post_to_subs":false,"_jetpack_newsletter_tier_id":0,"_jetpack_memberships_contains_paywalled_content":false,"_mbp_banners":[],"_jetpack_feature_clip_id":0,"_jetpack_memberships_contains_paid_content":false,"footnotes":"","jetpack_publicize_message":"","jetpack_publicize_feature_enabled":true,"jetpack_social_post_already_shared":true,"jetpack_social_options":{"image_generator_settings":{"template":"highway","default_image_id":0,"font":"","enabled":false},"version":2},"jetpack_post_was_ever_published":false},"categories":[21],"tags":[],"class_list":["post-5600","post","type-post","status-publish","format-standard","has-post-thumbnail","category-sp-news"],"jetpack_publicize_connections":[],"jetpack-related-posts":[],"jetpack_shortlink":"https:\/\/wp.me\/p7Eq1F-1sk","jetpack_sharing_enabled":true,"jetpack_featured_media_url":"https:\/\/i0.wp.com\/guialimeira.com.br\/news\/wp-content\/uploads\/2024\/03\/cover.png?fit=650%2C650&ssl=1","_links":{"self":[{"href":"https:\/\/guialimeira.com.br\/news\/wp-json\/wp\/v2\/posts\/5600","targetHints":{"allow":["GET"]}}],"collection":[{"href":"https:\/\/guialimeira.com.br\/news\/wp-json\/wp\/v2\/posts"}],"about":[{"href":"https:\/\/guialimeira.com.br\/news\/wp-json\/wp\/v2\/types\/post"}],"author":[{"embeddable":true,"href":"https:\/\/guialimeira.com.br\/news\/wp-json\/wp\/v2\/users\/1"}],"replies":[{"embeddable":true,"href":"https:\/\/guialimeira.com.br\/news\/wp-json\/wp\/v2\/comments?post=5600"}],"version-history":[{"count":0,"href":"https:\/\/guialimeira.com.br\/news\/wp-json\/wp\/v2\/posts\/5600\/revisions"}],"wp:featuredmedia":[{"embeddable":true,"href":"https:\/\/guialimeira.com.br\/news\/wp-json\/wp\/v2\/media\/238"}],"wp:attachment":[{"href":"https:\/\/guialimeira.com.br\/news\/wp-json\/wp\/v2\/media?parent=5600"}],"wp:term":[{"taxonomy":"category","embeddable":true,"href":"https:\/\/guialimeira.com.br\/news\/wp-json\/wp\/v2\/categories?post=5600"},{"taxonomy":"post_tag","embeddable":true,"href":"https:\/\/guialimeira.com.br\/news\/wp-json\/wp\/v2\/tags?post=5600"}],"curies":[{"name":"wp","href":"https:\/\/api.w.org\/{rel}","templated":true}]}}