{"id":559,"date":"2024-03-30T11:10:45","date_gmt":"2024-03-30T14:10:45","guid":{"rendered":"https:\/\/guialimeira.com.br\/2024\/03\/30\/revitalizacao-da-avenida-pedro-cosenza\/"},"modified":"2024-03-30T11:10:45","modified_gmt":"2024-03-30T14:10:45","slug":"revitalizacao-da-avenida-pedro-cosenza","status":"publish","type":"post","link":"https:\/\/guialimeira.com.br\/news\/revitalizacao-da-avenida-pedro-cosenza\/","title":{"rendered":"Revitaliza\u00e7\u00e3o da Avenida Pedro Cosenza&#8230;"},"content":{"rendered":"<p> <br \/>\n<br \/><img data-recalc-dims=\"1\" decoding=\"async\" src=\"https:\/\/i0.wp.com\/www.iracemapolis.sp.gov.br\/fotos\/8bce74c5d70cda1b37039dc15437a79f.jpg?w=696&#038;ssl=1\" \/><\/p>\n<div>\n<p>O evento que marcou a inaugura\u00e7\u00e3o oficial da revitaliza\u00e7\u00e3o da avenida Pedro Cosenza aconteceu na noite de ontem, dia 20, na pr\u00f3pria avenida. Estiveram presentes autoridades e mun\u00edcipes para o descerramento da placa que registra a obra realizada.<\/p>\n<p>As obras que fizeram parte da revitaliza\u00e7\u00e3o da avenida Pedro Cosenza, que \u00e9 a principal avenida da cidade, inclu\u00edram a instala\u00e7\u00e3o de novos postes de luz, a troca de postes e hastes de luz dos postes j\u00e1 existentes e a constru\u00e7\u00e3o de novas rampas de acesso, permitindo uma maior acessibilidade do local.<\/p>\n<p>Foram instaladas ainda novas lixeiras duplas com capacidade de 60L para melhorar a limpeza. A obra contou com o apoio de uma emenda de cerca de R$500 mil do Deputado Alex Manente, conquistada por interm\u00e9dio do vereador Jean Ferreira. O evento contou com a presen\u00e7a da prefeita Nelita Michel, do vice-prefeito Chic\u00e3o Rossetti e os vereadores Ralf Silva, Br\u00e1ulio Rossetti, Claudinho Cosenza, Jean Ferreira, Vitor Michel e William Mantz.<\/p>\n<p>\u201cFicamos muito felizes de poder entregar essa obra que mostra que quando temos um objetivo em comum, todos podemos auxiliar a termos uma cidade melhor. Agrade\u00e7o a C\u00e2mara pelo apoio e ao vereador Jean pela verba conquistada\u201d, destacou Nelita.<\/p>\n<p>O vereador Jean agradeceu a todos que contribu\u00edram para o projeto. \u201cAgrade\u00e7o ao Deputado Alex Manente, a prefeita Nelita e a equipe da prefeitura que contribu\u00edram com a contrapartida e com o projeto. \u00c9 assim que seguiremos trabalhando, com responsabilidade e com uni\u00e3o\u201d, destacou.<\/p>\n<\/p><\/div>\n<p><br \/>\n<br \/><a href=\"https:\/\/www.iracemapolis.sp.gov.br\/portal\/noticias\/0\/3\/2111\/revitalizacao-da-avenida-pedro-cosenza-e-entregue-em-evento\/\" rel=\"noopener\">Informa\u00e7\u00f5es PMI<\/a><\/p>\n","protected":false},"excerpt":{"rendered":"<p>O evento que marcou a inaugura\u00e7\u00e3o oficial da revitaliza\u00e7\u00e3o da avenida Pedro Cosenza aconteceu na noite de ontem, dia 20, na pr\u00f3pria avenida. Estiveram presentes autoridades e mun\u00edcipes para o descerramento da placa que registra a obra realizada. As obras que fizeram parte da revitaliza\u00e7\u00e3o da avenida Pedro Cosenza, que \u00e9 a principal avenida da [&hellip;]<\/p>\n","protected":false},"author":1,"featured_media":560,"comment_status":"open","ping_status":"open","sticky":false,"template":"","format":"standard","meta":{"_jetpack_newsletter_access":"","_jetpack_dont_email_post_to_subs":false,"_jetpack_newsletter_tier_id":0,"_jetpack_memberships_contains_paywalled_content":false,"_mbp_banners":[],"_jetpack_feature_clip_id":0,"_jetpack_memberships_contains_paid_content":false,"footnotes":"","jetpack_publicize_message":"","jetpack_publicize_feature_enabled":true,"jetpack_social_post_already_shared":true,"jetpack_social_options":{"image_generator_settings":{"template":"highway","default_image_id":0,"font":"","enabled":false},"version":2},"jetpack_post_was_ever_published":false},"categories":[20],"tags":[],"class_list":["post-559","post","type-post","status-publish","format-standard","has-post-thumbnail","category-regiao"],"jetpack_publicize_connections":[],"jetpack-related-posts":[],"jetpack_shortlink":"https:\/\/wp.me\/p7Eq1F-91","jetpack_sharing_enabled":true,"jetpack_featured_media_url":"https:\/\/i0.wp.com\/guialimeira.com.br\/news\/wp-content\/uploads\/2024\/03\/8bce74c5d70cda1b37039dc15437a79f.jpg?fit=800%2C720&ssl=1","_links":{"self":[{"href":"https:\/\/guialimeira.com.br\/news\/wp-json\/wp\/v2\/posts\/559","targetHints":{"allow":["GET"]}}],"collection":[{"href":"https:\/\/guialimeira.com.br\/news\/wp-json\/wp\/v2\/posts"}],"about":[{"href":"https:\/\/guialimeira.com.br\/news\/wp-json\/wp\/v2\/types\/post"}],"author":[{"embeddable":true,"href":"https:\/\/guialimeira.com.br\/news\/wp-json\/wp\/v2\/users\/1"}],"replies":[{"embeddable":true,"href":"https:\/\/guialimeira.com.br\/news\/wp-json\/wp\/v2\/comments?post=559"}],"version-history":[{"count":0,"href":"https:\/\/guialimeira.com.br\/news\/wp-json\/wp\/v2\/posts\/559\/revisions"}],"wp:featuredmedia":[{"embeddable":true,"href":"https:\/\/guialimeira.com.br\/news\/wp-json\/wp\/v2\/media\/560"}],"wp:attachment":[{"href":"https:\/\/guialimeira.com.br\/news\/wp-json\/wp\/v2\/media?parent=559"}],"wp:term":[{"taxonomy":"category","embeddable":true,"href":"https:\/\/guialimeira.com.br\/news\/wp-json\/wp\/v2\/categories?post=559"},{"taxonomy":"post_tag","embeddable":true,"href":"https:\/\/guialimeira.com.br\/news\/wp-json\/wp\/v2\/tags?post=559"}],"curies":[{"name":"wp","href":"https:\/\/api.w.org\/{rel}","templated":true}]}}