{"id":55893,"date":"2026-02-20T11:46:47","date_gmt":"2026-02-20T14:46:47","guid":{"rendered":"https:\/\/guialimeira.com.br\/?p=55893"},"modified":"2026-02-20T11:46:47","modified_gmt":"2026-02-20T14:46:47","slug":"festival-de-ferias-leva-sertanejo-ao-engenho-velho-e-pagode-ao-jardim-cordeiro-prefeitura-municipal-de-cordeiropolis","status":"publish","type":"post","link":"https:\/\/guialimeira.com.br\/news\/festival-de-ferias-leva-sertanejo-ao-engenho-velho-e-pagode-ao-jardim-cordeiro-prefeitura-municipal-de-cordeiropolis\/","title":{"rendered":"Festival de F\u00e9rias leva sertanejo ao Engenho Velho e pagode ao Jardim Cordeiro \u2013 Prefeitura Municipal de Cordeir\u00f3polis"},"content":{"rendered":"<p> <br \/>\n<\/p>\n<div>\n<p>A programa\u00e7\u00e3o do Festival de F\u00e9rias continua a movimentar os bairros de Cordeir\u00f3polis neste fim de semana, gratuitamente. No s\u00e1bado (21), o Engenho Velho recebe o Bail\u00e3o Sertanejo, a partir das 18h, na Rua Maranh\u00e3o. Sobem ao palco Teniel Sathler, \u00e0s 18h, e Enoch Rodrigues, \u00e0s 19h30.<\/p>\n<p>J\u00e1 no domingo (22), tamb\u00e9m a partir das 18h, \u00e9 a vez do Pagode no Jardim Cordeiro, com apresenta\u00e7\u00e3o do grupo Batucada Boa. O evento ser\u00e1 realizado na Pra\u00e7a de Esportes do Jardim Cordeiro, na esquina das ruas Ulisses Gardezani e Zulmiro Garcia da Cunha.<\/p>\n<p>Al\u00e9m dos shows, os eventos ter\u00e3o brinquedos infl\u00e1veis, pipoca e algod\u00e3o doce. \u201cAs a\u00e7\u00f5es fazem parte do Festival de F\u00e9rias, que tem o objetivo de descentralizar a programa\u00e7\u00e3o cultural e levar lazer aos bairros da cidade. J\u00e1 atendemos quase todas as regi\u00f5es da nossa cidade\u201d, afirmou a prefeita Cristina Saad.<\/p>\n<\/p><\/div>\n<p><br \/>\n<br \/><a href=\"https:\/\/www.cordeiropolis.sp.gov.br\/festival-de-ferias-leva-sertanejo-ao-engenho-velho-e-pagode-ao-jardim-cordeiro\/\" rel=\"noopener\">Informa\u00e7\u00f5es Cordeir\u00f3polis <\/a><\/p>\n","protected":false},"excerpt":{"rendered":"<p>A programa\u00e7\u00e3o do Festival de F\u00e9rias continua a movimentar os bairros de Cordeir\u00f3polis neste fim de semana, gratuitamente. No s\u00e1bado (21), o Engenho Velho recebe o Bail\u00e3o Sertanejo, a partir das 18h, na Rua Maranh\u00e3o. Sobem ao palco Teniel Sathler, \u00e0s 18h, e Enoch Rodrigues, \u00e0s 19h30. J\u00e1 no domingo (22), tamb\u00e9m a partir das [&hellip;]<\/p>\n","protected":false},"author":1,"featured_media":0,"comment_status":"closed","ping_status":"open","sticky":false,"template":"","format":"standard","meta":{"_jetpack_newsletter_access":"","_jetpack_dont_email_post_to_subs":false,"_jetpack_newsletter_tier_id":0,"_jetpack_memberships_contains_paywalled_content":false,"_mbp_banners":[],"_jetpack_feature_clip_id":0,"_jetpack_memberships_contains_paid_content":false,"footnotes":"","jetpack_publicize_message":"","jetpack_publicize_feature_enabled":true,"jetpack_social_post_already_shared":true,"jetpack_social_options":{"image_generator_settings":{"template":"highway","default_image_id":0,"font":"","enabled":false},"version":2},"jetpack_post_was_ever_published":false},"categories":[20],"tags":[],"class_list":["post-55893","post","type-post","status-publish","format-standard","category-regiao"],"jetpack_publicize_connections":[],"jetpack-related-posts":[],"jetpack_shortlink":"https:\/\/wp.me\/p7Eq1F-exv","jetpack_sharing_enabled":true,"jetpack_featured_media_url":"","_links":{"self":[{"href":"https:\/\/guialimeira.com.br\/news\/wp-json\/wp\/v2\/posts\/55893","targetHints":{"allow":["GET"]}}],"collection":[{"href":"https:\/\/guialimeira.com.br\/news\/wp-json\/wp\/v2\/posts"}],"about":[{"href":"https:\/\/guialimeira.com.br\/news\/wp-json\/wp\/v2\/types\/post"}],"author":[{"embeddable":true,"href":"https:\/\/guialimeira.com.br\/news\/wp-json\/wp\/v2\/users\/1"}],"replies":[{"embeddable":true,"href":"https:\/\/guialimeira.com.br\/news\/wp-json\/wp\/v2\/comments?post=55893"}],"version-history":[{"count":1,"href":"https:\/\/guialimeira.com.br\/news\/wp-json\/wp\/v2\/posts\/55893\/revisions"}],"predecessor-version":[{"id":55894,"href":"https:\/\/guialimeira.com.br\/news\/wp-json\/wp\/v2\/posts\/55893\/revisions\/55894"}],"wp:attachment":[{"href":"https:\/\/guialimeira.com.br\/news\/wp-json\/wp\/v2\/media?parent=55893"}],"wp:term":[{"taxonomy":"category","embeddable":true,"href":"https:\/\/guialimeira.com.br\/news\/wp-json\/wp\/v2\/categories?post=55893"},{"taxonomy":"post_tag","embeddable":true,"href":"https:\/\/guialimeira.com.br\/news\/wp-json\/wp\/v2\/tags?post=55893"}],"curies":[{"name":"wp","href":"https:\/\/api.w.org\/{rel}","templated":true}]}}