{"id":55800,"date":"2026-02-19T18:27:59","date_gmt":"2026-02-19T21:27:59","guid":{"rendered":"https:\/\/guialimeira.com.br\/?p=55800"},"modified":"2026-02-19T18:27:59","modified_gmt":"2026-02-19T21:27:59","slug":"criancas-da-rede-municipal-retornam-as-aulas-e-recebem-novos-uniformes-prefeitura-municipal-de-cordeiropolis","status":"publish","type":"post","link":"https:\/\/guialimeira.com.br\/news\/criancas-da-rede-municipal-retornam-as-aulas-e-recebem-novos-uniformes-prefeitura-municipal-de-cordeiropolis\/","title":{"rendered":"Crian\u00e7as da rede municipal retornam \u00e0s aulas e recebem novos uniformes \u2013 Prefeitura Municipal de Cordeir\u00f3polis"},"content":{"rendered":"<p> <br \/>\n<\/p>\n<div>\n<p>Os 3.558 alunos da rede municipal de ensino, infantil e fundamental, retornaram \u00e0s aulas nesta quinta-feira (19). A prefeita Cristina Saad e a secret\u00e1ria de Educa\u00e7\u00e3o, Regiani Dias, acompanharam o in\u00edcio das aulas na Emef Maria Nazareth Stocco Lordello e no CEI Martha Salibe Abrah\u00e3o. Elas entregaram os novos uniformes e materiais escolares \u00e0s crian\u00e7as.<\/p>\n<p>\u201cA entrega dos uniformes no primeiro dia de aula dos nossos alunos \u00e9 a realiza\u00e7\u00e3o de um compromisso que fizemos l\u00e1 atr\u00e1s com todos os pais. Foi lindo ver as crian\u00e7as uniformizadas e prontas para mais um ano letivo. Tenho certeza que, com o empenho dos nossos professores, 2026 ser\u00e1 um ano de grandes avan\u00e7os\u201d, afirmou a prefeita Cristina Saad.<\/p>\n<p><strong>Reformas<\/strong><\/p>\n<p>Os CEIs Lilia In\u00eas Thirion Vitte e Milton Antonio Vitte recebem os \u00faltimos servi\u00e7os das recentes reformas realizadas pela Secretaria de Educa\u00e7\u00e3o. O Lilia ganhou salas reformadas e um novo banheiro. J\u00e1 o CEI Milton teve todo o telhado trocado, ap\u00f3s problemas estruturais identificados no in\u00edcio de 2025. Ambas as unidades receberam os alunos normalmente nesta quinta.<\/p>\n<p>\u201cTemos o planejamento de revitalizar outras unidades escolares, seguindo nosso objetivo de trazer mais qualidade no atendimento \u00e0s nossas crian\u00e7as e tamb\u00e9m para que os profissionais trabalhem em ambientes adequados e seguros. \u00c9 investir na educa\u00e7\u00e3o da maneira correta e com responsabilidade\u201d, destacou a secret\u00e1ria de Educa\u00e7\u00e3o.<\/p>\n<figure class=\"wp-block-gallery has-nested-images columns-default is-cropped wp-block-gallery-1 is-layout-flex wp-block-gallery-is-layout-flex\">\n<figure class=\"wp-block-image size-large\"><\/figure>\n<figure class=\"wp-block-image size-large\"><img data-recalc-dims=\"1\" decoding=\"async\" loading=\"lazy\" width=\"696\" height=\"392\" data-id=\"32211\" src=\"https:\/\/i0.wp.com\/guialimeira.com.br\/wp-content\/uploads\/2026\/02\/1771536478_611_Criancas-da-rede-municipal-retornam-as-aulas-e-recebem-novos.jpeg?resize=696%2C392&#038;ssl=1\" alt=\"\" class=\"wp-image-32211\" \/><\/figure>\n<figure class=\"wp-block-image size-large\"><img data-recalc-dims=\"1\" decoding=\"async\" loading=\"lazy\" width=\"696\" height=\"522\" data-id=\"32212\" src=\"https:\/\/i0.wp.com\/guialimeira.com.br\/wp-content\/uploads\/2026\/02\/1771536478_153_Criancas-da-rede-municipal-retornam-as-aulas-e-recebem-novos.jpeg?resize=696%2C522&#038;ssl=1\" alt=\"\" class=\"wp-image-32212\" \/><\/figure>\n<figure class=\"wp-block-image size-large\"><img data-recalc-dims=\"1\" decoding=\"async\" data-attachment-id=\"32213\" data-permalink=\"https:\/\/guialimeira.com.br\/news\/tv-brasil-resgata-show-exclusivo-no-acervo-para-homenagear-nana-caymmi\/image_1-jpg-2\/\" data-orig-file=\"https:\/\/i0.wp.com\/guialimeira.com.br\/news\/wp-content\/uploads\/2025\/05\/image_1.jpg?fit=1600%2C800&amp;ssl=1\" data-orig-size=\"1600,800\" data-comments-opened=\"1\" data-image-meta=\"{&quot;aperture&quot;:&quot;0&quot;,&quot;credit&quot;:&quot;&quot;,&quot;camera&quot;:&quot;&quot;,&quot;caption&quot;:&quot;&quot;,&quot;created_timestamp&quot;:&quot;0&quot;,&quot;copyright&quot;:&quot;&quot;,&quot;focal_length&quot;:&quot;0&quot;,&quot;iso&quot;:&quot;0&quot;,&quot;shutter_speed&quot;:&quot;0&quot;,&quot;title&quot;:&quot;&quot;,&quot;orientation&quot;:&quot;0&quot;}\" data-image-title=\"image_1.jpg\" data-image-description=\"\" data-image-caption=\"\" data-large-file=\"https:\/\/i0.wp.com\/guialimeira.com.br\/news\/wp-content\/uploads\/2025\/05\/image_1.jpg?fit=696%2C348&amp;ssl=1\" loading=\"lazy\" width=\"696\" height=\"522\" data-id=\"32213\" src=\"https:\/\/i0.wp.com\/guialimeira.com.br\/wp-content\/uploads\/2026\/02\/1771536478_358_Criancas-da-rede-municipal-retornam-as-aulas-e-recebem-novos.jpeg?resize=696%2C522&#038;ssl=1\" alt=\"\" class=\"wp-image-32213\" \/><\/figure>\n<\/figure><\/div>\n<p><br \/>\n<br \/><a href=\"https:\/\/www.cordeiropolis.sp.gov.br\/criancas-da-rede-municipal-retornam-as-aulas-e-recebem-novos-uniformes\/\" rel=\"noopener\">Informa\u00e7\u00f5es Cordeir\u00f3polis <\/a><\/p>\n","protected":false},"excerpt":{"rendered":"<p>Os 3.558 alunos da rede municipal de ensino, infantil e fundamental, retornaram \u00e0s aulas nesta quinta-feira (19). A prefeita Cristina Saad e a secret\u00e1ria de Educa\u00e7\u00e3o, Regiani Dias, acompanharam o in\u00edcio das aulas na Emef Maria Nazareth Stocco Lordello e no CEI Martha Salibe Abrah\u00e3o. Elas entregaram os novos uniformes e materiais escolares \u00e0s crian\u00e7as. [&hellip;]<\/p>\n","protected":false},"author":1,"featured_media":55801,"comment_status":"closed","ping_status":"open","sticky":false,"template":"","format":"standard","meta":{"_jetpack_newsletter_access":"","_jetpack_dont_email_post_to_subs":false,"_jetpack_newsletter_tier_id":0,"_jetpack_memberships_contains_paywalled_content":false,"_mbp_banners":[],"_jetpack_feature_clip_id":0,"_jetpack_memberships_contains_paid_content":false,"footnotes":"","jetpack_publicize_message":"","jetpack_publicize_feature_enabled":true,"jetpack_social_post_already_shared":true,"jetpack_social_options":{"image_generator_settings":{"template":"highway","default_image_id":0,"font":"","enabled":false},"version":2},"jetpack_post_was_ever_published":false},"categories":[20],"tags":[],"class_list":["post-55800","post","type-post","status-publish","format-standard","has-post-thumbnail","category-regiao"],"jetpack_publicize_connections":[],"jetpack-related-posts":[],"jetpack_shortlink":"https:\/\/wp.me\/p7Eq1F-ew0","jetpack_sharing_enabled":true,"jetpack_featured_media_url":"https:\/\/i0.wp.com\/guialimeira.com.br\/news\/wp-content\/uploads\/2026\/02\/Criancas-da-rede-municipal-retornam-as-aulas-e-recebem-novos.jpeg?fit=1024%2C768&ssl=1","_links":{"self":[{"href":"https:\/\/guialimeira.com.br\/news\/wp-json\/wp\/v2\/posts\/55800","targetHints":{"allow":["GET"]}}],"collection":[{"href":"https:\/\/guialimeira.com.br\/news\/wp-json\/wp\/v2\/posts"}],"about":[{"href":"https:\/\/guialimeira.com.br\/news\/wp-json\/wp\/v2\/types\/post"}],"author":[{"embeddable":true,"href":"https:\/\/guialimeira.com.br\/news\/wp-json\/wp\/v2\/users\/1"}],"replies":[{"embeddable":true,"href":"https:\/\/guialimeira.com.br\/news\/wp-json\/wp\/v2\/comments?post=55800"}],"version-history":[{"count":1,"href":"https:\/\/guialimeira.com.br\/news\/wp-json\/wp\/v2\/posts\/55800\/revisions"}],"predecessor-version":[{"id":55802,"href":"https:\/\/guialimeira.com.br\/news\/wp-json\/wp\/v2\/posts\/55800\/revisions\/55802"}],"wp:featuredmedia":[{"embeddable":true,"href":"https:\/\/guialimeira.com.br\/news\/wp-json\/wp\/v2\/media\/55801"}],"wp:attachment":[{"href":"https:\/\/guialimeira.com.br\/news\/wp-json\/wp\/v2\/media?parent=55800"}],"wp:term":[{"taxonomy":"category","embeddable":true,"href":"https:\/\/guialimeira.com.br\/news\/wp-json\/wp\/v2\/categories?post=55800"},{"taxonomy":"post_tag","embeddable":true,"href":"https:\/\/guialimeira.com.br\/news\/wp-json\/wp\/v2\/tags?post=55800"}],"curies":[{"name":"wp","href":"https:\/\/api.w.org\/{rel}","templated":true}]}}