{"id":5579,"date":"2024-05-19T16:52:48","date_gmt":"2024-05-19T19:52:48","guid":{"rendered":"https:\/\/guialimeira.com.br\/2024\/05\/19\/judo-michel-augusto-se-garante-nos-jogos-olimpicos-de-paris\/"},"modified":"2024-05-19T16:52:48","modified_gmt":"2024-05-19T19:52:48","slug":"judo-michel-augusto-se-garante-nos-jogos-olimpicos-de-paris","status":"publish","type":"post","link":"https:\/\/guialimeira.com.br\/news\/judo-michel-augusto-se-garante-nos-jogos-olimpicos-de-paris\/","title":{"rendered":"Jud\u00f4: Michel Augusto se garante nos Jogos Ol\u00edmpicos de Paris"},"content":{"rendered":"<p> <br \/>\n<\/p>\n<div>\n<p>O brasileiro Michel Augusto garantiu neste domingo (19) a classifica\u00e7\u00e3o para a pr\u00f3xima edi\u00e7\u00e3o dos Jogos Ol\u00edmpicos, que ser\u00e3o disputados em Paris (Fran\u00e7a). A vaga veio ap\u00f3s o peso ligeiro cumprir uma boa campanha no primeiro dia do Mundial de jud\u00f4 disputado em Abu Dhabi (Emirados \u00c1rabes).<img data-recalc-dims=\"1\" decoding=\"async\" src=\"https:\/\/i0.wp.com\/agenciabrasil.ebc.com.br\/ebc.png?w=696&#038;ssl=1\" style=\"width:1px; height:1px; display:inline;\"\/><img data-recalc-dims=\"1\" decoding=\"async\" src=\"https:\/\/i0.wp.com\/agenciabrasil.ebc.com.br\/ebc.gif?w=696&#038;ssl=1\" style=\"width:1px; height:1px; display:inline;\"\/><\/p>\n<blockquote class=\"twitter-tweet\">\n<p dir=\"ltr\" lang=\"pt\" xml:lang=\"pt\">O jud\u00f4 masculino vai completo para <a href=\"https:\/\/twitter.com\/hashtag\/Paris2024?src=hash&amp;ref_src=twsrc%5Etfw\" rel=\"noopener\">#Paris2024<\/a>! \ud83e\udd4b\ud83d\udcaa\ud83c\udffc<\/p>\n<p>Michel Augusto ficou em 9\u00ba lugar no Mundial de Abu Dhabi e garantiu a vaga para os Jogos Ol\u00edmpicos! \ud83e\udd29<\/p>\n<p>O atleta de 19 anos ser\u00e1 o representante do <a href=\"https:\/\/twitter.com\/hashtag\/TimeBrasil?src=hash&amp;ref_src=twsrc%5Etfw\" rel=\"noopener\">#TimeBrasil<\/a> na categoria at\u00e9 60kg. \ud83c\udde7\ud83c\uddf7<a href=\"https:\/\/twitter.com\/hashtag\/Jud%C3%B4?src=hash&amp;ref_src=twsrc%5Etfw\" rel=\"noopener\">#Jud\u00f4<\/a> <a href=\"https:\/\/t.co\/OmVf1BwV0Z\">pic.twitter.com\/OmVf1BwV0Z<\/a><\/p>\n<p>\u2014 Time Brasil (@timebrasil) <a href=\"https:\/\/twitter.com\/timebrasil\/status\/1792254880314220653?ref_src=twsrc%5Etfw\" rel=\"noopener\">May 19, 2024<\/a><\/p><\/blockquote>\n<p>O atleta\u00a0de 19 anos de idade\u00a0acumulou 220 pontos no ranking ol\u00edmpico ap\u00f3s vencer duas lutas e parar nas oitavas de final, quando perdeu por ippon para o vice-campe\u00e3o ol\u00edmpico Yeldos Smetov, do Cazaquist\u00e3o.<\/p>\n<p>\u201cEu queria agradecer a todos que torceram por mim. Eu dei o meu melhor aqui no Mundial, mas n\u00e3o foi dessa vez, eu queria ter sa\u00eddo com a medalha, mas sa\u00ed com pontos importantes para conquistar minha vaga ol\u00edmpica\u201d, declarou Michel Augusto.<\/p>\n<p>O atleta do SESI-SP tem entre os principais resultados de sua carreira a medalha de ouro nos Jogos Pan-Americanos de 2023, disputados em Santiago (Chile), o ouro no Campeonato Pan-Americano e Oceania do Rio e a prata no Grand Prix de Portugal 2024.<\/p>\n<\/p><\/div>\n<p><script async src=\"\/\/platform.twitter.com\/widgets.js\" charset=\"utf-8\"><\/script><br \/>\n<br \/><br \/>\n<br \/><a href=\"https:\/\/agenciabrasil.ebc.com.br\/esportes\/noticia\/2024-05\/judo-michel-augusto-se-garante-nos-jogos-olimpicos-de-paris\" rel=\"noopener\">Ag\u00eancia Brasil<\/a><\/p>\n","protected":false},"excerpt":{"rendered":"<p>O brasileiro Michel Augusto garantiu neste domingo (19) a classifica\u00e7\u00e3o para a pr\u00f3xima edi\u00e7\u00e3o dos Jogos Ol\u00edmpicos, que ser\u00e3o disputados em Paris (Fran\u00e7a). A vaga veio ap\u00f3s o peso ligeiro cumprir uma boa campanha no primeiro dia do Mundial de jud\u00f4 disputado em Abu Dhabi (Emirados \u00c1rabes). O jud\u00f4 masculino vai completo para #Paris2024! \ud83e\udd4b\ud83d\udcaa\ud83c\udffc [&hellip;]<\/p>\n","protected":false},"author":1,"featured_media":5580,"comment_status":"open","ping_status":"open","sticky":false,"template":"","format":"standard","meta":{"_jetpack_newsletter_access":"","_jetpack_dont_email_post_to_subs":false,"_jetpack_newsletter_tier_id":0,"_jetpack_memberships_contains_paywalled_content":false,"_mbp_banners":[],"_jetpack_feature_clip_id":0,"_jetpack_memberships_contains_paid_content":false,"footnotes":"","jetpack_publicize_message":"","jetpack_publicize_feature_enabled":true,"jetpack_social_post_already_shared":true,"jetpack_social_options":{"image_generator_settings":{"template":"highway","default_image_id":0,"font":"","enabled":false},"version":2},"jetpack_post_was_ever_published":false},"categories":[23],"tags":[],"class_list":["post-5579","post","type-post","status-publish","format-standard","has-post-thumbnail","category-esportes"],"jetpack_publicize_connections":[],"jetpack-related-posts":[],"jetpack_shortlink":"https:\/\/wp.me\/p7Eq1F-1rZ","jetpack_sharing_enabled":true,"jetpack_featured_media_url":"https:\/\/i0.wp.com\/guialimeira.com.br\/news\/wp-content\/uploads\/2024\/05\/jud_wr_28.10.2023._0406.jpg?fit=1600%2C800&ssl=1","_links":{"self":[{"href":"https:\/\/guialimeira.com.br\/news\/wp-json\/wp\/v2\/posts\/5579","targetHints":{"allow":["GET"]}}],"collection":[{"href":"https:\/\/guialimeira.com.br\/news\/wp-json\/wp\/v2\/posts"}],"about":[{"href":"https:\/\/guialimeira.com.br\/news\/wp-json\/wp\/v2\/types\/post"}],"author":[{"embeddable":true,"href":"https:\/\/guialimeira.com.br\/news\/wp-json\/wp\/v2\/users\/1"}],"replies":[{"embeddable":true,"href":"https:\/\/guialimeira.com.br\/news\/wp-json\/wp\/v2\/comments?post=5579"}],"version-history":[{"count":0,"href":"https:\/\/guialimeira.com.br\/news\/wp-json\/wp\/v2\/posts\/5579\/revisions"}],"wp:featuredmedia":[{"embeddable":true,"href":"https:\/\/guialimeira.com.br\/news\/wp-json\/wp\/v2\/media\/5580"}],"wp:attachment":[{"href":"https:\/\/guialimeira.com.br\/news\/wp-json\/wp\/v2\/media?parent=5579"}],"wp:term":[{"taxonomy":"category","embeddable":true,"href":"https:\/\/guialimeira.com.br\/news\/wp-json\/wp\/v2\/categories?post=5579"},{"taxonomy":"post_tag","embeddable":true,"href":"https:\/\/guialimeira.com.br\/news\/wp-json\/wp\/v2\/tags?post=5579"}],"curies":[{"name":"wp","href":"https:\/\/api.w.org\/{rel}","templated":true}]}}