{"id":55743,"date":"2026-02-19T10:27:58","date_gmt":"2026-02-19T13:27:58","guid":{"rendered":"https:\/\/guialimeira.com.br\/autor-da-lei-do-alzheimer-dr-marcelo-rossi-levara-conscientizacao-sobre-envelhecimento-na-fca-unicamp\/"},"modified":"2026-02-19T10:27:58","modified_gmt":"2026-02-19T13:27:58","slug":"autor-da-lei-do-alzheimer-dr-marcelo-rossi-levara-conscientizacao-sobre-envelhecimento-na-fca-unicamp","status":"publish","type":"post","link":"https:\/\/guialimeira.com.br\/news\/autor-da-lei-do-alzheimer-dr-marcelo-rossi-levara-conscientizacao-sobre-envelhecimento-na-fca-unicamp\/","title":{"rendered":"Autor da Lei do Alzheimer, Dr. Marcelo Rossi levar\u00e1 conscientiza\u00e7\u00e3o sobre envelhecimento na FCA\/Unicamp"},"content":{"rendered":"<p><img data-recalc-dims=\"1\" decoding=\"async\" src=\"https:\/\/i0.wp.com\/www.limeira.sp.leg.br\/assets\/uploads\/noticia\/2026-02-19_autor-da-lei-do-alzheimer-dr-marcelo-rossi-levara-conscientizacao-sobre-envelhecimento-na-fcaunicamp_3.jpg?w=696&#038;ssl=1\" alt=\"Autor da Lei do Alzheimer, Dr. Marcelo Rossi levar\u00e1 conscientiza\u00e7\u00e3o sobre envelhecimento na FCA\/Unicamp\" \/><\/p>\n<p>Autor da Lei do Alzheimer, Dr. Marcelo Rossi levar\u00e1 conscientiza\u00e7\u00e3o sobre envelhecimento na FCA\/Unicamp<\/p>\n<p><a href=\"https:\/\/www.limeira.sp.leg.br\/noticias\/view\/2026-02-19_autor-da-lei-do-alzheimer-dr-marcelo-rossi-levara-conscientizacao-sobre-envelhecimento-na-fcaunicamp\" rel=\"noopener\">Exibir artigo<\/a><\/p>\n<p><a href=\"https:\/\/www.limeira.sp.leg.br\/noticias\/view\/2026-02-19_autor-da-lei-do-alzheimer-dr-marcelo-rossi-levara-conscientizacao-sobre-envelhecimento-na-fcaunicamp\" target=\"_blank\" rel=\"noopener\">Read original article<\/a><\/p>\n","protected":false},"excerpt":{"rendered":"<p><img decoding=\"async\" src=\"https:\/\/www.limeira.sp.leg.br\/assets\/uploads\/noticia\/2026-02-19_autor-da-lei-do-alzheimer-dr-marcelo-rossi-levara-conscientizacao-sobre-envelhecimento-na-fcaunicamp_3.jpg\" alt=\"Autor da Lei do Alzheimer, Dr. Marcelo Rossi levar\u00e1 conscientiza\u00e7\u00e3o sobre envelhecimento na FCA\/Unicamp\" \/><\/p>\n<p>Autor da Lei do Alzheimer, Dr. Marcelo Rossi levar\u00e1 conscientiza\u00e7\u00e3o sobre envelhecimento na FCA\/Unicamp<\/p>\n<p><a href=\"https:\/\/www.limeira.sp.leg.br\/noticias\/view\/2026-02-19_autor-da-lei-do-alzheimer-dr-marcelo-rossi-levara-conscientizacao-sobre-envelhecimento-na-fcaunicamp\">Exibir artigo<\/a><\/p>\n","protected":false},"author":4,"featured_media":0,"comment_status":"","ping_status":"open","sticky":false,"template":"","format":"standard","meta":{"_jetpack_newsletter_access":"","_jetpack_dont_email_post_to_subs":false,"_jetpack_newsletter_tier_id":0,"_jetpack_memberships_contains_paywalled_content":false,"_mbp_banners":[],"_jetpack_feature_clip_id":0,"_jetpack_memberships_contains_paid_content":false,"footnotes":"","jetpack_publicize_message":"","jetpack_publicize_feature_enabled":true,"jetpack_social_post_already_shared":true,"jetpack_social_options":{"image_generator_settings":{"template":"highway","default_image_id":0,"font":"","enabled":false},"version":2},"jetpack_post_was_ever_published":false},"categories":[1],"tags":[],"class_list":["post-55743","post","type-post","status-publish","format-standard","category-geral"],"jetpack_publicize_connections":[],"jetpack-related-posts":[],"jetpack_shortlink":"https:\/\/wp.me\/p7Eq1F-ev5","jetpack_sharing_enabled":true,"jetpack_featured_media_url":"","_links":{"self":[{"href":"https:\/\/guialimeira.com.br\/news\/wp-json\/wp\/v2\/posts\/55743","targetHints":{"allow":["GET"]}}],"collection":[{"href":"https:\/\/guialimeira.com.br\/news\/wp-json\/wp\/v2\/posts"}],"about":[{"href":"https:\/\/guialimeira.com.br\/news\/wp-json\/wp\/v2\/types\/post"}],"author":[{"embeddable":true,"href":"https:\/\/guialimeira.com.br\/news\/wp-json\/wp\/v2\/users\/4"}],"replies":[{"embeddable":true,"href":"https:\/\/guialimeira.com.br\/news\/wp-json\/wp\/v2\/comments?post=55743"}],"version-history":[{"count":0,"href":"https:\/\/guialimeira.com.br\/news\/wp-json\/wp\/v2\/posts\/55743\/revisions"}],"wp:attachment":[{"href":"https:\/\/guialimeira.com.br\/news\/wp-json\/wp\/v2\/media?parent=55743"}],"wp:term":[{"taxonomy":"category","embeddable":true,"href":"https:\/\/guialimeira.com.br\/news\/wp-json\/wp\/v2\/categories?post=55743"},{"taxonomy":"post_tag","embeddable":true,"href":"https:\/\/guialimeira.com.br\/news\/wp-json\/wp\/v2\/tags?post=55743"}],"curies":[{"name":"wp","href":"https:\/\/api.w.org\/{rel}","templated":true}]}}