{"id":556,"date":"2024-03-30T10:49:48","date_gmt":"2024-03-30T13:49:48","guid":{"rendered":"https:\/\/guialimeira.com.br\/2024\/03\/30\/festival-de-cinema-leva-producoes-brasileiras-a-paris\/"},"modified":"2024-03-30T10:49:48","modified_gmt":"2024-03-30T13:49:48","slug":"festival-de-cinema-leva-producoes-brasileiras-a-paris","status":"publish","type":"post","link":"https:\/\/guialimeira.com.br\/news\/festival-de-cinema-leva-producoes-brasileiras-a-paris\/","title":{"rendered":"Festival de Cinema leva produ\u00e7\u00f5es brasileiras a\u00a0Paris"},"content":{"rendered":"<p> <br \/>\n<\/p>\n<div>\n<p>Acontece at\u00e9 a pr\u00f3xima ter\u00e7a-feira (2) o 26\u00ba Festival de Cinema Brasileiro em Paris, na capital francesa. O evento deste ano homenageia o ator e diretor Ant\u00f4nio Pitanga, \u00edcone do cinema brasileiro. Ao todo, 30 produ\u00e7\u00f5es nacionais ser\u00e3o exibidas durante o festival, que ocorre no renomado cinema de arte L\u2019Arlequin.<img data-recalc-dims=\"1\" decoding=\"async\" src=\"https:\/\/i0.wp.com\/agenciabrasil.ebc.com.br\/ebc.png?w=696&#038;ssl=1\" style=\"width:1px; height:1px; display:inline;\"\/><img data-recalc-dims=\"1\" decoding=\"async\" src=\"https:\/\/i0.wp.com\/agenciabrasil.ebc.com.br\/ebc.gif?w=696&#038;ssl=1\" style=\"width:1px; height:1px; display:inline;\"\/><\/p>\n<p>Os parisienses, turistas ou brasileiros que estejam em Paris interessados em conhecer o Brasil pelas telas do cinema poder\u00e3o conferir filmes legendados em franc\u00eas que retratam desde a disputa pol\u00edtica eleitoral no pa\u00eds at\u00e9 os que retratam a Floresta Amaz\u00f4nica por dentro. O document\u00e1rio <em>No C\u00e9u da P\u00e1tria Nesse Instante<\/em>, de Sandra Kogut, conta como foi a elei\u00e7\u00e3o de outubro de 2022 at\u00e9 o dia 8 de janeiro de 2023. J\u00e1 o document\u00e1rio <em>A Inven\u00e7\u00e3o do Outro<\/em>, de Bruno Jorge, mostra uma expedi\u00e7\u00e3o liderada por Bruno Pereira em busca de estabelecer contato com ind\u00edgenas isolados.<\/p>\n<p>Parte do Brasil tamb\u00e9m ser\u00e1 exibida em Paris por meio de um document\u00e1rio que conta a hist\u00f3ria da cena de funk, soul, rap e pagode, entre outros ritmos, que marcaram a vida paulistana nas d\u00e9cadas de 1970 e 1980. O filme <em>Chic Show<\/em>, de Em\u00edlio Domingo e Felipe Giuntini, conta a hist\u00f3ria do baile Chic Show, que recebeu artistas como Tim Maia, Gilberto Gil, Kurtis Blow, Betty Wright e at\u00e9 James Brown.<\/p>\n<p>Outro filme que retrata o Brasil \u00e9 <em>Mussum, o Filmis<\/em>, de Silvio Guindane, que conta a hist\u00f3ria do humorista Ant\u00f4nio Carlos Bernardes Gomes, o Mussum, dos Trapalh\u00f5es. O festival exibiu ainda o document\u00e1rio <em>Nas Ondas de Dorival Caymmi<\/em>, de Locca Faria, que revela a cria\u00e7\u00e3o das obras musicais do baiano Dorival Caymmi. J\u00e1 a fic\u00e7\u00e3o <em>Meu Nome \u00e9 Gal<\/em>, de Dandara Ferreira e L\u00f4 Politi, conta a hist\u00f3ria do movimento Tropic\u00e1lia e como ele transformou a m\u00fasica brasileira.<\/p>\n<p>Outra obra exibida \u00e9 o document\u00e1rio <em>Utopia Tropical<\/em>, de Jo\u00e3o Amorim, feito a partir de uma conversa entre o linguista e escritor estadunidense Noam Chomsky e o atual assessor internacional da Presid\u00eancia da Rep\u00fablica, o embaixador e ex-ministro Celso Amorim. Na conversa, ambos discutem a ascens\u00e3o e queda dos governos de esquerda na Am\u00e9rica Latina nos \u00faltimos anos.<\/p>\n<p>J\u00e1 os filmes de fic\u00e7\u00e3o que est\u00e3o na mostra competitiva do festival s\u00e3o: <em>Sem Cora\u00e7\u00e3o<\/em>, de Nara Normande e Ti\u00e3o, <em>Bet\u00e2nia<\/em>, de Marcelo Botta, <em>Nosso Sonho<\/em>, de Eduardo Albergaria, <em>Ped\u00e1gio<\/em>, de Carolina Markowicz, <em>P\u00e9rola<\/em>, de Murilo Ben\u00edcio, <em>Saudade Fez Morada Aqui Dentro<\/em>, de Haroldo Borges, <em>A Batalha da Rua Maria Ant\u00f4nia<\/em>, de Vera Egito e <em>O Diabo na Rua no Meio do Redemunho<\/em>, de Bia Lessa.<\/p>\n<p><a href=\"https:\/\/www.jangada.org\/festival-events-pt\/festival-du-cinema-bresilien-de-paris-26\" rel=\"noopener\">Confira a programa\u00e7\u00e3o completa aqui.<\/a><\/p>\n<p>A ministra da Cultura, Margareth Menezes, destacou que o Festival \u00e9 fundamental para ampliar a visibilidade dos filmes e dos artistas brasileiros no cen\u00e1rio internacional. \u201cNesta edi\u00e7\u00e3o do festival de Paris, que tem o Pitanga como homenageado, o p\u00fablico vai viver uma experi\u00eancia cinematogr\u00e1fica \u00fanica, marcada pela qualidade e originalidade de nossas produ\u00e7\u00f5es&#8221;, destacou.<\/p>\n<p>Para a produtora Ana Arruda, da S\u00e9tima Cinema, empresa especializada em exibi\u00e7\u00e3o e distribui\u00e7\u00e3o de projetos de coopera\u00e7\u00e3o internacional, em especial, entre Brasil e Fran\u00e7a, o Festival \u00e9 uma vitrine hist\u00f3rica para os filmes brasileiros. \u201c\u00c9 um festival importante para mostrar como o Brasil \u00e9 bem maior, bem mais amplo do que tr\u00eas obras de refer\u00eancia, tr\u00eas cl\u00e1ssicos que foram mais reconhecidos em outras d\u00e9cadas. Em termos de mercado, aquece bastante para a coprodu\u00e7\u00e3o, \u00e9 um ponto de encontro tamb\u00e9m onde distribuidores, produtoras v\u00e3o para buscar os talentos, para ter um contato direto com artistas brasileiros\u201d, diz.<\/p>\n<h2>Homenageado<\/h2>\n<p>O 26\u00ba Festival de Cinema Brasileiro em Paris homenageia Antonio Pitanga. \u201cFigura importante do cinema brasileiro, j\u00e1 atuou em mais de 70 filmes, e em sua rica e longa carreira colaborou com diretores emblem\u00e1ticos do Cinema Novo como Glauber Rocha, figura central do movimento. A homenagem que lhe ser\u00e1 prestada este ano oferecer\u00e1 ao p\u00fablico a oportunidade de conhecer uma sele\u00e7\u00e3o dos filmes mais significativos da sua carreira\u201d, destaca a organiza\u00e7\u00e3o do evento.<\/p>\n<p>Entre os filmes da carreira de Antonio Pitanga transmitidos em Paris, est\u00e3o: <em>Barravento<\/em>, de Glauber Rocha, <em>Na Boca do Mundo<\/em>, primeiro filme dirigido por Pitanga de 1979, al\u00e9m de <em>Ladr\u00f5es de Cinema<\/em>, de Fernando Coni Campos, <em>Casa de Antiguidade<\/em>, de Jo\u00e3o Paulo de Miranda Maria e <em>Pitanga<\/em>, document\u00e1rio sobre o ator dirigido por sua filha, a tamb\u00e9m atriz Camila Pitanga.<\/p>\n<p>\u201cSua trajet\u00f3ria de mais de cinco d\u00e9cadas \u00e9 marcada por interpreta\u00e7\u00f5es memor\u00e1veis e pela participa\u00e7\u00e3o em filmes que se tornaram refer\u00eancias no cen\u00e1rio cinematogr\u00e1fico nacional e internacional\u201d, exaltou a ministra da Cultura, Margareth Menezes.<\/p>\n<\/p><\/div>\n<p><br \/>\n<br \/><a href=\"https:\/\/agenciabrasil.ebc.com.br\/geral\/noticia\/2024-03\/festival-de-cinema-leva-producoes-brasileiras-paris\" rel=\"noopener\">Ag\u00eancia Brasil<\/a><\/p>\n","protected":false},"excerpt":{"rendered":"<p>Acontece at\u00e9 a pr\u00f3xima ter\u00e7a-feira (2) o 26\u00ba Festival de Cinema Brasileiro em Paris, na capital francesa. O evento deste ano homenageia o ator e diretor Ant\u00f4nio Pitanga, \u00edcone do cinema brasileiro. Ao todo, 30 produ\u00e7\u00f5es nacionais ser\u00e3o exibidas durante o festival, que ocorre no renomado cinema de arte L\u2019Arlequin. Os parisienses, turistas ou brasileiros [&hellip;]<\/p>\n","protected":false},"author":1,"featured_media":557,"comment_status":"open","ping_status":"open","sticky":false,"template":"","format":"standard","meta":{"_jetpack_newsletter_access":"","_jetpack_dont_email_post_to_subs":false,"_jetpack_newsletter_tier_id":0,"_jetpack_memberships_contains_paywalled_content":false,"_mbp_banners":[],"_jetpack_feature_clip_id":0,"_jetpack_memberships_contains_paid_content":false,"footnotes":"","jetpack_publicize_message":"","jetpack_publicize_feature_enabled":true,"jetpack_social_post_already_shared":true,"jetpack_social_options":{"image_generator_settings":{"template":"highway","default_image_id":0,"font":"","enabled":false},"version":2},"jetpack_post_was_ever_published":false},"categories":[1],"tags":[],"class_list":["post-556","post","type-post","status-publish","format-standard","has-post-thumbnail","category-geral"],"jetpack_publicize_connections":[],"jetpack-related-posts":[],"jetpack_shortlink":"https:\/\/wp.me\/p7Eq1F-8Y","jetpack_sharing_enabled":true,"jetpack_featured_media_url":"https:\/\/i0.wp.com\/guialimeira.com.br\/news\/wp-content\/uploads\/2024\/03\/53438481174_28d6e71fca_4k_0.jpg?fit=1600%2C800&ssl=1","_links":{"self":[{"href":"https:\/\/guialimeira.com.br\/news\/wp-json\/wp\/v2\/posts\/556","targetHints":{"allow":["GET"]}}],"collection":[{"href":"https:\/\/guialimeira.com.br\/news\/wp-json\/wp\/v2\/posts"}],"about":[{"href":"https:\/\/guialimeira.com.br\/news\/wp-json\/wp\/v2\/types\/post"}],"author":[{"embeddable":true,"href":"https:\/\/guialimeira.com.br\/news\/wp-json\/wp\/v2\/users\/1"}],"replies":[{"embeddable":true,"href":"https:\/\/guialimeira.com.br\/news\/wp-json\/wp\/v2\/comments?post=556"}],"version-history":[{"count":0,"href":"https:\/\/guialimeira.com.br\/news\/wp-json\/wp\/v2\/posts\/556\/revisions"}],"wp:featuredmedia":[{"embeddable":true,"href":"https:\/\/guialimeira.com.br\/news\/wp-json\/wp\/v2\/media\/557"}],"wp:attachment":[{"href":"https:\/\/guialimeira.com.br\/news\/wp-json\/wp\/v2\/media?parent=556"}],"wp:term":[{"taxonomy":"category","embeddable":true,"href":"https:\/\/guialimeira.com.br\/news\/wp-json\/wp\/v2\/categories?post=556"},{"taxonomy":"post_tag","embeddable":true,"href":"https:\/\/guialimeira.com.br\/news\/wp-json\/wp\/v2\/tags?post=556"}],"curies":[{"name":"wp","href":"https:\/\/api.w.org\/{rel}","templated":true}]}}